{"id":118154,"date":"2023-12-15T23:20:15","date_gmt":"2023-12-16T05:20:15","guid":{"rendered":"https:\/\/diariolanoticia.com.mx\/?p=118154"},"modified":"2023-12-15T23:20:17","modified_gmt":"2023-12-16T05:20:17","slug":"rindio-protesta-luis-antonio-ramirez-como-presidente-del-consejo-estatal-contra-la-trata-de-personas","status":"publish","type":"post","link":"https:\/\/diariolanoticia.com.mx\/?p=118154","title":{"rendered":"RINDI\u00d3 PROTESTA LUIS ANTONIO RAM\u00cdREZ COMO PRESIDENTE DEL CONSEJO ESTATAL CONTRA LA TRATA DE PERSONAS"},"content":{"rendered":"\n<p>\u2022 Las experiencias y los esfuerzos previos han sido clave para el \u00e9xito en la lucha contra la trata de personas: LARH En el marco de la tercera sesi\u00f3n extraordinaria del Consejo Estatal contra la Trata de Personas, el secretario de Gobierno, Luis Antonio Ram\u00edrez Hern\u00e1ndez, rindi\u00f3 protesta como presidente del organismo. Ante los integrantes, refrend\u00f3 el compromiso del gobierno del estado que encabeza la mandataria Lorena Cu\u00e9llar Cisneros para abordar la problem\u00e1tica con determinaci\u00f3n y coordinaci\u00f3n efectiva.\u201cReconocemos avances notorios, identificamos formas de enganche, elementos de identificaci\u00f3n a v\u00edctimas y lugares con mayor flujo de estas. La cartilla de prevenci\u00f3n de delitos en materia de trata de personas aprobadas en el consejo es un paso significativo que hemos dado\u201d.En el Sal\u00f3n Rojo de palacio de gobierno, el tambi\u00e9n encargado de la pol\u00edtica interna, enfatiz\u00f3 que la Ley General para Prevenir, Sancionar y Erradicar los Delitos en Materia de trata de personas y para la protecci\u00f3n y asistencia de las v\u00edctimas de estos delitos, define la gravedad de la problem\u00e1tica, por lo que requiere atenci\u00f3n urgente y acciones concretas.\u201cLos datos actuales a nivel mundial revelan la magnitud del desaf\u00edo que enfrentamos. La trata de personas no solo toca nuestras comunidades, se enra\u00edza en ellas y es nuestro deber enfrentar esta amenaza a la dignidad y a los derechos fundamentales de cada individuo. No podemos dar la espalda a la cruda realidad\u201d.Abund\u00f3 que, desde el inicio de la administraci\u00f3n, se trabaj\u00f3 de manera interinstitucional con acciones coordinadas y las experiencias y los esfuerzos previos han sido clave para el \u00e9xito en la lucha contra la trata de personas. Asumi\u00f3 que en su nuevo encargo, rendir\u00e1 resultados a la altura de los valores instituidos por la gobernadora y que la Declaratoria de Alerta de Violencia de G\u00e9nero Contra las Mujeres (AVGM) ser\u00e1 una gu\u00eda de trabajo, \u201csus recomendaciones, no son meras directrices, son el mapa que nos conducir\u00e1 hacia el futuro donde la trata de personas donde el tema de trata sea un tema del pasado\u201d.Finalmente consider\u00f3 que los resultados y actividades deben conocerlos la ciudadan\u00eda a quienes conmin\u00f3 a que se acerquen a las instancias del gobierno y a los tres poderes que tienen las puertas abiertas, as\u00ed como la Comisi\u00f3n Estatal de Derechos Humanos (CEDHT).Mencion\u00f3 a municipios como Chiautempan, Tenancingo, Teolocholco, Tlaxcala, San Pablo del Monte, Santa Cruz Tlaxcala y Acuamanala donde la explotaci\u00f3n afecta.En la sesi\u00f3n se conocieron los avances de la agenda anual de trabajo 2023 en el marco del programa estatal contra la trata de personas con fines de explotaci\u00f3n sexual en ni\u00f1as y mujeres 2022 \u2013 2027, y el informe colaborativo por parte de la Secretar\u00eda de Seguridad Ciudadana (SSC) con la Comisi\u00f3n Intersecretarial para prevenir sancionar y erradicar los Delitos en Materia de trata de personas sobre las acciones proactivas realizadas en la entidad.Participaron, la presidenta de la Comisi\u00f3n de Igualdad de G\u00e9nero y contra la trata del Congreso local, Lorena Ruiz Garc\u00eda; el secretario del consejo y titular de la SSC, Alberto Perea Marrufo; la magistrada presidente del Tribunal Superior de Justicia (TSJE) y del Consejo de la Judicatura, Mary Cruz Cort\u00e9s Ornelas; as\u00ed como la presidenta de la Comisi\u00f3n Estatal de Derechos Humanos de Tlaxcala (CEDHT), Jackeline Ordo\u00f1ez Brasdefer, entre otras autoridades.<\/p>\n","protected":false},"excerpt":{"rendered":"<p>\u2022 Las experiencias y los esfuerzos previos han sido clave para el \u00e9xito en la lucha contra la trata de personas: LARH En el marco de la tercera sesi\u00f3n extraordinaria del Consejo Estatal contra la Trata de Personas, el secretario de Gobierno, Luis Antonio Ram\u00edrez Hern\u00e1ndez, rindi\u00f3 protesta como presidente del organismo. Ante los integrantes, [&hellip;]<\/p>\n","protected":false},"author":1,"featured_media":118155,"comment_status":"open","ping_status":"open","sticky":false,"template":"","format":"standard","meta":{"footnotes":""},"categories":[21],"tags":[],"class_list":["post-118154","post","type-post","status-publish","format-standard","has-post-thumbnail","hentry","category-estatal"],"blog_post_layout_featured_media_urls":{"thumbnail":["https:\/\/diariolanoticia.com.mx\/wp-content\/uploads\/2023\/12\/410514364_859617646171603_446309415725318399_n-216x160.jpg",216,160,true],"full":["https:\/\/diariolanoticia.com.mx\/wp-content\/uploads\/2023\/12\/410514364_859617646171603_446309415725318399_n.jpg",1024,683,false]},"categories_names":{"21":{"name":"Estatal","link":"https:\/\/diariolanoticia.com.mx\/?cat=21"}},"tags_names":[],"comments_number":"0","wpmagazine_modules_lite_featured_media_urls":{"thumbnail":["https:\/\/diariolanoticia.com.mx\/wp-content\/uploads\/2023\/12\/410514364_859617646171603_446309415725318399_n-216x160.jpg",216,160,true],"cvmm-medium":["https:\/\/diariolanoticia.com.mx\/wp-content\/uploads\/2023\/12\/410514364_859617646171603_446309415725318399_n-300x300.jpg",300,300,true],"cvmm-medium-plus":["https:\/\/diariolanoticia.com.mx\/wp-content\/uploads\/2023\/12\/410514364_859617646171603_446309415725318399_n-305x207.jpg",305,207,true],"cvmm-portrait":["https:\/\/diariolanoticia.com.mx\/wp-content\/uploads\/2023\/12\/410514364_859617646171603_446309415725318399_n-400x600.jpg",400,600,true],"cvmm-medium-square":["https:\/\/diariolanoticia.com.mx\/wp-content\/uploads\/2023\/12\/410514364_859617646171603_446309415725318399_n-600x600.jpg",600,600,true],"cvmm-large":["https:\/\/diariolanoticia.com.mx\/wp-content\/uploads\/2023\/12\/410514364_859617646171603_446309415725318399_n.jpg",1024,683,false],"cvmm-small":["https:\/\/diariolanoticia.com.mx\/wp-content\/uploads\/2023\/12\/410514364_859617646171603_446309415725318399_n-130x95.jpg",130,95,true],"full":["https:\/\/diariolanoticia.com.mx\/wp-content\/uploads\/2023\/12\/410514364_859617646171603_446309415725318399_n.jpg",1024,683,false]},"_links":{"self":[{"href":"https:\/\/diariolanoticia.com.mx\/index.php?rest_route=\/wp\/v2\/posts\/118154","targetHints":{"allow":["GET"]}}],"collection":[{"href":"https:\/\/diariolanoticia.com.mx\/index.php?rest_route=\/wp\/v2\/posts"}],"about":[{"href":"https:\/\/diariolanoticia.com.mx\/index.php?rest_route=\/wp\/v2\/types\/post"}],"author":[{"embeddable":true,"href":"https:\/\/diariolanoticia.com.mx\/index.php?rest_route=\/wp\/v2\/users\/1"}],"replies":[{"embeddable":true,"href":"https:\/\/diariolanoticia.com.mx\/index.php?rest_route=%2Fwp%2Fv2%2Fcomments&post=118154"}],"version-history":[{"count":1,"href":"https:\/\/diariolanoticia.com.mx\/index.php?rest_route=\/wp\/v2\/posts\/118154\/revisions"}],"predecessor-version":[{"id":118156,"href":"https:\/\/diariolanoticia.com.mx\/index.php?rest_route=\/wp\/v2\/posts\/118154\/revisions\/118156"}],"wp:featuredmedia":[{"embeddable":true,"href":"https:\/\/diariolanoticia.com.mx\/index.php?rest_route=\/wp\/v2\/media\/118155"}],"wp:attachment":[{"href":"https:\/\/diariolanoticia.com.mx\/index.php?rest_route=%2Fwp%2Fv2%2Fmedia&parent=118154"}],"wp:term":[{"taxonomy":"category","embeddable":true,"href":"https:\/\/diariolanoticia.com.mx\/index.php?rest_route=%2Fwp%2Fv2%2Fcategories&post=118154"},{"taxonomy":"post_tag","embeddable":true,"href":"https:\/\/diariolanoticia.com.mx\/index.php?rest_route=%2Fwp%2Fv2%2Ftags&post=118154"}],"curies":[{"name":"wp","href":"https:\/\/api.w.org\/{rel}","templated":true}]}}