{"id":118272,"date":"2023-12-20T12:39:29","date_gmt":"2023-12-20T18:39:29","guid":{"rendered":"https:\/\/diariolanoticia.com.mx\/?p=118272"},"modified":"2023-12-20T12:39:30","modified_gmt":"2023-12-20T18:39:30","slug":"la-villa-navidena-te-espera-en-estas-vacaciones","status":"publish","type":"post","link":"https:\/\/diariolanoticia.com.mx\/?p=118272","title":{"rendered":"LA VILLA NAVIDE\u00d1A TE ESPERA EN ESTAS VACACIONES"},"content":{"rendered":"\n<p><br>\u2022 Tlaxcala se encuentra lista para recibir a vacacionistas en esta temporada<\/p>\n\n\n\n<p><br>El gobierno del estado, a trav\u00e9s de la Secretar\u00eda de Turismo (Sectur), tiene preparadas diversas actividades para quienes decidan visitar a la entidad durante la \u00e9poca de las fiestas decembrinas, las cuales se caracterizan por el clima fr\u00edo, la convivencia familiar y de amigos.<\/p>\n\n\n\n<p><br>La titular de la Sectur, Josefina Rodr\u00edguez Zamora, mencion\u00f3 que la Villa Navide\u00f1a establecida en el recinto ferial es una opci\u00f3n; ah\u00ed, los asistentes encontrar\u00e1n expositores que comercializan art\u00edculos navide\u00f1os, juegos mec\u00e1nicos, antojitos, grandes espect\u00e1culos y mucha diversi\u00f3n.<\/p>\n\n\n\n<figure class=\"wp-block-gallery columns-3 is-cropped wp-block-gallery-1 is-layout-flex wp-block-gallery-is-layout-flex\"><ul class=\"blocks-gallery-grid\"><li class=\"blocks-gallery-item\"><figure><img loading=\"lazy\" decoding=\"async\" width=\"526\" height=\"526\" src=\"https:\/\/diariolanoticia.com.mx\/wp-content\/uploads\/2023\/12\/WhatsApp-Image-2023-12-20-at-12.23.34-1.jpeg\" alt=\"\" data-id=\"118274\" data-full-url=\"https:\/\/diariolanoticia.com.mx\/wp-content\/uploads\/2023\/12\/WhatsApp-Image-2023-12-20-at-12.23.34-1.jpeg\" data-link=\"https:\/\/diariolanoticia.com.mx\/?attachment_id=118274\" class=\"wp-image-118274\" srcset=\"https:\/\/diariolanoticia.com.mx\/wp-content\/uploads\/2023\/12\/WhatsApp-Image-2023-12-20-at-12.23.34-1.jpeg 526w, https:\/\/diariolanoticia.com.mx\/wp-content\/uploads\/2023\/12\/WhatsApp-Image-2023-12-20-at-12.23.34-1-300x300.jpeg 300w\" sizes=\"auto, (max-width: 526px) 100vw, 526px\" \/><\/figure><\/li><li class=\"blocks-gallery-item\"><figure><img loading=\"lazy\" decoding=\"async\" width=\"526\" height=\"526\" src=\"https:\/\/diariolanoticia.com.mx\/wp-content\/uploads\/2023\/12\/WhatsApp-Image-2023-12-20-at-12.23.34.jpeg\" alt=\"\" data-id=\"118275\" data-full-url=\"https:\/\/diariolanoticia.com.mx\/wp-content\/uploads\/2023\/12\/WhatsApp-Image-2023-12-20-at-12.23.34.jpeg\" data-link=\"https:\/\/diariolanoticia.com.mx\/?attachment_id=118275\" class=\"wp-image-118275\" srcset=\"https:\/\/diariolanoticia.com.mx\/wp-content\/uploads\/2023\/12\/WhatsApp-Image-2023-12-20-at-12.23.34.jpeg 526w, https:\/\/diariolanoticia.com.mx\/wp-content\/uploads\/2023\/12\/WhatsApp-Image-2023-12-20-at-12.23.34-300x300.jpeg 300w\" sizes=\"auto, (max-width: 526px) 100vw, 526px\" \/><\/figure><\/li><li class=\"blocks-gallery-item\"><figure><img loading=\"lazy\" decoding=\"async\" width=\"526\" height=\"526\" src=\"https:\/\/diariolanoticia.com.mx\/wp-content\/uploads\/2023\/12\/WhatsApp-Image-2023-12-20-at-12.23.33-2.jpeg\" alt=\"\" data-id=\"118276\" data-full-url=\"https:\/\/diariolanoticia.com.mx\/wp-content\/uploads\/2023\/12\/WhatsApp-Image-2023-12-20-at-12.23.33-2.jpeg\" data-link=\"https:\/\/diariolanoticia.com.mx\/?attachment_id=118276\" class=\"wp-image-118276\" srcset=\"https:\/\/diariolanoticia.com.mx\/wp-content\/uploads\/2023\/12\/WhatsApp-Image-2023-12-20-at-12.23.33-2.jpeg 526w, https:\/\/diariolanoticia.com.mx\/wp-content\/uploads\/2023\/12\/WhatsApp-Image-2023-12-20-at-12.23.33-2-300x300.jpeg 300w\" sizes=\"auto, (max-width: 526px) 100vw, 526px\" \/><\/figure><\/li><\/ul><\/figure>\n\n\n\n<p><br>Record\u00f3 que al interior del Lienzo Charro \u201cAdolfo L\u00f3pez Mateos\u201d hay diariamente dos funciones gratuitas del show internacional de patinaje \u201cLa magia del hielo\u201d, a las 18:00 y 20:00 horas, en el que participan m\u00e1s de 20 acr\u00f3batas que representan fragmentos de obras cl\u00e1sicas como el \u201cRey Le\u00f3n\u201d, \u201cCats\u201d, y \u201cEl Fantasma de la \u00d3pera\u201d.<\/p>\n\n\n\n<p><br>Adem\u00e1s, los visitantes pueden disfrutar todos los d\u00edas de un desfile navide\u00f1o, paseos en tren, la iluminaci\u00f3n navide\u00f1a, un nacimiento monumental en exhibici\u00f3n y la presencia de los tres Reyes Magos.<\/p>\n\n\n\n<figure class=\"wp-block-gallery columns-2 is-cropped wp-block-gallery-2 is-layout-flex wp-block-gallery-is-layout-flex\"><ul class=\"blocks-gallery-grid\"><li class=\"blocks-gallery-item\"><figure><img loading=\"lazy\" decoding=\"async\" width=\"526\" height=\"526\" src=\"https:\/\/diariolanoticia.com.mx\/wp-content\/uploads\/2023\/12\/WhatsApp-Image-2023-12-20-at-12.23.33-1.jpeg\" alt=\"\" data-id=\"118277\" data-full-url=\"https:\/\/diariolanoticia.com.mx\/wp-content\/uploads\/2023\/12\/WhatsApp-Image-2023-12-20-at-12.23.33-1.jpeg\" data-link=\"https:\/\/diariolanoticia.com.mx\/?attachment_id=118277\" class=\"wp-image-118277\" srcset=\"https:\/\/diariolanoticia.com.mx\/wp-content\/uploads\/2023\/12\/WhatsApp-Image-2023-12-20-at-12.23.33-1.jpeg 526w, https:\/\/diariolanoticia.com.mx\/wp-content\/uploads\/2023\/12\/WhatsApp-Image-2023-12-20-at-12.23.33-1-300x300.jpeg 300w\" sizes=\"auto, (max-width: 526px) 100vw, 526px\" \/><\/figure><\/li><li class=\"blocks-gallery-item\"><figure><img loading=\"lazy\" decoding=\"async\" width=\"526\" height=\"526\" src=\"https:\/\/diariolanoticia.com.mx\/wp-content\/uploads\/2023\/12\/WhatsApp-Image-2023-12-20-at-12.23.33.jpeg\" alt=\"\" data-id=\"118278\" data-full-url=\"https:\/\/diariolanoticia.com.mx\/wp-content\/uploads\/2023\/12\/WhatsApp-Image-2023-12-20-at-12.23.33.jpeg\" data-link=\"https:\/\/diariolanoticia.com.mx\/?attachment_id=118278\" class=\"wp-image-118278\" srcset=\"https:\/\/diariolanoticia.com.mx\/wp-content\/uploads\/2023\/12\/WhatsApp-Image-2023-12-20-at-12.23.33.jpeg 526w, https:\/\/diariolanoticia.com.mx\/wp-content\/uploads\/2023\/12\/WhatsApp-Image-2023-12-20-at-12.23.33-300x300.jpeg 300w\" sizes=\"auto, (max-width: 526px) 100vw, 526px\" \/><\/figure><\/li><\/ul><\/figure>\n\n\n\n<p><br>El pr\u00f3ximo 21 de diciembre a las 17:00 horas en la Plaza del Mariachi se realizar\u00e1 la tercera posada, y este 20 de diciembre en el domo se realizar\u00e1 el tercer baile navide\u00f1o.<\/p>\n\n\n\n<p><br>La Villa Navide\u00f1a abre sus puertas todos los d\u00edas en un horario de 15:00 a 21:00 horas con un costo de entrada de 10 pesos, y diariamente de 15:00 a 16:00 horas los juegos mec\u00e1nicos son gratuitos.<\/p>\n","protected":false},"excerpt":{"rendered":"<p>\u2022 Tlaxcala se encuentra lista para recibir a vacacionistas en esta temporada El gobierno del estado, a trav\u00e9s de la Secretar\u00eda de Turismo (Sectur), tiene preparadas diversas actividades para quienes decidan visitar a la entidad durante la \u00e9poca de las fiestas decembrinas, las cuales se caracterizan por el clima fr\u00edo, la convivencia familiar y de [&hellip;]<\/p>\n","protected":false},"author":1,"featured_media":118273,"comment_status":"open","ping_status":"open","sticky":false,"template":"","format":"standard","meta":{"footnotes":""},"categories":[21],"tags":[],"class_list":["post-118272","post","type-post","status-publish","format-standard","has-post-thumbnail","hentry","category-estatal"],"blog_post_layout_featured_media_urls":{"thumbnail":["https:\/\/diariolanoticia.com.mx\/wp-content\/uploads\/2023\/12\/WhatsApp-Image-2023-12-20-at-12.23.34-2-216x160.jpeg",216,160,true],"full":["https:\/\/diariolanoticia.com.mx\/wp-content\/uploads\/2023\/12\/WhatsApp-Image-2023-12-20-at-12.23.34-2.jpeg",1356,1356,false]},"categories_names":{"21":{"name":"Estatal","link":"https:\/\/diariolanoticia.com.mx\/?cat=21"}},"tags_names":[],"comments_number":"0","wpmagazine_modules_lite_featured_media_urls":{"thumbnail":["https:\/\/diariolanoticia.com.mx\/wp-content\/uploads\/2023\/12\/WhatsApp-Image-2023-12-20-at-12.23.34-2-216x160.jpeg",216,160,true],"cvmm-medium":["https:\/\/diariolanoticia.com.mx\/wp-content\/uploads\/2023\/12\/WhatsApp-Image-2023-12-20-at-12.23.34-2-300x300.jpeg",300,300,true],"cvmm-medium-plus":["https:\/\/diariolanoticia.com.mx\/wp-content\/uploads\/2023\/12\/WhatsApp-Image-2023-12-20-at-12.23.34-2-305x207.jpeg",305,207,true],"cvmm-portrait":["https:\/\/diariolanoticia.com.mx\/wp-content\/uploads\/2023\/12\/WhatsApp-Image-2023-12-20-at-12.23.34-2-400x600.jpeg",400,600,true],"cvmm-medium-square":["https:\/\/diariolanoticia.com.mx\/wp-content\/uploads\/2023\/12\/WhatsApp-Image-2023-12-20-at-12.23.34-2-600x600.jpeg",600,600,true],"cvmm-large":["https:\/\/diariolanoticia.com.mx\/wp-content\/uploads\/2023\/12\/WhatsApp-Image-2023-12-20-at-12.23.34-2-1024x1024.jpeg",1024,1024,true],"cvmm-small":["https:\/\/diariolanoticia.com.mx\/wp-content\/uploads\/2023\/12\/WhatsApp-Image-2023-12-20-at-12.23.34-2-130x95.jpeg",130,95,true],"full":["https:\/\/diariolanoticia.com.mx\/wp-content\/uploads\/2023\/12\/WhatsApp-Image-2023-12-20-at-12.23.34-2.jpeg",1356,1356,false]},"_links":{"self":[{"href":"https:\/\/diariolanoticia.com.mx\/index.php?rest_route=\/wp\/v2\/posts\/118272","targetHints":{"allow":["GET"]}}],"collection":[{"href":"https:\/\/diariolanoticia.com.mx\/index.php?rest_route=\/wp\/v2\/posts"}],"about":[{"href":"https:\/\/diariolanoticia.com.mx\/index.php?rest_route=\/wp\/v2\/types\/post"}],"author":[{"embeddable":true,"href":"https:\/\/diariolanoticia.com.mx\/index.php?rest_route=\/wp\/v2\/users\/1"}],"replies":[{"embeddable":true,"href":"https:\/\/diariolanoticia.com.mx\/index.php?rest_route=%2Fwp%2Fv2%2Fcomments&post=118272"}],"version-history":[{"count":1,"href":"https:\/\/diariolanoticia.com.mx\/index.php?rest_route=\/wp\/v2\/posts\/118272\/revisions"}],"predecessor-version":[{"id":118279,"href":"https:\/\/diariolanoticia.com.mx\/index.php?rest_route=\/wp\/v2\/posts\/118272\/revisions\/118279"}],"wp:featuredmedia":[{"embeddable":true,"href":"https:\/\/diariolanoticia.com.mx\/index.php?rest_route=\/wp\/v2\/media\/118273"}],"wp:attachment":[{"href":"https:\/\/diariolanoticia.com.mx\/index.php?rest_route=%2Fwp%2Fv2%2Fmedia&parent=118272"}],"wp:term":[{"taxonomy":"category","embeddable":true,"href":"https:\/\/diariolanoticia.com.mx\/index.php?rest_route=%2Fwp%2Fv2%2Fcategories&post=118272"},{"taxonomy":"post_tag","embeddable":true,"href":"https:\/\/diariolanoticia.com.mx\/index.php?rest_route=%2Fwp%2Fv2%2Ftags&post=118272"}],"curies":[{"name":"wp","href":"https:\/\/api.w.org\/{rel}","templated":true}]}}