{"id":118289,"date":"2023-12-13T12:54:52","date_gmt":"2023-12-13T18:54:52","guid":{"rendered":"https:\/\/diariolanoticia.com.mx\/?p=118289"},"modified":"2023-12-20T13:11:23","modified_gmt":"2023-12-20T19:11:23","slug":"gobierno-de-tetla-te-invita-al-1er-tianguis-de-semilla-2","status":"publish","type":"post","link":"https:\/\/diariolanoticia.com.mx\/?p=118289","title":{"rendered":"Gobierno de Tetla te invita al 1er. Tianguis de Semilla"},"content":{"rendered":"\n<p>Amigo productor, el presidente municipal de Tetla de la Solidaridad, Andr\u00e9s Ram\u00edrez Galicia reitera, la invitaci\u00f3n a participar en el \u201c1er Tianguis de Semilla\u201d, mismo que se realizar\u00e1 el 17 de diciembre de 9 de la ma\u00f1ana a 3 de la tarde.<\/p>\n\n\n\n<p><br>El objetivo es que, vendas tus semillas a precios accesibles, los interesados pueden acudir a la Direcci\u00f3n de Desarrollo y Gesti\u00f3n Social, la inscripci\u00f3n es gratuita, el horario de atenci\u00f3n es de 9 a 2 de la tarde y de 3 a 5 de la tarde, de lunes a viernes.<\/p>\n\n\n\n<p><br>O bien comunicate al n\u00famero celular: 2414115897 o al 2411149771<br>Es de hacer menci\u00f3n que, el programa aplica para campesinos de esta demarcaci\u00f3n y municipios aleda\u00f1os.<br>Ven y aprovecha esta oportunidad.<\/p>\n\n\n\n<p><br>\u201c<a href=\"https:\/\/www.facebook.com\/hashtag\/trabajamos_juntos?__eep__=6&amp;__tn__=*NK*F\">#Trabajamos_Juntos<\/a>\u00a0por los campesinos de Tetla\u201d<\/p>\n","protected":false},"excerpt":{"rendered":"<p>Amigo productor, el presidente municipal de Tetla de la Solidaridad, Andr\u00e9s Ram\u00edrez Galicia reitera, la invitaci\u00f3n a participar en el \u201c1er Tianguis de Semilla\u201d, mismo que se realizar\u00e1 el 17 de diciembre de 9 de la ma\u00f1ana a 3 de la tarde. El objetivo es que, vendas tus semillas a precios accesibles, los interesados pueden [&hellip;]<\/p>\n","protected":false},"author":1,"featured_media":118290,"comment_status":"open","ping_status":"open","sticky":false,"template":"","format":"standard","meta":{"footnotes":""},"categories":[37],"tags":[],"class_list":["post-118289","post","type-post","status-publish","format-standard","has-post-thumbnail","hentry","category-tetla"],"blog_post_layout_featured_media_urls":{"thumbnail":["https:\/\/diariolanoticia.com.mx\/wp-content\/uploads\/2023\/12\/409380657_859618182838216_5515013670672348788_n-216x160.jpg",216,160,true],"full":["https:\/\/diariolanoticia.com.mx\/wp-content\/uploads\/2023\/12\/409380657_859618182838216_5515013670672348788_n.jpg",720,697,false]},"categories_names":{"37":{"name":"Tetla","link":"https:\/\/diariolanoticia.com.mx\/?cat=37"}},"tags_names":[],"comments_number":"0","wpmagazine_modules_lite_featured_media_urls":{"thumbnail":["https:\/\/diariolanoticia.com.mx\/wp-content\/uploads\/2023\/12\/409380657_859618182838216_5515013670672348788_n-216x160.jpg",216,160,true],"cvmm-medium":["https:\/\/diariolanoticia.com.mx\/wp-content\/uploads\/2023\/12\/409380657_859618182838216_5515013670672348788_n-300x300.jpg",300,300,true],"cvmm-medium-plus":["https:\/\/diariolanoticia.com.mx\/wp-content\/uploads\/2023\/12\/409380657_859618182838216_5515013670672348788_n-305x207.jpg",305,207,true],"cvmm-portrait":["https:\/\/diariolanoticia.com.mx\/wp-content\/uploads\/2023\/12\/409380657_859618182838216_5515013670672348788_n-400x600.jpg",400,600,true],"cvmm-medium-square":["https:\/\/diariolanoticia.com.mx\/wp-content\/uploads\/2023\/12\/409380657_859618182838216_5515013670672348788_n-600x600.jpg",600,600,true],"cvmm-large":["https:\/\/diariolanoticia.com.mx\/wp-content\/uploads\/2023\/12\/409380657_859618182838216_5515013670672348788_n.jpg",720,697,false],"cvmm-small":["https:\/\/diariolanoticia.com.mx\/wp-content\/uploads\/2023\/12\/409380657_859618182838216_5515013670672348788_n-130x95.jpg",130,95,true],"full":["https:\/\/diariolanoticia.com.mx\/wp-content\/uploads\/2023\/12\/409380657_859618182838216_5515013670672348788_n.jpg",720,697,false]},"_links":{"self":[{"href":"https:\/\/diariolanoticia.com.mx\/index.php?rest_route=\/wp\/v2\/posts\/118289","targetHints":{"allow":["GET"]}}],"collection":[{"href":"https:\/\/diariolanoticia.com.mx\/index.php?rest_route=\/wp\/v2\/posts"}],"about":[{"href":"https:\/\/diariolanoticia.com.mx\/index.php?rest_route=\/wp\/v2\/types\/post"}],"author":[{"embeddable":true,"href":"https:\/\/diariolanoticia.com.mx\/index.php?rest_route=\/wp\/v2\/users\/1"}],"replies":[{"embeddable":true,"href":"https:\/\/diariolanoticia.com.mx\/index.php?rest_route=%2Fwp%2Fv2%2Fcomments&post=118289"}],"version-history":[{"count":1,"href":"https:\/\/diariolanoticia.com.mx\/index.php?rest_route=\/wp\/v2\/posts\/118289\/revisions"}],"predecessor-version":[{"id":118291,"href":"https:\/\/diariolanoticia.com.mx\/index.php?rest_route=\/wp\/v2\/posts\/118289\/revisions\/118291"}],"wp:featuredmedia":[{"embeddable":true,"href":"https:\/\/diariolanoticia.com.mx\/index.php?rest_route=\/wp\/v2\/media\/118290"}],"wp:attachment":[{"href":"https:\/\/diariolanoticia.com.mx\/index.php?rest_route=%2Fwp%2Fv2%2Fmedia&parent=118289"}],"wp:term":[{"taxonomy":"category","embeddable":true,"href":"https:\/\/diariolanoticia.com.mx\/index.php?rest_route=%2Fwp%2Fv2%2Fcategories&post=118289"},{"taxonomy":"post_tag","embeddable":true,"href":"https:\/\/diariolanoticia.com.mx\/index.php?rest_route=%2Fwp%2Fv2%2Ftags&post=118289"}],"curies":[{"name":"wp","href":"https:\/\/api.w.org\/{rel}","templated":true}]}}