{"id":118428,"date":"2023-12-11T17:22:17","date_gmt":"2023-12-11T23:22:17","guid":{"rendered":"https:\/\/diariolanoticia.com.mx\/?p=118428"},"modified":"2023-12-20T17:22:34","modified_gmt":"2023-12-20T23:22:34","slug":"recibio-gobierno-estatal-ambulancias-de-la-beneficencia-publica-nacional","status":"publish","type":"post","link":"https:\/\/diariolanoticia.com.mx\/?p=118428","title":{"rendered":"RECIBI\u00d3 GOBIERNO ESTATAL AMBULANCIAS DE LA BENEFICENCIA P\u00daBLICA NACIONAL"},"content":{"rendered":"\n<p>*La gobernadora de la salud, Lorena Cu\u00e9llar, encabez\u00f3 el inicio de la Jornada de entrega de ayudas funcionales La titular del Ejecutivo Local, Lorena Cu\u00e9llar Cisneros, quien se ha colocado como la gobernadora de la salud recibi\u00f3 11 ambulancias equipadas que fortalecer\u00e1n los servicios m\u00e9dicos de emergencias y cuidados intensivos en beneficio de todos los tlaxcaltecas y ampliar\u00e1n la atenci\u00f3n m\u00e9dica prehospitalaria.Adem\u00e1s, en compa\u00f1\u00eda del director general de la Administraci\u00f3n del Patrimonio de la Beneficencia P\u00fablica, Adri\u00e1n Ben\u00edtez Ru\u00edz, encabez\u00f3 en Apizaco el inicio de la Jornada de entrega de ayudas funcionales gratuitas que beneficiar\u00e1 a 305 tlaxcaltecas con discapacidad.Cu\u00e9llar Cisneros agradeci\u00f3 el respaldo y colaboraci\u00f3n que ha recibido Tlaxcala por parte del presidente Andr\u00e9s Manuel L\u00f3pez Obrador a trav\u00e9s de la Beneficencia P\u00fablica Nacional para transformar el sistema de salud estatal, pues es uno de los ejes principales de su gobierno y ha dejado claro que no escatimar\u00e1 para la salud.Aprovech\u00f3 para anunciar que producto de ahorros al interior de la administraci\u00f3n estatal se destinar\u00e1n 170 millones de pesos para adquirir un nuevo Acelerador Lineal que atender\u00e1 a pacientes con c\u00e1ncer con la m\u00e1s alta tecnolog\u00eda, \u201ceste esfuerzo se suma al trabajo que se ha impulsado para tener servicios especializados con los mejores equipos\u201d.De su lado, la presidenta del Comit\u00e9 Consultivo de Bienestar y Desarrollo Social del Estado de Tlaxcala, Mar\u00eda Fernanda Espinosa de los Monteros Cu\u00e9llar, destac\u00f3 el compromiso y responsabilidad de la gobernadora Lorena Cu\u00e9llar para transformar el sector salud para que la poblaci\u00f3n cuente con servicios de calidad y mejoren sus condiciones de vida. Expres\u00f3 que Tlaxcala es referente nacional de lo que se puede lograr cuando se suman esfuerzos para transformar la vida de personas en condici\u00f3n vulnerable, \u201cme llenan de mucho orgullo constatar c\u00f3mo el gobierno del Estado contin\u00faa fortaleciendo sus capacidades para garantizar el derecho a la salud\u201d.En su mensaje, el director general de la Administraci\u00f3n del Patrimonio de la Beneficencia P\u00fablica, Adri\u00e1n Ben\u00edtez Ru\u00edz, se\u00f1al\u00f3 que esta entrega se hace patente el compromiso del Gobierno de M\u00e9xico con Tlaxcala y es muestra de la convicci\u00f3n de trabajar coordinadamente por la salud de la poblaci\u00f3n m\u00e1s vulnerable.Explic\u00f3 que se invirti\u00f3 1.2 millones de pesos para la distribuci\u00f3n de manera gratuita y directa 405 insumos como auxiliares auditivos, sillas de ruedas est\u00e1ndar, PCI y PCA, sillas de ba\u00f1o y bastones en beneficio de 305 tlaxcaltecas y para las ambulancias la inversi\u00f3n fue de 24.4 millones de pesos.A su vez, el director de la Apbpet, Heriberto Antonio Flores Garc\u00eda, asegur\u00f3 que esta entrega marca un paso significativo en la misi\u00f3n colectiva del gobierno de mejorar la calidad de vida de las personas.\u201cLas ambulancias representan mucho m\u00e1s que veh\u00edculos, son un s\u00edmbolo de esperanza, de r\u00e1pida respuesta y de cuidado hacia nuestra poblaci\u00f3n, con esta adquisici\u00f3n y donaci\u00f3n, Tlaxcala da un paso firme hacia la reducci\u00f3n de tiempos de atenci\u00f3n m\u00e9dica prehospitalaria e interhospitalaria\u201d acot\u00f3.Mientras que el secretario de Salud, Rigoberto Zamudio Meneses refiri\u00f3 que con estas ambulancias se ver\u00e1 beneficiado el Sector Salud, la Cruz Roja, la Coordinaci\u00f3n Estatal de Protecci\u00f3n Civil (CEPC) y el Centro de Control, Comando, Comunicaciones, C\u00f3mputo, Coordinaci\u00f3n e Inteligencia (C5i). Detall\u00f3 que las unidades son para terapia intensiva y que traen ventiladores, desfibriladores y m\u00e1s equipos de grado tres, al tiempo que se\u00f1al\u00f3 que esto marca un precedente para el estado, pues adem\u00e1s por primera vez se cuenta con una ambulancia para atender padecimientos mentales.Al evento tambi\u00e9n asistieron la presidenta de la Mesa Directiva del Congreso de Estado, M\u00f3nica S\u00e1nchez Angulo; la presidenta de Comisi\u00f3n de Salud, Lupita Cuamatzi Aguayo, la titular de la Secretar\u00eda de Bienestar, Mar\u00eda Estela \u00c1lvarez Corona; el delegado en Tlaxcala de la Cruz Roja, Miguel Garc\u00eda M\u00e9ndez Salazar y el presidente municipal de Apizaco, Pablo Badillo S\u00e1nchez.<\/p>\n","protected":false},"excerpt":{"rendered":"<p>*La gobernadora de la salud, Lorena Cu\u00e9llar, encabez\u00f3 el inicio de la Jornada de entrega de ayudas funcionales La titular del Ejecutivo Local, Lorena Cu\u00e9llar Cisneros, quien se ha colocado como la gobernadora de la salud recibi\u00f3 11 ambulancias equipadas que fortalecer\u00e1n los servicios m\u00e9dicos de emergencias y cuidados intensivos en beneficio de todos los [&hellip;]<\/p>\n","protected":false},"author":1,"featured_media":118429,"comment_status":"open","ping_status":"open","sticky":false,"template":"","format":"standard","meta":{"footnotes":""},"categories":[21],"tags":[],"class_list":["post-118428","post","type-post","status-publish","format-standard","has-post-thumbnail","hentry","category-estatal"],"blog_post_layout_featured_media_urls":{"thumbnail":["https:\/\/diariolanoticia.com.mx\/wp-content\/uploads\/2023\/12\/409712947_856966773103357_4165679310576739200_n-216x160.jpg",216,160,true],"full":["https:\/\/diariolanoticia.com.mx\/wp-content\/uploads\/2023\/12\/409712947_856966773103357_4165679310576739200_n.jpg",1024,683,false]},"categories_names":{"21":{"name":"Estatal","link":"https:\/\/diariolanoticia.com.mx\/?cat=21"}},"tags_names":[],"comments_number":"0","wpmagazine_modules_lite_featured_media_urls":{"thumbnail":["https:\/\/diariolanoticia.com.mx\/wp-content\/uploads\/2023\/12\/409712947_856966773103357_4165679310576739200_n-216x160.jpg",216,160,true],"cvmm-medium":["https:\/\/diariolanoticia.com.mx\/wp-content\/uploads\/2023\/12\/409712947_856966773103357_4165679310576739200_n-300x300.jpg",300,300,true],"cvmm-medium-plus":["https:\/\/diariolanoticia.com.mx\/wp-content\/uploads\/2023\/12\/409712947_856966773103357_4165679310576739200_n-305x207.jpg",305,207,true],"cvmm-portrait":["https:\/\/diariolanoticia.com.mx\/wp-content\/uploads\/2023\/12\/409712947_856966773103357_4165679310576739200_n-400x600.jpg",400,600,true],"cvmm-medium-square":["https:\/\/diariolanoticia.com.mx\/wp-content\/uploads\/2023\/12\/409712947_856966773103357_4165679310576739200_n-600x600.jpg",600,600,true],"cvmm-large":["https:\/\/diariolanoticia.com.mx\/wp-content\/uploads\/2023\/12\/409712947_856966773103357_4165679310576739200_n.jpg",1024,683,false],"cvmm-small":["https:\/\/diariolanoticia.com.mx\/wp-content\/uploads\/2023\/12\/409712947_856966773103357_4165679310576739200_n-130x95.jpg",130,95,true],"full":["https:\/\/diariolanoticia.com.mx\/wp-content\/uploads\/2023\/12\/409712947_856966773103357_4165679310576739200_n.jpg",1024,683,false]},"_links":{"self":[{"href":"https:\/\/diariolanoticia.com.mx\/index.php?rest_route=\/wp\/v2\/posts\/118428","targetHints":{"allow":["GET"]}}],"collection":[{"href":"https:\/\/diariolanoticia.com.mx\/index.php?rest_route=\/wp\/v2\/posts"}],"about":[{"href":"https:\/\/diariolanoticia.com.mx\/index.php?rest_route=\/wp\/v2\/types\/post"}],"author":[{"embeddable":true,"href":"https:\/\/diariolanoticia.com.mx\/index.php?rest_route=\/wp\/v2\/users\/1"}],"replies":[{"embeddable":true,"href":"https:\/\/diariolanoticia.com.mx\/index.php?rest_route=%2Fwp%2Fv2%2Fcomments&post=118428"}],"version-history":[{"count":1,"href":"https:\/\/diariolanoticia.com.mx\/index.php?rest_route=\/wp\/v2\/posts\/118428\/revisions"}],"predecessor-version":[{"id":118430,"href":"https:\/\/diariolanoticia.com.mx\/index.php?rest_route=\/wp\/v2\/posts\/118428\/revisions\/118430"}],"wp:featuredmedia":[{"embeddable":true,"href":"https:\/\/diariolanoticia.com.mx\/index.php?rest_route=\/wp\/v2\/media\/118429"}],"wp:attachment":[{"href":"https:\/\/diariolanoticia.com.mx\/index.php?rest_route=%2Fwp%2Fv2%2Fmedia&parent=118428"}],"wp:term":[{"taxonomy":"category","embeddable":true,"href":"https:\/\/diariolanoticia.com.mx\/index.php?rest_route=%2Fwp%2Fv2%2Fcategories&post=118428"},{"taxonomy":"post_tag","embeddable":true,"href":"https:\/\/diariolanoticia.com.mx\/index.php?rest_route=%2Fwp%2Fv2%2Ftags&post=118428"}],"curies":[{"name":"wp","href":"https:\/\/api.w.org\/{rel}","templated":true}]}}