{"id":118522,"date":"2023-12-31T14:31:53","date_gmt":"2023-12-31T20:31:53","guid":{"rendered":"https:\/\/diariolanoticia.com.mx\/?p=118522"},"modified":"2024-01-01T14:32:14","modified_gmt":"2024-01-01T20:32:14","slug":"dos-anos-de-impulso-y-desarrollo-economico-en-huamantla-salvador-santos-cedillo","status":"publish","type":"post","link":"https:\/\/diariolanoticia.com.mx\/?p=118522","title":{"rendered":"DOS A\u00d1OS DE IMPULSO Y DESARROLLO ECON\u00d3MICO EN HUAMANTLA: SALVADOR SANTOS CEDILLO"},"content":{"rendered":"\n<p>En dos a\u00f1os, la administraci\u00f3n que encabeza Salvador Santos Cedillo, ha impulsado acciones de trabajo permanente que impacten en el bienestar y desarrollo de Huamantla, lo que ha permitido avances significativos en su econom\u00eda y empleo para las y los huamantlecos, preparando al municipio hacia un futuro m\u00e1s fuerte y competitivo.<\/p>\n\n\n\n<p>En ese sentido, la econom\u00eda de este Pueblo M\u00e1gico, ha experimentado un notable crecimiento, reflej\u00e1ndose en los bolsillos de las familias huamantlecas, lo que se traduce en la mejora de la calidad de vida de sus ciudadanos.<\/p>\n\n\n\n<p>Asimismo, el impulso econ\u00f3mico se ha evidenciado con la llegada de nuevas empresas y el apoyo a las existentes para su crecimiento, se destaca la colocaci\u00f3n de la primera piedra del Centro de Distribuci\u00f3n (CEDIS) de Walmart, que ser\u00e1 el m\u00e1s grande del pa\u00eds y el m\u00e1s equipado tecnol\u00f3gicamente, que fortalecer\u00e1 la cadena de suministro local y regional.<\/p>\n\n\n\n<p>De igual manera, las cifras que hablan del progreso del municipio en esta administraci\u00f3n, son las del incremento de la oferta laboral, beneficiando a m\u00e1s de 2 mil familias y generando oportunidades de empleo para la comunidad, con asesor\u00edas personales de trabajo a m\u00e1s de 4 mil personas, brindando orientaci\u00f3n y apoyo para mejorar la empleabilidad de nuestros ciudadanos.<\/p>\n\n\n\n<p>Adem\u00e1s, se han realizado m\u00e1s de 700 reclutamientos, que fortalecen la relaci\u00f3n entre empresa y comunidad, as\u00ed como la realizaci\u00f3n de cuatro ferias de empleo, impactando positivamente en mil 200 personas que facilitan el encuentro entre empresas y posibles colaboradores.<\/p>\n\n\n\n<p>El gobierno municipal de Huamantla ha reconocido la importancia de los sectores artesanal, comercial y de servicios, entregando terminales electr\u00f3nicas CLIP MINI que servir\u00e1n para aceptar el pago con tarjetas de cr\u00e9dito y d\u00e9bito que ayudar\u00e1n a incrementar sus ventas; y a los empresarios se les ha brindado acompa\u00f1amiento y certeza jur\u00eddica promoviendo un entorno propicio para el desarrollo y la inversi\u00f3n.<\/p>\n\n\n\n<p>En estos dos a\u00f1os, el gobierno de Salvador Santos Cedillo, ha trabajado para construir un mejor Huamantla, el cual seguir\u00e1 enfocado en promover el crecimiento econ\u00f3mico y generar empleos para el bienestar de la comunidad, donde la colaboraci\u00f3n ciudadana es esencial para consolidar estos logros y asegurar un futuro prometedor al municipio.<\/p>\n","protected":false},"excerpt":{"rendered":"<p>En dos a\u00f1os, la administraci\u00f3n que encabeza Salvador Santos Cedillo, ha impulsado acciones de trabajo permanente que impacten en el bienestar y desarrollo de Huamantla, lo que ha permitido avances significativos en su econom\u00eda y empleo para las y los huamantlecos, preparando al municipio hacia un futuro m\u00e1s fuerte y competitivo. En ese sentido, la [&hellip;]<\/p>\n","protected":false},"author":1,"featured_media":118523,"comment_status":"open","ping_status":"open","sticky":false,"template":"","format":"standard","meta":{"footnotes":""},"categories":[219],"tags":[],"class_list":["post-118522","post","type-post","status-publish","format-standard","has-post-thumbnail","hentry","category-huamantla"],"blog_post_layout_featured_media_urls":{"thumbnail":["https:\/\/diariolanoticia.com.mx\/wp-content\/uploads\/2024\/01\/CEDIS-216x160.jpeg",216,160,true],"full":["https:\/\/diariolanoticia.com.mx\/wp-content\/uploads\/2024\/01\/CEDIS.jpeg",1600,1066,false]},"categories_names":{"219":{"name":"Huamantla","link":"https:\/\/diariolanoticia.com.mx\/?cat=219"}},"tags_names":[],"comments_number":"0","wpmagazine_modules_lite_featured_media_urls":{"thumbnail":["https:\/\/diariolanoticia.com.mx\/wp-content\/uploads\/2024\/01\/CEDIS-216x160.jpeg",216,160,true],"cvmm-medium":["https:\/\/diariolanoticia.com.mx\/wp-content\/uploads\/2024\/01\/CEDIS-300x300.jpeg",300,300,true],"cvmm-medium-plus":["https:\/\/diariolanoticia.com.mx\/wp-content\/uploads\/2024\/01\/CEDIS-305x207.jpeg",305,207,true],"cvmm-portrait":["https:\/\/diariolanoticia.com.mx\/wp-content\/uploads\/2024\/01\/CEDIS-400x600.jpeg",400,600,true],"cvmm-medium-square":["https:\/\/diariolanoticia.com.mx\/wp-content\/uploads\/2024\/01\/CEDIS-600x600.jpeg",600,600,true],"cvmm-large":["https:\/\/diariolanoticia.com.mx\/wp-content\/uploads\/2024\/01\/CEDIS-1024x1024.jpeg",1024,1024,true],"cvmm-small":["https:\/\/diariolanoticia.com.mx\/wp-content\/uploads\/2024\/01\/CEDIS-130x95.jpeg",130,95,true],"full":["https:\/\/diariolanoticia.com.mx\/wp-content\/uploads\/2024\/01\/CEDIS.jpeg",1600,1066,false]},"_links":{"self":[{"href":"https:\/\/diariolanoticia.com.mx\/index.php?rest_route=\/wp\/v2\/posts\/118522","targetHints":{"allow":["GET"]}}],"collection":[{"href":"https:\/\/diariolanoticia.com.mx\/index.php?rest_route=\/wp\/v2\/posts"}],"about":[{"href":"https:\/\/diariolanoticia.com.mx\/index.php?rest_route=\/wp\/v2\/types\/post"}],"author":[{"embeddable":true,"href":"https:\/\/diariolanoticia.com.mx\/index.php?rest_route=\/wp\/v2\/users\/1"}],"replies":[{"embeddable":true,"href":"https:\/\/diariolanoticia.com.mx\/index.php?rest_route=%2Fwp%2Fv2%2Fcomments&post=118522"}],"version-history":[{"count":1,"href":"https:\/\/diariolanoticia.com.mx\/index.php?rest_route=\/wp\/v2\/posts\/118522\/revisions"}],"predecessor-version":[{"id":118524,"href":"https:\/\/diariolanoticia.com.mx\/index.php?rest_route=\/wp\/v2\/posts\/118522\/revisions\/118524"}],"wp:featuredmedia":[{"embeddable":true,"href":"https:\/\/diariolanoticia.com.mx\/index.php?rest_route=\/wp\/v2\/media\/118523"}],"wp:attachment":[{"href":"https:\/\/diariolanoticia.com.mx\/index.php?rest_route=%2Fwp%2Fv2%2Fmedia&parent=118522"}],"wp:term":[{"taxonomy":"category","embeddable":true,"href":"https:\/\/diariolanoticia.com.mx\/index.php?rest_route=%2Fwp%2Fv2%2Fcategories&post=118522"},{"taxonomy":"post_tag","embeddable":true,"href":"https:\/\/diariolanoticia.com.mx\/index.php?rest_route=%2Fwp%2Fv2%2Ftags&post=118522"}],"curies":[{"name":"wp","href":"https:\/\/api.w.org\/{rel}","templated":true}]}}