{"id":118561,"date":"2024-01-02T13:42:02","date_gmt":"2024-01-02T19:42:02","guid":{"rendered":"https:\/\/diariolanoticia.com.mx\/?p=118561"},"modified":"2024-01-02T13:42:03","modified_gmt":"2024-01-02T19:42:03","slug":"armenta-llega-a-la-cima-cumple-primer-reto-2024","status":"publish","type":"post","link":"https:\/\/diariolanoticia.com.mx\/?p=118561","title":{"rendered":"Armenta llega a la cima, cumple primer reto 2024"},"content":{"rendered":"\n<p>\u2022 Convoc\u00f3 al trabajo conjunto y pensar en grande, desde la c\u00faspide de La Malintzi<\/p>\n\n\n\n<p>Desde la c\u00faspide de La Malintzi, uno de los volcanes m\u00e1s altos de M\u00e9xico, 4 mil 420 metros sobre el nivel del mar, Alejandro Armenta, precandidato a la gubernatura por la mega coalici\u00f3n (Morena, PT, PVEM, Nueva Alianza Puebla y Fuerza por M\u00e9xico), hizo un emotivo llamado a los poblanos para llegar juntos a la cima \u201cporque de eso se trata, de ayudarnos unos a otros, se trata de pensar en grande\u201d.<\/p>\n\n\n\n<p>Aplicando en los hechos su dicho de que \u201cpara uno que madruga, otro que no duerme\u201d, Alejandro Armenta viaj\u00f3 este 1 de enero muy temprano a la entrada poblana de La Malintzi, que desde 1938 es tambi\u00e9n un parque nacional del Valle de Puebla-Tlaxcala donde se ubica esta monta\u00f1a.<\/p>\n\n\n\n<p>Desde la punta de La Malintzi, en un mensaje enviado a trav\u00e9s de sus redes sociales, Alejandro Armenta dijo a Puebla que \u201cde eso se trata, de pensar en grande, se trata de subirnos al tren de la Cuarta Transformaci\u00f3n, que todos los poblanos nos ayudemos unos a otros, que juntos subamos a la cima, que sigamos a la Doctora Claudia Sheinbaum, para recuperar la paz, la seguridad\u201d.<\/p>\n\n\n\n<p>En ese sentido, el precandidato de la megacoalici\u00f3n reiter\u00f3 que \u201caqu\u00ed desde este primero de enero de 2024, queremos que le vaya bien Puebla, esto es pensar en grande y vamos juntos a lograrlo\u201d.<\/p>\n\n\n\n<p>Hay que mencionar que La Malintzi es tambi\u00e9n una muy representativa monta\u00f1a que une a Puebla y Tlaxcala, entidades hermanas que han estado profundamente vinculadas no s\u00f3lo en historia, sino tambi\u00e9n en actividades sociales, econ\u00f3micas y en materia de acuerdos pol\u00edticos de beneficio para ambos pueblos.<\/p>\n","protected":false},"excerpt":{"rendered":"<p>\u2022 Convoc\u00f3 al trabajo conjunto y pensar en grande, desde la c\u00faspide de La Malintzi Desde la c\u00faspide de La Malintzi, uno de los volcanes m\u00e1s altos de M\u00e9xico, 4 mil 420 metros sobre el nivel del mar, Alejandro Armenta, precandidato a la gubernatura por la mega coalici\u00f3n (Morena, PT, PVEM, Nueva Alianza Puebla y [&hellip;]<\/p>\n","protected":false},"author":1,"featured_media":118562,"comment_status":"open","ping_status":"open","sticky":false,"template":"","format":"standard","meta":{"footnotes":""},"categories":[38],"tags":[],"class_list":["post-118561","post","type-post","status-publish","format-standard","has-post-thumbnail","hentry","category-politica"],"blog_post_layout_featured_media_urls":{"thumbnail":["https:\/\/diariolanoticia.com.mx\/wp-content\/uploads\/2024\/01\/WhatsApp-Image-2024-01-02-at-13.25.54-216x160.jpeg",216,160,true],"full":["https:\/\/diariolanoticia.com.mx\/wp-content\/uploads\/2024\/01\/WhatsApp-Image-2024-01-02-at-13.25.54-scaled.jpeg",2560,1707,false]},"categories_names":{"38":{"name":"Pol\u00edtica","link":"https:\/\/diariolanoticia.com.mx\/?cat=38"}},"tags_names":[],"comments_number":"0","wpmagazine_modules_lite_featured_media_urls":{"thumbnail":["https:\/\/diariolanoticia.com.mx\/wp-content\/uploads\/2024\/01\/WhatsApp-Image-2024-01-02-at-13.25.54-216x160.jpeg",216,160,true],"cvmm-medium":["https:\/\/diariolanoticia.com.mx\/wp-content\/uploads\/2024\/01\/WhatsApp-Image-2024-01-02-at-13.25.54-300x300.jpeg",300,300,true],"cvmm-medium-plus":["https:\/\/diariolanoticia.com.mx\/wp-content\/uploads\/2024\/01\/WhatsApp-Image-2024-01-02-at-13.25.54-305x207.jpeg",305,207,true],"cvmm-portrait":["https:\/\/diariolanoticia.com.mx\/wp-content\/uploads\/2024\/01\/WhatsApp-Image-2024-01-02-at-13.25.54-400x600.jpeg",400,600,true],"cvmm-medium-square":["https:\/\/diariolanoticia.com.mx\/wp-content\/uploads\/2024\/01\/WhatsApp-Image-2024-01-02-at-13.25.54-600x600.jpeg",600,600,true],"cvmm-large":["https:\/\/diariolanoticia.com.mx\/wp-content\/uploads\/2024\/01\/WhatsApp-Image-2024-01-02-at-13.25.54-1024x1024.jpeg",1024,1024,true],"cvmm-small":["https:\/\/diariolanoticia.com.mx\/wp-content\/uploads\/2024\/01\/WhatsApp-Image-2024-01-02-at-13.25.54-130x95.jpeg",130,95,true],"full":["https:\/\/diariolanoticia.com.mx\/wp-content\/uploads\/2024\/01\/WhatsApp-Image-2024-01-02-at-13.25.54-scaled.jpeg",2560,1707,false]},"_links":{"self":[{"href":"https:\/\/diariolanoticia.com.mx\/index.php?rest_route=\/wp\/v2\/posts\/118561","targetHints":{"allow":["GET"]}}],"collection":[{"href":"https:\/\/diariolanoticia.com.mx\/index.php?rest_route=\/wp\/v2\/posts"}],"about":[{"href":"https:\/\/diariolanoticia.com.mx\/index.php?rest_route=\/wp\/v2\/types\/post"}],"author":[{"embeddable":true,"href":"https:\/\/diariolanoticia.com.mx\/index.php?rest_route=\/wp\/v2\/users\/1"}],"replies":[{"embeddable":true,"href":"https:\/\/diariolanoticia.com.mx\/index.php?rest_route=%2Fwp%2Fv2%2Fcomments&post=118561"}],"version-history":[{"count":1,"href":"https:\/\/diariolanoticia.com.mx\/index.php?rest_route=\/wp\/v2\/posts\/118561\/revisions"}],"predecessor-version":[{"id":118563,"href":"https:\/\/diariolanoticia.com.mx\/index.php?rest_route=\/wp\/v2\/posts\/118561\/revisions\/118563"}],"wp:featuredmedia":[{"embeddable":true,"href":"https:\/\/diariolanoticia.com.mx\/index.php?rest_route=\/wp\/v2\/media\/118562"}],"wp:attachment":[{"href":"https:\/\/diariolanoticia.com.mx\/index.php?rest_route=%2Fwp%2Fv2%2Fmedia&parent=118561"}],"wp:term":[{"taxonomy":"category","embeddable":true,"href":"https:\/\/diariolanoticia.com.mx\/index.php?rest_route=%2Fwp%2Fv2%2Fcategories&post=118561"},{"taxonomy":"post_tag","embeddable":true,"href":"https:\/\/diariolanoticia.com.mx\/index.php?rest_route=%2Fwp%2Fv2%2Ftags&post=118561"}],"curies":[{"name":"wp","href":"https:\/\/api.w.org\/{rel}","templated":true}]}}