{"id":118732,"date":"2023-12-13T22:55:48","date_gmt":"2023-12-14T04:55:48","guid":{"rendered":"https:\/\/diariolanoticia.com.mx\/?p=118732"},"modified":"2024-01-07T22:56:02","modified_gmt":"2024-01-08T04:56:02","slug":"celebremos-juntos-las-festividades-decembrinas-en-tlaxcala-capital","status":"publish","type":"post","link":"https:\/\/diariolanoticia.com.mx\/?p=118732","title":{"rendered":"\u00a1Celebremos juntos las festividades decembrinas en Tlaxcala Capital!"},"content":{"rendered":"\n<p>El Ayuntamiento se complace en presentar la cartelera de eventos para esta temporada festiva. \u00a1Prep\u00e1rense para sumergirse en el esp\u00edritu navide\u00f1o con actividades que encantar\u00e1n a toda la familia!<img loading=\"lazy\" decoding=\"async\" height=\"16\" width=\"16\" alt=\"\ud83c\udf1f\" src=\"https:\/\/static.xx.fbcdn.net\/images\/emoji.php\/v9\/te0\/1\/16\/1f31f.png\"> M\u00fasica, presentaciones culturales y art\u00edsticas, pasarela de moda y la tradicional posada navide\u00f1a forman parte de un calendario repleto de emocionantes experiencias para todos los gustos y edades. \u00a1Les esperamos para celebrar juntos estas fiestas llenas de magia y alegr\u00eda!<a href=\"https:\/\/www.facebook.com\/hashtag\/fiestasdecembrinastlaxcala?__eep__=6&amp;__cft__[0]=AZWxUnrUNdfToQRGhM3GDFC3Kr_OwAeDiun1ptQXjUJNWtNbdQ8pDGv8q2uf0rkKLIKvzNAYa_6LGwXp0-VMxFUqoGosjiQpXCoQU0zguNnQtIS8zM7-u2W96qIqCDST_1QSKMFJpckqkjFISvOq0hdxNArZBR6Xcw8sF5Df2DujcWFVQKqgDh0-ZzV9hLFrdX8&amp;__tn__=*NK-R\">#FiestasDecembrinasTlaxcala<\/a><a href=\"https:\/\/www.facebook.com\/hashtag\/esp%C3%ADritunavide%C3%B1o?__eep__=6&amp;__cft__[0]=AZWxUnrUNdfToQRGhM3GDFC3Kr_OwAeDiun1ptQXjUJNWtNbdQ8pDGv8q2uf0rkKLIKvzNAYa_6LGwXp0-VMxFUqoGosjiQpXCoQU0zguNnQtIS8zM7-u2W96qIqCDST_1QSKMFJpckqkjFISvOq0hdxNArZBR6Xcw8sF5Df2DujcWFVQKqgDh0-ZzV9hLFrdX8&amp;__tn__=*NK-R\">#Esp\u00edrituNavide\u00f1o<\/a><a href=\"https:\/\/www.facebook.com\/hashtag\/ayuntamientotlaxcalacapital?__eep__=6&amp;__cft__[0]=AZWxUnrUNdfToQRGhM3GDFC3Kr_OwAeDiun1ptQXjUJNWtNbdQ8pDGv8q2uf0rkKLIKvzNAYa_6LGwXp0-VMxFUqoGosjiQpXCoQU0zguNnQtIS8zM7-u2W96qIqCDST_1QSKMFJpckqkjFISvOq0hdxNArZBR6Xcw8sF5Df2DujcWFVQKqgDh0-ZzV9hLFrdX8&amp;__tn__=*NK-R\">#AyuntamientoTlaxcalaCapital<\/a><\/p>\n","protected":false},"excerpt":{"rendered":"<p>El Ayuntamiento se complace en presentar la cartelera de eventos para esta temporada festiva. \u00a1Prep\u00e1rense para sumergirse en el esp\u00edritu navide\u00f1o con actividades que encantar\u00e1n a toda la familia! M\u00fasica, presentaciones culturales y art\u00edsticas, pasarela de moda y la tradicional posada navide\u00f1a forman parte de un calendario repleto de emocionantes experiencias para todos los gustos [&hellip;]<\/p>\n","protected":false},"author":1,"featured_media":118733,"comment_status":"open","ping_status":"open","sticky":false,"template":"","format":"standard","meta":{"footnotes":""},"categories":[17],"tags":[],"class_list":["post-118732","post","type-post","status-publish","format-standard","has-post-thumbnail","hentry","category-tlaxcala"],"blog_post_layout_featured_media_urls":{"thumbnail":["https:\/\/diariolanoticia.com.mx\/wp-content\/uploads\/2024\/01\/410449487_377008594856025_5896983309083277235_n-216x160.jpg",216,160,true],"full":["https:\/\/diariolanoticia.com.mx\/wp-content\/uploads\/2024\/01\/410449487_377008594856025_5896983309083277235_n.jpg",518,720,false]},"categories_names":{"17":{"name":"Tlaxcala","link":"https:\/\/diariolanoticia.com.mx\/?cat=17"}},"tags_names":[],"comments_number":"0","wpmagazine_modules_lite_featured_media_urls":{"thumbnail":["https:\/\/diariolanoticia.com.mx\/wp-content\/uploads\/2024\/01\/410449487_377008594856025_5896983309083277235_n-216x160.jpg",216,160,true],"cvmm-medium":["https:\/\/diariolanoticia.com.mx\/wp-content\/uploads\/2024\/01\/410449487_377008594856025_5896983309083277235_n-300x300.jpg",300,300,true],"cvmm-medium-plus":["https:\/\/diariolanoticia.com.mx\/wp-content\/uploads\/2024\/01\/410449487_377008594856025_5896983309083277235_n-305x207.jpg",305,207,true],"cvmm-portrait":["https:\/\/diariolanoticia.com.mx\/wp-content\/uploads\/2024\/01\/410449487_377008594856025_5896983309083277235_n-400x600.jpg",400,600,true],"cvmm-medium-square":["https:\/\/diariolanoticia.com.mx\/wp-content\/uploads\/2024\/01\/410449487_377008594856025_5896983309083277235_n-518x600.jpg",518,600,true],"cvmm-large":["https:\/\/diariolanoticia.com.mx\/wp-content\/uploads\/2024\/01\/410449487_377008594856025_5896983309083277235_n.jpg",518,720,false],"cvmm-small":["https:\/\/diariolanoticia.com.mx\/wp-content\/uploads\/2024\/01\/410449487_377008594856025_5896983309083277235_n-130x95.jpg",130,95,true],"full":["https:\/\/diariolanoticia.com.mx\/wp-content\/uploads\/2024\/01\/410449487_377008594856025_5896983309083277235_n.jpg",518,720,false]},"_links":{"self":[{"href":"https:\/\/diariolanoticia.com.mx\/index.php?rest_route=\/wp\/v2\/posts\/118732","targetHints":{"allow":["GET"]}}],"collection":[{"href":"https:\/\/diariolanoticia.com.mx\/index.php?rest_route=\/wp\/v2\/posts"}],"about":[{"href":"https:\/\/diariolanoticia.com.mx\/index.php?rest_route=\/wp\/v2\/types\/post"}],"author":[{"embeddable":true,"href":"https:\/\/diariolanoticia.com.mx\/index.php?rest_route=\/wp\/v2\/users\/1"}],"replies":[{"embeddable":true,"href":"https:\/\/diariolanoticia.com.mx\/index.php?rest_route=%2Fwp%2Fv2%2Fcomments&post=118732"}],"version-history":[{"count":1,"href":"https:\/\/diariolanoticia.com.mx\/index.php?rest_route=\/wp\/v2\/posts\/118732\/revisions"}],"predecessor-version":[{"id":118734,"href":"https:\/\/diariolanoticia.com.mx\/index.php?rest_route=\/wp\/v2\/posts\/118732\/revisions\/118734"}],"wp:featuredmedia":[{"embeddable":true,"href":"https:\/\/diariolanoticia.com.mx\/index.php?rest_route=\/wp\/v2\/media\/118733"}],"wp:attachment":[{"href":"https:\/\/diariolanoticia.com.mx\/index.php?rest_route=%2Fwp%2Fv2%2Fmedia&parent=118732"}],"wp:term":[{"taxonomy":"category","embeddable":true,"href":"https:\/\/diariolanoticia.com.mx\/index.php?rest_route=%2Fwp%2Fv2%2Fcategories&post=118732"},{"taxonomy":"post_tag","embeddable":true,"href":"https:\/\/diariolanoticia.com.mx\/index.php?rest_route=%2Fwp%2Fv2%2Ftags&post=118732"}],"curies":[{"name":"wp","href":"https:\/\/api.w.org\/{rel}","templated":true}]}}