{"id":118855,"date":"2024-01-10T17:48:13","date_gmt":"2024-01-10T23:48:13","guid":{"rendered":"https:\/\/diariolanoticia.com.mx\/?p=118855"},"modified":"2024-01-10T17:48:14","modified_gmt":"2024-01-10T23:48:14","slug":"invita-dif-huamantla-a-taller-de-corte-y-confeccion-del-programa-salvando-tu-economia","status":"publish","type":"post","link":"https:\/\/diariolanoticia.com.mx\/?p=118855","title":{"rendered":"INVITA DIF HUAMANTLA A TALLER DE CORTE Y CONFECCI\u00d3N DEL PROGRAMA \u00abSALVANDO TU ECONOM\u00cdA\u00bb"},"content":{"rendered":"\n<p>El Sistema Municipal para el Desarrollo Integral de la Familia (SMDIF) de Huamantla, a trav\u00e9s de su programa \u00abSalvando tu Econom\u00eda\u00bb, extiende la invitaci\u00f3n a la poblaci\u00f3n a participar en el Taller de Corte y Confecci\u00f3n, una oportunidad para desarrollar habilidades en el dise\u00f1o y confecci\u00f3n de prendas de vestir.<\/p>\n\n\n\n<p>La directora del DIF municipal, Teresa Ram\u00edrez Codiz, destac\u00f3 que las inscripciones estar\u00e1n abiertas hasta el 12 de enero en las oficinas del SMDIF Huamantla, ubicadas en el bulevar Fernando Hern\u00e1ndez Carrasco n\u00famero 101, en horario de 9:00 a 17:00 horas.<\/p>\n\n\n\n<p>Adem\u00e1s, se\u00f1al\u00f3 que el taller se llevar\u00e1 a cabo de lunes a viernes en dos turnos: de 9:30 a 12:30 horas; y de 14:00 a 19:00 horas. Los requisitos para registrarse son copia de INE, CURP y comprobante de domicilio vigente (con un m\u00e1ximo de 3 meses de antig\u00fcedad).<\/p>\n\n\n\n<p>Finalmente, el gobierno municipal que preside Salvador Santos Cedillo, ofrece esta oportunidad de aprendizaje, el cual proporciona las herramientas que contribuyen al bienestar y mejora de las condiciones de vida para toda la comunidad.<\/p>\n","protected":false},"excerpt":{"rendered":"<p>El Sistema Municipal para el Desarrollo Integral de la Familia (SMDIF) de Huamantla, a trav\u00e9s de su programa \u00abSalvando tu Econom\u00eda\u00bb, extiende la invitaci\u00f3n a la poblaci\u00f3n a participar en el Taller de Corte y Confecci\u00f3n, una oportunidad para desarrollar habilidades en el dise\u00f1o y confecci\u00f3n de prendas de vestir. La directora del DIF municipal, [&hellip;]<\/p>\n","protected":false},"author":1,"featured_media":118856,"comment_status":"open","ping_status":"open","sticky":false,"template":"","format":"standard","meta":{"footnotes":""},"categories":[219],"tags":[],"class_list":["post-118855","post","type-post","status-publish","format-standard","has-post-thumbnail","hentry","category-huamantla"],"blog_post_layout_featured_media_urls":{"thumbnail":["https:\/\/diariolanoticia.com.mx\/wp-content\/uploads\/2024\/01\/100124_SMDIF-216x160.jpg",216,160,true],"full":["https:\/\/diariolanoticia.com.mx\/wp-content\/uploads\/2024\/01\/100124_SMDIF.jpg",1024,1280,false]},"categories_names":{"219":{"name":"Huamantla","link":"https:\/\/diariolanoticia.com.mx\/?cat=219"}},"tags_names":[],"comments_number":"0","wpmagazine_modules_lite_featured_media_urls":{"thumbnail":["https:\/\/diariolanoticia.com.mx\/wp-content\/uploads\/2024\/01\/100124_SMDIF-216x160.jpg",216,160,true],"cvmm-medium":["https:\/\/diariolanoticia.com.mx\/wp-content\/uploads\/2024\/01\/100124_SMDIF-300x300.jpg",300,300,true],"cvmm-medium-plus":["https:\/\/diariolanoticia.com.mx\/wp-content\/uploads\/2024\/01\/100124_SMDIF-305x207.jpg",305,207,true],"cvmm-portrait":["https:\/\/diariolanoticia.com.mx\/wp-content\/uploads\/2024\/01\/100124_SMDIF-400x600.jpg",400,600,true],"cvmm-medium-square":["https:\/\/diariolanoticia.com.mx\/wp-content\/uploads\/2024\/01\/100124_SMDIF-600x600.jpg",600,600,true],"cvmm-large":["https:\/\/diariolanoticia.com.mx\/wp-content\/uploads\/2024\/01\/100124_SMDIF-1024x1024.jpg",1024,1024,true],"cvmm-small":["https:\/\/diariolanoticia.com.mx\/wp-content\/uploads\/2024\/01\/100124_SMDIF-130x95.jpg",130,95,true],"full":["https:\/\/diariolanoticia.com.mx\/wp-content\/uploads\/2024\/01\/100124_SMDIF.jpg",1024,1280,false]},"_links":{"self":[{"href":"https:\/\/diariolanoticia.com.mx\/index.php?rest_route=\/wp\/v2\/posts\/118855","targetHints":{"allow":["GET"]}}],"collection":[{"href":"https:\/\/diariolanoticia.com.mx\/index.php?rest_route=\/wp\/v2\/posts"}],"about":[{"href":"https:\/\/diariolanoticia.com.mx\/index.php?rest_route=\/wp\/v2\/types\/post"}],"author":[{"embeddable":true,"href":"https:\/\/diariolanoticia.com.mx\/index.php?rest_route=\/wp\/v2\/users\/1"}],"replies":[{"embeddable":true,"href":"https:\/\/diariolanoticia.com.mx\/index.php?rest_route=%2Fwp%2Fv2%2Fcomments&post=118855"}],"version-history":[{"count":1,"href":"https:\/\/diariolanoticia.com.mx\/index.php?rest_route=\/wp\/v2\/posts\/118855\/revisions"}],"predecessor-version":[{"id":118857,"href":"https:\/\/diariolanoticia.com.mx\/index.php?rest_route=\/wp\/v2\/posts\/118855\/revisions\/118857"}],"wp:featuredmedia":[{"embeddable":true,"href":"https:\/\/diariolanoticia.com.mx\/index.php?rest_route=\/wp\/v2\/media\/118856"}],"wp:attachment":[{"href":"https:\/\/diariolanoticia.com.mx\/index.php?rest_route=%2Fwp%2Fv2%2Fmedia&parent=118855"}],"wp:term":[{"taxonomy":"category","embeddable":true,"href":"https:\/\/diariolanoticia.com.mx\/index.php?rest_route=%2Fwp%2Fv2%2Fcategories&post=118855"},{"taxonomy":"post_tag","embeddable":true,"href":"https:\/\/diariolanoticia.com.mx\/index.php?rest_route=%2Fwp%2Fv2%2Ftags&post=118855"}],"curies":[{"name":"wp","href":"https:\/\/api.w.org\/{rel}","templated":true}]}}