{"id":118874,"date":"2024-01-10T17:57:20","date_gmt":"2024-01-10T23:57:20","guid":{"rendered":"https:\/\/diariolanoticia.com.mx\/?p=118874"},"modified":"2024-01-10T17:57:18","modified_gmt":"2024-01-10T23:57:18","slug":"ine-implementa-la-votacion-anticipada-a-favor-de-personas-con-discapacidad","status":"publish","type":"post","link":"https:\/\/diariolanoticia.com.mx\/?p=118874","title":{"rendered":"INE implementa la Votaci\u00f3n Anticipada, a favor de personas con discapacidad"},"content":{"rendered":"\n<p>Por primera vez en la historia, el INE implementa la Votaci\u00f3n Anticipada -VA- para personas con discapacidad que no pueda acudir a la casilla a emitir su voto, m\u00e1s de 10,000 ciudadanos en el pa\u00eds podr\u00e1n usar este derecho de voto por vez primera.<\/p>\n\n\n\n<p>Esto es todos los ciudadanos que: solicitaron su tr\u00e1mite de credencial para votar por aplicaci\u00f3n del Art\u00edculo 141 de la LEGIPE, de 2018 y hasta diciembre de 2023 (los ciudadanos mexicanos residentes en el territorio nacional, incapacitados f\u00edsicamente para acudir a inscribirse ante las oficinas de la Direcci\u00f3n Ejecutiva del Registro Federal de Electores correspondiente a su domicilio, y solicitaron por escrito su inscripci\u00f3n al Padr\u00f3n Electoral, acompa\u00f1ando a dicha solicitud la documentaci\u00f3n que acredita su incapacidad, solicitud aprobada por la Direcci\u00f3n Ejecutiva del Registro Federal de Electores), ser\u00e1n visitados en su domicilio por personal del INE, a fin de entregarles una invitaci\u00f3n para participar en el ejercicio de VA y, en su caso, recabar la SIILNEVA (Solicitud Individual de Inscripci\u00f3n a la Lista Nominal de Electores con Voto Anticipado) y solicitar que su registro sea excluido de la lista nominal a la que pertenece y sea agregada a la Lista Nominal de Electores con Voto Anticipado en el Proceso Electoral Concurrente 2023-2024.<\/p>\n\n\n\n<p>En el periodo del 6 al 20 de mayo de 2024, la ciudadan\u00eda de la lista anterior volver\u00e1 a ser visitada por personal del INE, en esta ocasi\u00f3n les llevaran las 6 boletas para que realice anticipadamente su votaci\u00f3n, tres boletas para las elecciones federales para presidenta\/e de la rep\u00fablica, senadoras\/res y diputadas\/dos federales, as\u00ed como las tres boletas para las elecciones locales como son gobernador\/a, diputadas\/os y Ayuntamientos.<\/p>\n\n\n\n<p>El 6 de junio estos sobres ser\u00e1n abiertos y contados por los integrantes de una Mesa de Escrutinio y C\u00f3mputo para Voto Anticipado, que se ubicara en las instalaciones de la 02 Junta Distrital Ejecutiva en Zacatl\u00e1n; estos resultados se integrar\u00e1n a los resultados de la secci\u00f3n correspondiente.<\/p>\n\n\n\n<p>Con esto el INE elabora medidas de nivelaci\u00f3n e inclusi\u00f3n para apoyo a sectores no tomados en cuenta antes y as\u00ed incentivar la participaci\u00f3n ciudadana en esta actividad de ejercer los derechos al voto.<\/p>\n","protected":false},"excerpt":{"rendered":"<p>Por primera vez en la historia, el INE implementa la Votaci\u00f3n Anticipada -VA- para personas con discapacidad que no pueda acudir a la casilla a emitir su voto, m\u00e1s de 10,000 ciudadanos en el pa\u00eds podr\u00e1n usar este derecho de voto por vez primera. Esto es todos los ciudadanos que: solicitaron su tr\u00e1mite de credencial [&hellip;]<\/p>\n","protected":false},"author":1,"featured_media":118871,"comment_status":"open","ping_status":"open","sticky":false,"template":"","format":"standard","meta":{"footnotes":""},"categories":[20],"tags":[52],"class_list":["post-118874","post","type-post","status-publish","format-standard","has-post-thumbnail","hentry","category-norte-de-puebla","tag-puebla"],"blog_post_layout_featured_media_urls":{"thumbnail":["https:\/\/diariolanoticia.com.mx\/wp-content\/uploads\/2024\/01\/img_4521-1-216x160.jpg",216,160,true],"full":["https:\/\/diariolanoticia.com.mx\/wp-content\/uploads\/2024\/01\/img_4521-1.jpg",1500,716,false]},"categories_names":{"20":{"name":"Norte de Puebla","link":"https:\/\/diariolanoticia.com.mx\/?cat=20"}},"tags_names":{"52":{"name":"Puebla","link":"https:\/\/diariolanoticia.com.mx\/?tag=puebla"}},"comments_number":"0","wpmagazine_modules_lite_featured_media_urls":{"thumbnail":["https:\/\/diariolanoticia.com.mx\/wp-content\/uploads\/2024\/01\/img_4521-1-216x160.jpg",216,160,true],"cvmm-medium":["https:\/\/diariolanoticia.com.mx\/wp-content\/uploads\/2024\/01\/img_4521-1-300x300.jpg",300,300,true],"cvmm-medium-plus":["https:\/\/diariolanoticia.com.mx\/wp-content\/uploads\/2024\/01\/img_4521-1-305x207.jpg",305,207,true],"cvmm-portrait":["https:\/\/diariolanoticia.com.mx\/wp-content\/uploads\/2024\/01\/img_4521-1-400x600.jpg",400,600,true],"cvmm-medium-square":["https:\/\/diariolanoticia.com.mx\/wp-content\/uploads\/2024\/01\/img_4521-1-600x600.jpg",600,600,true],"cvmm-large":["https:\/\/diariolanoticia.com.mx\/wp-content\/uploads\/2024\/01\/img_4521-1-1024x716.jpg",1024,716,true],"cvmm-small":["https:\/\/diariolanoticia.com.mx\/wp-content\/uploads\/2024\/01\/img_4521-1-130x95.jpg",130,95,true],"full":["https:\/\/diariolanoticia.com.mx\/wp-content\/uploads\/2024\/01\/img_4521-1.jpg",1500,716,false]},"_links":{"self":[{"href":"https:\/\/diariolanoticia.com.mx\/index.php?rest_route=\/wp\/v2\/posts\/118874","targetHints":{"allow":["GET"]}}],"collection":[{"href":"https:\/\/diariolanoticia.com.mx\/index.php?rest_route=\/wp\/v2\/posts"}],"about":[{"href":"https:\/\/diariolanoticia.com.mx\/index.php?rest_route=\/wp\/v2\/types\/post"}],"author":[{"embeddable":true,"href":"https:\/\/diariolanoticia.com.mx\/index.php?rest_route=\/wp\/v2\/users\/1"}],"replies":[{"embeddable":true,"href":"https:\/\/diariolanoticia.com.mx\/index.php?rest_route=%2Fwp%2Fv2%2Fcomments&post=118874"}],"version-history":[{"count":1,"href":"https:\/\/diariolanoticia.com.mx\/index.php?rest_route=\/wp\/v2\/posts\/118874\/revisions"}],"predecessor-version":[{"id":118875,"href":"https:\/\/diariolanoticia.com.mx\/index.php?rest_route=\/wp\/v2\/posts\/118874\/revisions\/118875"}],"wp:featuredmedia":[{"embeddable":true,"href":"https:\/\/diariolanoticia.com.mx\/index.php?rest_route=\/wp\/v2\/media\/118871"}],"wp:attachment":[{"href":"https:\/\/diariolanoticia.com.mx\/index.php?rest_route=%2Fwp%2Fv2%2Fmedia&parent=118874"}],"wp:term":[{"taxonomy":"category","embeddable":true,"href":"https:\/\/diariolanoticia.com.mx\/index.php?rest_route=%2Fwp%2Fv2%2Fcategories&post=118874"},{"taxonomy":"post_tag","embeddable":true,"href":"https:\/\/diariolanoticia.com.mx\/index.php?rest_route=%2Fwp%2Fv2%2Ftags&post=118874"}],"curies":[{"name":"wp","href":"https:\/\/api.w.org\/{rel}","templated":true}]}}