{"id":118928,"date":"2024-01-11T23:29:42","date_gmt":"2024-01-12T05:29:42","guid":{"rendered":"https:\/\/diariolanoticia.com.mx\/?p=118928"},"modified":"2024-01-11T23:29:43","modified_gmt":"2024-01-12T05:29:43","slug":"sigue-su-camino-la-caravana-de-dia-de-reyes-por-tlaxcala-capital","status":"publish","type":"post","link":"https:\/\/diariolanoticia.com.mx\/?p=118928","title":{"rendered":"Sigue su camin\u00f3 la \u00abCaravana de D\u00eda de Reyes\u00bb por Tlaxcala Capital"},"content":{"rendered":"\n<p>La alegr\u00eda, ilusi\u00f3n y sue\u00f1os, se vieron reflejados en las ni\u00f1as y ni\u00f1os que se dieron cita en las comunidades de San Sebasti\u00e1n Atlahapa y Acuitlapilco, as\u00ed&nbsp; como en la colonia La Joya, para recibir sus regalos de los Reyes Magos, durante la Caravana que realiza el Ayuntamiento de Tlaxcala a trav\u00e9s del Sistema DIF municipal.<\/p>\n\n\n\n<p>En la entrega de regalos en apoyo a los reyes del oriente, la presidenta municipal, Maribel P\u00e9rez Arenas, destac\u00f3 que estos son momentos de uni\u00f3n familiar y de convivencia.<\/p>\n\n\n\n<p>\u00abA las peque\u00f1itas y peque\u00f1itos, gracias por venir hoy a celebrar con nosotros, el Ayuntamiento de Tlaxcala est\u00e1 muy contento por compartir con todos los ni\u00f1os de municipal, para disfrutar de ustedes y de esa sonrisa que nos llena de satisfacci\u00f3n a cada uno de nosotros los adultos\u00bb, puntualiz\u00f3 la alcaldesa.<\/p>\n\n\n\n<p>P\u00e9rez Arenas, sostuvo que espera que la magia de estas fechas, ilumine cada uno de los hogares del municipio capitalino.<\/p>\n\n\n\n<p>La alcaldesa capitalina, acompa\u00f1ada de la s\u00edndica, Rosalba Salas Jaramillo, as\u00ed como de la directora del Sistema Municipal DIF, Mar\u00eda Elena Andalco, agradeci\u00f3 la hospitalidad de \u00c9dgar P\u00e9rez Rodr\u00edguez, delgado de La Joya; de&nbsp; Feliciano Escobar&nbsp; y Marco Antonio Carrillo, presidentes de comunidad de San Sebasti\u00e1n Atlahapa y Acuitlapilco, respectivamente, por recibir esta caravana, que durante los siguientes d\u00edas, seguir\u00e1 visitando comunidades y delegaciones de Tlaxcala Capital.<\/p>\n","protected":false},"excerpt":{"rendered":"<p>La alegr\u00eda, ilusi\u00f3n y sue\u00f1os, se vieron reflejados en las ni\u00f1as y ni\u00f1os que se dieron cita en las comunidades de San Sebasti\u00e1n Atlahapa y Acuitlapilco, as\u00ed&nbsp; como en la colonia La Joya, para recibir sus regalos de los Reyes Magos, durante la Caravana que realiza el Ayuntamiento de Tlaxcala a trav\u00e9s del Sistema DIF [&hellip;]<\/p>\n","protected":false},"author":1,"featured_media":118929,"comment_status":"open","ping_status":"open","sticky":false,"template":"","format":"standard","meta":{"footnotes":""},"categories":[17],"tags":[],"class_list":["post-118928","post","type-post","status-publish","format-standard","has-post-thumbnail","hentry","category-tlaxcala"],"blog_post_layout_featured_media_urls":{"thumbnail":["https:\/\/diariolanoticia.com.mx\/wp-content\/uploads\/2024\/01\/Imagen-de-WhatsApp-2024-01-11-a-las-21.36.32_a55a190a-216x160.jpg",216,160,true],"full":["https:\/\/diariolanoticia.com.mx\/wp-content\/uploads\/2024\/01\/Imagen-de-WhatsApp-2024-01-11-a-las-21.36.32_a55a190a.jpg",1600,1066,false]},"categories_names":{"17":{"name":"Tlaxcala","link":"https:\/\/diariolanoticia.com.mx\/?cat=17"}},"tags_names":[],"comments_number":"0","wpmagazine_modules_lite_featured_media_urls":{"thumbnail":["https:\/\/diariolanoticia.com.mx\/wp-content\/uploads\/2024\/01\/Imagen-de-WhatsApp-2024-01-11-a-las-21.36.32_a55a190a-216x160.jpg",216,160,true],"cvmm-medium":["https:\/\/diariolanoticia.com.mx\/wp-content\/uploads\/2024\/01\/Imagen-de-WhatsApp-2024-01-11-a-las-21.36.32_a55a190a-300x300.jpg",300,300,true],"cvmm-medium-plus":["https:\/\/diariolanoticia.com.mx\/wp-content\/uploads\/2024\/01\/Imagen-de-WhatsApp-2024-01-11-a-las-21.36.32_a55a190a-305x207.jpg",305,207,true],"cvmm-portrait":["https:\/\/diariolanoticia.com.mx\/wp-content\/uploads\/2024\/01\/Imagen-de-WhatsApp-2024-01-11-a-las-21.36.32_a55a190a-400x600.jpg",400,600,true],"cvmm-medium-square":["https:\/\/diariolanoticia.com.mx\/wp-content\/uploads\/2024\/01\/Imagen-de-WhatsApp-2024-01-11-a-las-21.36.32_a55a190a-600x600.jpg",600,600,true],"cvmm-large":["https:\/\/diariolanoticia.com.mx\/wp-content\/uploads\/2024\/01\/Imagen-de-WhatsApp-2024-01-11-a-las-21.36.32_a55a190a-1024x1024.jpg",1024,1024,true],"cvmm-small":["https:\/\/diariolanoticia.com.mx\/wp-content\/uploads\/2024\/01\/Imagen-de-WhatsApp-2024-01-11-a-las-21.36.32_a55a190a-130x95.jpg",130,95,true],"full":["https:\/\/diariolanoticia.com.mx\/wp-content\/uploads\/2024\/01\/Imagen-de-WhatsApp-2024-01-11-a-las-21.36.32_a55a190a.jpg",1600,1066,false]},"_links":{"self":[{"href":"https:\/\/diariolanoticia.com.mx\/index.php?rest_route=\/wp\/v2\/posts\/118928","targetHints":{"allow":["GET"]}}],"collection":[{"href":"https:\/\/diariolanoticia.com.mx\/index.php?rest_route=\/wp\/v2\/posts"}],"about":[{"href":"https:\/\/diariolanoticia.com.mx\/index.php?rest_route=\/wp\/v2\/types\/post"}],"author":[{"embeddable":true,"href":"https:\/\/diariolanoticia.com.mx\/index.php?rest_route=\/wp\/v2\/users\/1"}],"replies":[{"embeddable":true,"href":"https:\/\/diariolanoticia.com.mx\/index.php?rest_route=%2Fwp%2Fv2%2Fcomments&post=118928"}],"version-history":[{"count":1,"href":"https:\/\/diariolanoticia.com.mx\/index.php?rest_route=\/wp\/v2\/posts\/118928\/revisions"}],"predecessor-version":[{"id":118930,"href":"https:\/\/diariolanoticia.com.mx\/index.php?rest_route=\/wp\/v2\/posts\/118928\/revisions\/118930"}],"wp:featuredmedia":[{"embeddable":true,"href":"https:\/\/diariolanoticia.com.mx\/index.php?rest_route=\/wp\/v2\/media\/118929"}],"wp:attachment":[{"href":"https:\/\/diariolanoticia.com.mx\/index.php?rest_route=%2Fwp%2Fv2%2Fmedia&parent=118928"}],"wp:term":[{"taxonomy":"category","embeddable":true,"href":"https:\/\/diariolanoticia.com.mx\/index.php?rest_route=%2Fwp%2Fv2%2Fcategories&post=118928"},{"taxonomy":"post_tag","embeddable":true,"href":"https:\/\/diariolanoticia.com.mx\/index.php?rest_route=%2Fwp%2Fv2%2Ftags&post=118928"}],"curies":[{"name":"wp","href":"https:\/\/api.w.org\/{rel}","templated":true}]}}