{"id":118931,"date":"2024-01-11T23:31:22","date_gmt":"2024-01-12T05:31:22","guid":{"rendered":"https:\/\/diariolanoticia.com.mx\/?p=118931"},"modified":"2024-01-11T23:31:23","modified_gmt":"2024-01-12T05:31:23","slug":"asegura-policia-de-genero-a-responsable-de-golpear-a-una-mujer","status":"publish","type":"post","link":"https:\/\/diariolanoticia.com.mx\/?p=118931","title":{"rendered":"ASEGURA POLIC\u00cdA DE G\u00c9NERO A RESPONSABLE DE GOLPEAR A UNA MUJER\u00a0"},"content":{"rendered":"\n<p>*La detenci\u00f3n se deriv\u00f3 luego de un reporte al Servicio de Emergencias 9-1-1.&nbsp;<\/p>\n\n\n\n<p>Con la finalidad de atender, prevenir y combatir todo acto de violencia contra mujeres y ni\u00f1as en el estado, la Polic\u00eda de G\u00e9nero de la Secretar\u00eda de Seguridad (SSC) asegur\u00f3 a un masculino por su presunta responsabilidad en el delito de violencia de g\u00e9nero.&nbsp;<\/p>\n\n\n\n<p>Los hechos se registraron en la calzada Cuahuatzala de la comunidad de San Esteban Tizatl\u00e1n, Tlaxcala, luego de reportarse al Servicio de Emergencias 9-1-1 la agresi\u00f3n a una persona del sexo femenino. &nbsp;<\/p>\n\n\n\n<p>Por lo anterior, elementos estatales arribaron al lugar y se entrevistaron con un hombre, el cual mencion\u00f3 que al interior de su domicilio estaba su hijo en estado de ebriedad agrediendo a su pareja sentimental. &nbsp;<\/p>\n\n\n\n<p>Ya en el interior, previa autorizaci\u00f3n, hicieron contacto con la v\u00edctima quien presentaba lesiones visibles, misma que se\u00f1al\u00f3 a un masculino como su presunto agresor, el cual adopt\u00f3 una actitud agresiva hacia la autoridad tras ser se\u00f1alado. &nbsp;<\/p>\n\n\n\n<p>Por lo anterior y ante estar ante un hecho constitutivo de un delito, la persona identificada como Brayan N., de 25 a\u00f1os de edad, fue puesta a disposici\u00f3n de la autoridad ministerial competente para continuar con su proceso legal correspondiente. &nbsp;<\/p>\n\n\n\n<p>Con estas acciones, el Gobierno del Estado de Tlaxcala, a trav\u00e9s de la SSC, reafirma su compromiso de salvaguardar la seguridad de mujeres y sus familias v\u00edctimas de violencia.&nbsp;<\/p>\n","protected":false},"excerpt":{"rendered":"<p>*La detenci\u00f3n se deriv\u00f3 luego de un reporte al Servicio de Emergencias 9-1-1.&nbsp; Con la finalidad de atender, prevenir y combatir todo acto de violencia contra mujeres y ni\u00f1as en el estado, la Polic\u00eda de G\u00e9nero de la Secretar\u00eda de Seguridad (SSC) asegur\u00f3 a un masculino por su presunta responsabilidad en el delito de violencia [&hellip;]<\/p>\n","protected":false},"author":1,"featured_media":118932,"comment_status":"open","ping_status":"open","sticky":false,"template":"","format":"standard","meta":{"footnotes":""},"categories":[21],"tags":[],"class_list":["post-118931","post","type-post","status-publish","format-standard","has-post-thumbnail","hentry","category-estatal"],"blog_post_layout_featured_media_urls":{"thumbnail":["https:\/\/diariolanoticia.com.mx\/wp-content\/uploads\/2024\/01\/VIOLENCIA-DE-GENERO-216x160.jpg",216,160,true],"full":["https:\/\/diariolanoticia.com.mx\/wp-content\/uploads\/2024\/01\/VIOLENCIA-DE-GENERO.jpg",308,494,false]},"categories_names":{"21":{"name":"Estatal","link":"https:\/\/diariolanoticia.com.mx\/?cat=21"}},"tags_names":[],"comments_number":"0","wpmagazine_modules_lite_featured_media_urls":{"thumbnail":["https:\/\/diariolanoticia.com.mx\/wp-content\/uploads\/2024\/01\/VIOLENCIA-DE-GENERO-216x160.jpg",216,160,true],"cvmm-medium":["https:\/\/diariolanoticia.com.mx\/wp-content\/uploads\/2024\/01\/VIOLENCIA-DE-GENERO-300x300.jpg",300,300,true],"cvmm-medium-plus":["https:\/\/diariolanoticia.com.mx\/wp-content\/uploads\/2024\/01\/VIOLENCIA-DE-GENERO-305x207.jpg",305,207,true],"cvmm-portrait":["https:\/\/diariolanoticia.com.mx\/wp-content\/uploads\/2024\/01\/VIOLENCIA-DE-GENERO.jpg",308,494,false],"cvmm-medium-square":["https:\/\/diariolanoticia.com.mx\/wp-content\/uploads\/2024\/01\/VIOLENCIA-DE-GENERO.jpg",308,494,false],"cvmm-large":["https:\/\/diariolanoticia.com.mx\/wp-content\/uploads\/2024\/01\/VIOLENCIA-DE-GENERO.jpg",308,494,false],"cvmm-small":["https:\/\/diariolanoticia.com.mx\/wp-content\/uploads\/2024\/01\/VIOLENCIA-DE-GENERO-130x95.jpg",130,95,true],"full":["https:\/\/diariolanoticia.com.mx\/wp-content\/uploads\/2024\/01\/VIOLENCIA-DE-GENERO.jpg",308,494,false]},"_links":{"self":[{"href":"https:\/\/diariolanoticia.com.mx\/index.php?rest_route=\/wp\/v2\/posts\/118931","targetHints":{"allow":["GET"]}}],"collection":[{"href":"https:\/\/diariolanoticia.com.mx\/index.php?rest_route=\/wp\/v2\/posts"}],"about":[{"href":"https:\/\/diariolanoticia.com.mx\/index.php?rest_route=\/wp\/v2\/types\/post"}],"author":[{"embeddable":true,"href":"https:\/\/diariolanoticia.com.mx\/index.php?rest_route=\/wp\/v2\/users\/1"}],"replies":[{"embeddable":true,"href":"https:\/\/diariolanoticia.com.mx\/index.php?rest_route=%2Fwp%2Fv2%2Fcomments&post=118931"}],"version-history":[{"count":1,"href":"https:\/\/diariolanoticia.com.mx\/index.php?rest_route=\/wp\/v2\/posts\/118931\/revisions"}],"predecessor-version":[{"id":118933,"href":"https:\/\/diariolanoticia.com.mx\/index.php?rest_route=\/wp\/v2\/posts\/118931\/revisions\/118933"}],"wp:featuredmedia":[{"embeddable":true,"href":"https:\/\/diariolanoticia.com.mx\/index.php?rest_route=\/wp\/v2\/media\/118932"}],"wp:attachment":[{"href":"https:\/\/diariolanoticia.com.mx\/index.php?rest_route=%2Fwp%2Fv2%2Fmedia&parent=118931"}],"wp:term":[{"taxonomy":"category","embeddable":true,"href":"https:\/\/diariolanoticia.com.mx\/index.php?rest_route=%2Fwp%2Fv2%2Fcategories&post=118931"},{"taxonomy":"post_tag","embeddable":true,"href":"https:\/\/diariolanoticia.com.mx\/index.php?rest_route=%2Fwp%2Fv2%2Ftags&post=118931"}],"curies":[{"name":"wp","href":"https:\/\/api.w.org\/{rel}","templated":true}]}}