{"id":119084,"date":"2024-01-15T21:56:22","date_gmt":"2024-01-16T03:56:22","guid":{"rendered":"https:\/\/diariolanoticia.com.mx\/?p=119084"},"modified":"2024-01-15T21:56:23","modified_gmt":"2024-01-16T03:56:23","slug":"atendio-sedif-tlaxcala-a-ninez-en-situacion-de-movilidad-humana-localizada-en-cuaxomulco","status":"publish","type":"post","link":"https:\/\/diariolanoticia.com.mx\/?p=119084","title":{"rendered":"ATENDI\u00d3 SEDIF TLAXCALA A NI\u00d1EZ EN SITUACI\u00d3N DE MOVILIDAD HUMANA LOCALIZADA EN CUAXOMULCO"},"content":{"rendered":"\n<p>*Se brindar\u00e1 la atenci\u00f3n necesaria hasta que dure su permanencia de acuerdo a su situaci\u00f3n migratoriaEl Sistema Estatal para el Desarrollo Integral de la Familia (Sedif) proporcion\u00f3 acogimiento residencial y asistencia social a 73 ni\u00f1as, ni\u00f1os y adolescentes que viajan sin acompa\u00f1amiento, as\u00ed como a 36 n\u00facleos familiares en situaci\u00f3n de movilidad humana que fueron localizados en el municipio de Cuaxomulco.<\/p>\n\n\n\n<p>Para la protecci\u00f3n de los derechos de la ni\u00f1ez migrante a su paso por Tlaxcala, el Sedif cuenta con dos espacios, el Albergue Temporal para la Ni\u00f1ez Migrante Acompa\u00f1ada y el Albergue Temporal para la Ni\u00f1ez Migrante No Acompa\u00f1ada.<\/p>\n\n\n\n<p>Ah\u00ed, las ni\u00f1as, ni\u00f1os, adolescentes y n\u00facleos familiares localizados en el municipio de Cuaxomulco requirieron revisi\u00f3n m\u00e9dica, sin que se detectaran situaciones graves que requirieran atenci\u00f3n m\u00e9dica mayor, alimentaci\u00f3n, hidrataci\u00f3n, contenci\u00f3n emocional y asistencia legal.<\/p>\n\n\n\n<p>Durante la noche del domingo y a lo largo de este lunes, el personal de ambos albergues del Sedif han trabajado para dar atenci\u00f3n a las y los ni\u00f1os y sus familias, su estancia depender\u00e1 de su situaci\u00f3n migratoria.<\/p>\n\n\n\n<p>En la labor de proteger y restituir los derechos de la ni\u00f1ez en situaci\u00f3n de movilidad humana trabaja el Sedif en coordinaci\u00f3n con diferentes dependencias gubernamentales, instituciones, organizaciones nacionales y organismos internacionales para garantizar el inter\u00e9s superior de la ni\u00f1ez.<\/p>\n\n\n\n<p>En el Sistema Estatal DIF se trabaja para garantizar la protecci\u00f3n integral de los derechos de la ni\u00f1ez en movilidad humana y proteger su derecho de vivir en familia.<\/p>\n","protected":false},"excerpt":{"rendered":"<p>*Se brindar\u00e1 la atenci\u00f3n necesaria hasta que dure su permanencia de acuerdo a su situaci\u00f3n migratoriaEl Sistema Estatal para el Desarrollo Integral de la Familia (Sedif) proporcion\u00f3 acogimiento residencial y asistencia social a 73 ni\u00f1as, ni\u00f1os y adolescentes que viajan sin acompa\u00f1amiento, as\u00ed como a 36 n\u00facleos familiares en situaci\u00f3n de movilidad humana que fueron [&hellip;]<\/p>\n","protected":false},"author":1,"featured_media":119085,"comment_status":"open","ping_status":"open","sticky":false,"template":"","format":"standard","meta":{"footnotes":""},"categories":[21],"tags":[],"class_list":["post-119084","post","type-post","status-publish","format-standard","has-post-thumbnail","hentry","category-estatal"],"blog_post_layout_featured_media_urls":{"thumbnail":["https:\/\/diariolanoticia.com.mx\/wp-content\/uploads\/2024\/01\/WhatsApp-Image-2024-01-15-at-7.16.00-PM-216x160.jpeg",216,160,true],"full":["https:\/\/diariolanoticia.com.mx\/wp-content\/uploads\/2024\/01\/WhatsApp-Image-2024-01-15-at-7.16.00-PM.jpeg",960,660,false]},"categories_names":{"21":{"name":"Estatal","link":"https:\/\/diariolanoticia.com.mx\/?cat=21"}},"tags_names":[],"comments_number":"0","wpmagazine_modules_lite_featured_media_urls":{"thumbnail":["https:\/\/diariolanoticia.com.mx\/wp-content\/uploads\/2024\/01\/WhatsApp-Image-2024-01-15-at-7.16.00-PM-216x160.jpeg",216,160,true],"cvmm-medium":["https:\/\/diariolanoticia.com.mx\/wp-content\/uploads\/2024\/01\/WhatsApp-Image-2024-01-15-at-7.16.00-PM-300x300.jpeg",300,300,true],"cvmm-medium-plus":["https:\/\/diariolanoticia.com.mx\/wp-content\/uploads\/2024\/01\/WhatsApp-Image-2024-01-15-at-7.16.00-PM-305x207.jpeg",305,207,true],"cvmm-portrait":["https:\/\/diariolanoticia.com.mx\/wp-content\/uploads\/2024\/01\/WhatsApp-Image-2024-01-15-at-7.16.00-PM-400x600.jpeg",400,600,true],"cvmm-medium-square":["https:\/\/diariolanoticia.com.mx\/wp-content\/uploads\/2024\/01\/WhatsApp-Image-2024-01-15-at-7.16.00-PM-600x600.jpeg",600,600,true],"cvmm-large":["https:\/\/diariolanoticia.com.mx\/wp-content\/uploads\/2024\/01\/WhatsApp-Image-2024-01-15-at-7.16.00-PM.jpeg",960,660,false],"cvmm-small":["https:\/\/diariolanoticia.com.mx\/wp-content\/uploads\/2024\/01\/WhatsApp-Image-2024-01-15-at-7.16.00-PM-130x95.jpeg",130,95,true],"full":["https:\/\/diariolanoticia.com.mx\/wp-content\/uploads\/2024\/01\/WhatsApp-Image-2024-01-15-at-7.16.00-PM.jpeg",960,660,false]},"_links":{"self":[{"href":"https:\/\/diariolanoticia.com.mx\/index.php?rest_route=\/wp\/v2\/posts\/119084","targetHints":{"allow":["GET"]}}],"collection":[{"href":"https:\/\/diariolanoticia.com.mx\/index.php?rest_route=\/wp\/v2\/posts"}],"about":[{"href":"https:\/\/diariolanoticia.com.mx\/index.php?rest_route=\/wp\/v2\/types\/post"}],"author":[{"embeddable":true,"href":"https:\/\/diariolanoticia.com.mx\/index.php?rest_route=\/wp\/v2\/users\/1"}],"replies":[{"embeddable":true,"href":"https:\/\/diariolanoticia.com.mx\/index.php?rest_route=%2Fwp%2Fv2%2Fcomments&post=119084"}],"version-history":[{"count":1,"href":"https:\/\/diariolanoticia.com.mx\/index.php?rest_route=\/wp\/v2\/posts\/119084\/revisions"}],"predecessor-version":[{"id":119086,"href":"https:\/\/diariolanoticia.com.mx\/index.php?rest_route=\/wp\/v2\/posts\/119084\/revisions\/119086"}],"wp:featuredmedia":[{"embeddable":true,"href":"https:\/\/diariolanoticia.com.mx\/index.php?rest_route=\/wp\/v2\/media\/119085"}],"wp:attachment":[{"href":"https:\/\/diariolanoticia.com.mx\/index.php?rest_route=%2Fwp%2Fv2%2Fmedia&parent=119084"}],"wp:term":[{"taxonomy":"category","embeddable":true,"href":"https:\/\/diariolanoticia.com.mx\/index.php?rest_route=%2Fwp%2Fv2%2Fcategories&post=119084"},{"taxonomy":"post_tag","embeddable":true,"href":"https:\/\/diariolanoticia.com.mx\/index.php?rest_route=%2Fwp%2Fv2%2Ftags&post=119084"}],"curies":[{"name":"wp","href":"https:\/\/api.w.org\/{rel}","templated":true}]}}