{"id":119219,"date":"2024-01-17T18:41:18","date_gmt":"2024-01-18T00:41:18","guid":{"rendered":"https:\/\/diariolanoticia.com.mx\/?p=119219"},"modified":"2024-01-17T18:41:17","modified_gmt":"2024-01-18T00:41:17","slug":"desde-el-corazon-con-12-latidos-rinde-gaby-bonilla-informe-de-actividades","status":"publish","type":"post","link":"https:\/\/diariolanoticia.com.mx\/?p=119219","title":{"rendered":"\u201cDesde el Coraz\u00f3n\u201d, con 12 latidos, rinde Gaby Bonilla informe de actividades"},"content":{"rendered":"\n<p> <em>* La presidenta del SEDIF dio a conocer las 12 acciones fundamentales que han transformado la cara del organismo<\/em><\/p>\n\n\n\n<p><em>*Destac\u00f3 el respaldo a ni\u00f1as, ni\u00f1os y adolescentes, personas adultas mayores, con discapacidad y en situaci\u00f3n de vulnerabilidad para apoyarlos a tener una mejor vida<\/em><\/p>\n\n\n\n<p><em>*Durante el a\u00f1o 2023, 21 menores fueron adoptados y 109 m\u00e1s restituidos con sus familias<\/em><\/p>\n\n\n\n<p><strong>CIUDAD DE PUEBLA, Pue. \u2013<\/strong> \u201cProteger y salvaguardar el bienestar de las ni\u00f1as, ni\u00f1os y adolescentes bajo nuestra protecci\u00f3n; as\u00ed como dotar de mejores condiciones de vida a las personas con discapacidad, adultas mayores y quien m\u00e1s lo necesite, es la prioridad del Sistema para el Desarrollo Integral de la Familia del Estado de Puebla (SEDIF)\u201d, destac\u00f3 la presidenta honoraria del Patronato, Gaby Bonilla, en su Informe de Actividades.<\/p>\n\n\n\n<p>Ante un escenario lleno en el Centro de Convenciones, en compa\u00f1\u00eda del gobernador Sergio Salom\u00f3n y el gabinete del gobierno estatal, integrantes del Congreso de Puebla y Poder Judicial, as\u00ed como sociedad civil, empresas y asociaciones que han trabajado con el organismo; Gaby Bonilla inform\u00f3 de las acciones realizadas en 2023 al frente, donde destac\u00f3 las acciones fundamentales, los \u201c12 latidos\u201d con los que el SEDIF benefici\u00f3 a las personas y las familias que m\u00e1s lo necesitan en Puebla.<\/p>\n\n\n\n<p>En su mensaje, la presidenta honoraria marc\u00f3 como primer latido el esfuerzo en favor de las ni\u00f1as y ni\u00f1os bajo resguardo del SEDIF, donde afirm\u00f3 que desde que lleg\u00f3 al organismo, ha trabajado, junto a su equipo, para darles las mejores condiciones de dignidad y cuidado, para que crezcan en un ambiente sano, con desarrollo pleno y con herramientas para el futuro.<\/p>\n\n\n\n<p>En ese tenor, destac\u00f3 que el cuidado de las ni\u00f1as y ni\u00f1os es fundamental, por lo cual tambi\u00e9n han generado acciones para su bienestar, como lo ha sido la remodelaci\u00f3n de la Casa de la Ni\u00f1ez Poblana y mejora de sus instalaciones, adem\u00e1s del reequipamiento para los Centros de Atenci\u00f3n Infantil Comunitario (CAIC), que benefici\u00f3 a 4 mil 970 ni\u00f1as y ni\u00f1os en 73 municipios.<\/p>\n\n\n\n<p>Asimismo, Gaby Bonilla anunci\u00f3 que, como parte de las estrategias para el disfrute y desarrollo de las y los menores bajo resguardo del SEDIF, ser\u00e1n ellas y ellos quienes visiten por primera vez a la jirafa \u201cBenito\u201d quien llegar\u00e1 en pr\u00f3ximas semanas a la reserva ecol\u00f3gica de Africam Safari en Valsequillo, Puebla.<\/p>\n\n\n\n<p>Del mismo modo, expres\u00f3 el trabajo por las y los adolescentes, donde apunt\u00f3 que una de las principales acciones este a\u00f1o es la construcci\u00f3n de la nueva Casa del Adolescente, misma que albergar\u00e1 a las y los j\u00f3venes bajo resguardo con mejores espacios, dignos y con todo lo necesario para su crecimiento. Asimismo, para este a\u00f1o fue puesto en construcci\u00f3n el complejo de departamentos que podr\u00e1n usar durante seis meses quienes cumplan 18 a\u00f1os y no cuenten con una red de apoyo para integrarse a la sociedad.<\/p>\n\n\n\n<p><strong>Familia, coraz\u00f3n del SEDIF<\/strong><\/p>\n\n\n\n<p>Durante su informe de actividades, Gaby Bonilla se\u00f1al\u00f3 que la familia, como el n\u00facleo m\u00e1s importante de la sociedad, es el latido m\u00e1s fuerte de su gesti\u00f3n, ya que ello deriva en que m\u00e1s menores tengan un lugar s\u00f3lido para su crecimiento y pleno desarrollo.<\/p>\n\n\n\n<p>Por lo mismo, destac\u00f3 que, durante 2023, de manera hist\u00f3rica, se lograron concluir 21 procesos de adopci\u00f3n, lo cual hizo que los menores ahora vivan en un entorno de amor y cuidado. Asimismo, inform\u00f3 que 109 ni\u00f1as, ni\u00f1os y adolescentes fueron restituidos con sus familias de origen o extensas, asegurando que est\u00e9n en un entorno favorable para su desarrollo.<\/p>\n\n\n\n<p><strong>Fortalece SEDIF alimentaci\u00f3n de familias poblanas <\/strong><\/p>\n\n\n\n<p>En su mensaje, Gaby Bonilla apunt\u00f3 que durante el \u00faltimo a\u00f1o el apoyo alimentario fue parte importante de su gesti\u00f3n, a fin de fortalecer y salvaguardar la alimentaci\u00f3n de las familias poblanas en situaci\u00f3n de vulnerabilidad.<\/p>\n\n\n\n<p>En ese tenor, destac\u00f3 que, en su primer a\u00f1o de gesti\u00f3n, fueron entregadas un mill\u00f3n 247 mil despensas que ayudaron a m\u00e1s de 158 mil personas, entre ni\u00f1as, ni\u00f1os, adolescentes, mujeres embarazadas y personas adultas mayores, as\u00ed como con discapacidad, c\u00e1ncer y en situaci\u00f3n de emergencia, asegurando su derecho a la alimentaci\u00f3n.<\/p>\n\n\n\n<p><strong>Laten corazones por adultos mayores<\/strong><\/p>\n\n\n\n<p>Como otro latido importante para su gesti\u00f3n, Gaby Bonilla se\u00f1al\u00f3 la atenci\u00f3n a las y los adultos mayores, al mejorar las instalaciones de la \u201cCasa del Abue\u201d, brindarles servicios m\u00e9dicos y fortalecer las Estancias de D\u00eda para su cuidado y atenci\u00f3n, as\u00ed como la entrega de ayudas funcionales, para elevar su calidad de vida, darles m\u00e1s independencia y movilidad.<\/p>\n\n\n\n<p><strong>Reafirma Gaby Bonilla apoyo a personas con discapacidad<\/strong><\/p>\n\n\n\n<p>Destac\u00f3 que, de enero a diciembre de 2023, fueron entregados 9 mil 340 aparatos y ayudas, lo cual impact\u00f3 en beneficio de 7 mil 214 personas, as\u00ed como implantes cocleares, actualizaciones y \u201caddhear\u201d, adem\u00e1s de 151 pr\u00f3tesis externas.<\/p>\n\n\n\n<p>Del mismo modo, mencion\u00f3 la iniciativa de las \u201cJornadas Incluyentes\u201d, las cuales acercaron servicios del Sistema a todas las poblanas y poblanos con discapacidad, adem\u00e1s de rehabilitaci\u00f3n y terapias en coordinaci\u00f3n con el CRIT Telet\u00f3n Puebla, fundaci\u00f3n CLISA y la fundaci\u00f3n \u201cUna Nueva Esperanza\u201d. <\/p>\n\n\n\n<p>Para concluir, Gaby Bonilla afirm\u00f3 que seguir\u00e1 trabajando por quienes m\u00e1s lo necesitan desde el SEDIF, en sinergia con el gobierno presente que encabeza Sergio Salom\u00f3n, a fin de generar un cambio para bien en la vida de las y los poblanos que m\u00e1s lo necesitan.<\/p>\n","protected":false},"excerpt":{"rendered":"<p>* La presidenta del SEDIF dio a conocer las 12 acciones fundamentales que han transformado la cara del organismo *Destac\u00f3 el respaldo a ni\u00f1as, ni\u00f1os y adolescentes, personas adultas mayores, con discapacidad y en situaci\u00f3n de vulnerabilidad para apoyarlos a tener una mejor vida *Durante el a\u00f1o 2023, 21 menores fueron adoptados y 109 m\u00e1s [&hellip;]<\/p>\n","protected":false},"author":1,"featured_media":119218,"comment_status":"open","ping_status":"open","sticky":false,"template":"","format":"standard","meta":{"footnotes":""},"categories":[20],"tags":[52],"class_list":["post-119219","post","type-post","status-publish","format-standard","has-post-thumbnail","hentry","category-norte-de-puebla","tag-puebla"],"blog_post_layout_featured_media_urls":{"thumbnail":["https:\/\/diariolanoticia.com.mx\/wp-content\/uploads\/2024\/01\/img_5008-2-1-216x160.jpg",216,160,true],"full":["https:\/\/diariolanoticia.com.mx\/wp-content\/uploads\/2024\/01\/img_5008-2-1.jpg",1500,1133,false]},"categories_names":{"20":{"name":"Norte de Puebla","link":"https:\/\/diariolanoticia.com.mx\/?cat=20"}},"tags_names":{"52":{"name":"Puebla","link":"https:\/\/diariolanoticia.com.mx\/?tag=puebla"}},"comments_number":"0","wpmagazine_modules_lite_featured_media_urls":{"thumbnail":["https:\/\/diariolanoticia.com.mx\/wp-content\/uploads\/2024\/01\/img_5008-2-1-216x160.jpg",216,160,true],"cvmm-medium":["https:\/\/diariolanoticia.com.mx\/wp-content\/uploads\/2024\/01\/img_5008-2-1-300x300.jpg",300,300,true],"cvmm-medium-plus":["https:\/\/diariolanoticia.com.mx\/wp-content\/uploads\/2024\/01\/img_5008-2-1-305x207.jpg",305,207,true],"cvmm-portrait":["https:\/\/diariolanoticia.com.mx\/wp-content\/uploads\/2024\/01\/img_5008-2-1-400x600.jpg",400,600,true],"cvmm-medium-square":["https:\/\/diariolanoticia.com.mx\/wp-content\/uploads\/2024\/01\/img_5008-2-1-600x600.jpg",600,600,true],"cvmm-large":["https:\/\/diariolanoticia.com.mx\/wp-content\/uploads\/2024\/01\/img_5008-2-1-1024x1024.jpg",1024,1024,true],"cvmm-small":["https:\/\/diariolanoticia.com.mx\/wp-content\/uploads\/2024\/01\/img_5008-2-1-130x95.jpg",130,95,true],"full":["https:\/\/diariolanoticia.com.mx\/wp-content\/uploads\/2024\/01\/img_5008-2-1.jpg",1500,1133,false]},"_links":{"self":[{"href":"https:\/\/diariolanoticia.com.mx\/index.php?rest_route=\/wp\/v2\/posts\/119219","targetHints":{"allow":["GET"]}}],"collection":[{"href":"https:\/\/diariolanoticia.com.mx\/index.php?rest_route=\/wp\/v2\/posts"}],"about":[{"href":"https:\/\/diariolanoticia.com.mx\/index.php?rest_route=\/wp\/v2\/types\/post"}],"author":[{"embeddable":true,"href":"https:\/\/diariolanoticia.com.mx\/index.php?rest_route=\/wp\/v2\/users\/1"}],"replies":[{"embeddable":true,"href":"https:\/\/diariolanoticia.com.mx\/index.php?rest_route=%2Fwp%2Fv2%2Fcomments&post=119219"}],"version-history":[{"count":1,"href":"https:\/\/diariolanoticia.com.mx\/index.php?rest_route=\/wp\/v2\/posts\/119219\/revisions"}],"predecessor-version":[{"id":119220,"href":"https:\/\/diariolanoticia.com.mx\/index.php?rest_route=\/wp\/v2\/posts\/119219\/revisions\/119220"}],"wp:featuredmedia":[{"embeddable":true,"href":"https:\/\/diariolanoticia.com.mx\/index.php?rest_route=\/wp\/v2\/media\/119218"}],"wp:attachment":[{"href":"https:\/\/diariolanoticia.com.mx\/index.php?rest_route=%2Fwp%2Fv2%2Fmedia&parent=119219"}],"wp:term":[{"taxonomy":"category","embeddable":true,"href":"https:\/\/diariolanoticia.com.mx\/index.php?rest_route=%2Fwp%2Fv2%2Fcategories&post=119219"},{"taxonomy":"post_tag","embeddable":true,"href":"https:\/\/diariolanoticia.com.mx\/index.php?rest_route=%2Fwp%2Fv2%2Ftags&post=119219"}],"curies":[{"name":"wp","href":"https:\/\/api.w.org\/{rel}","templated":true}]}}