{"id":119598,"date":"2024-01-25T17:42:18","date_gmt":"2024-01-25T23:42:18","guid":{"rendered":"https:\/\/diariolanoticia.com.mx\/?p=119598"},"modified":"2024-01-25T17:42:19","modified_gmt":"2024-01-25T23:42:19","slug":"es-la-uatx-opcion-de-crecimiento-profesional-y-personal-de-estudiantes","status":"publish","type":"post","link":"https:\/\/diariolanoticia.com.mx\/?p=119598","title":{"rendered":"Es la UATx opci\u00f3n de crecimiento profesional y personal de estudiantes"},"content":{"rendered":"\n<p>La Universidad Aut\u00f3noma de Tlaxcala (UATx) a trav\u00e9s de la Secretar\u00eda de Autorrealizaci\u00f3n, llev\u00f3 a cabo la ceremonia de bienvenida a los alumnos de nuevo ingreso de las diferentes Facultades y Unidades Acad\u00e9micas Multidisciplinarias correspondiente al Ciclo Primavera 2024, celebrada en el Teatro Universitario.<\/p>\n\n\n\n<p>En representaci\u00f3n del Doctor Seraf\u00edn Ortiz Ortiz, Rector de la UATx, la Doctora Margarita Mart\u00ednez G\u00f3mez, Secretaria Acad\u00e9mica, destac\u00f3 que la Aut\u00f3noma de Tlaxcala cuenta con&nbsp; un paradigma educativo \u00fanico en M\u00e9xico, el Modelo Humanista Integrador basado en Capacidades (MHIC), adem\u00e1s de un pilar s\u00f3lido como lo es programa de autorrealizaci\u00f3n, que trata de potenciar no solo las capacidades relacionadas con el crecimiento profesional sino tambi\u00e9n de afianzar valores y fomentar trabajo colaborativo y de relevancia social.<\/p>\n\n\n\n<p>Puntualiz\u00f3 que todo lo anterior se complementa con la unidad de aprendizaje denominada praxis profesional, adem\u00e1s de que en la m\u00e1xima Casa de Estudios de la entidad se propicia la interculturalidad, la inclusi\u00f3n, la sostenibilidad, la innovaci\u00f3n social, la igualdad de g\u00e9nero, la cultura de paz y el respeto a la dignidad humana dentro del marco de los derechos humanos.<\/p>\n\n\n\n<p>Por su parte, el Doctor Juan George Zecua, Secretario de Autorrealizaci\u00f3n, subray\u00f3 que en la UATx, adquirir\u00e1n las herramientas y conocimientos necesarios que los preparar\u00e1 para el futuro de su estado y del pa\u00eds, convirti\u00e9ndolos en profesionistas competitivos en las diferentes disciplinas avaladas por el MHIC, que fomenta la mejora continua de la instituci\u00f3n a trav\u00e9s de sus programas de estudio competitivos acreditados y certificados.<\/p>\n\n\n\n<p>En representaci\u00f3n de sus compa\u00f1eros, Sara\u00ed de Gante del Razo, alumna de la Licenciatura en Turismo Internacional del campus Calpulalpan, agradeci\u00f3 la oportunidad de estudiar en esta alma m\u00e1ter, donde tendr\u00e1n la oportunidad de adquirir conocimientos y habilidades que le permitir\u00e1 contribuir con sus capacidades a la sociedad.<\/p>\n\n\n\n<p>Este evento cont\u00f3 con la participaci\u00f3n de los grupos art\u00edsticos de la Secretar\u00eda de Extensi\u00f3n Universitaria y Difusi\u00f3n Cultural, as\u00ed como la disertaci\u00f3n de la conferencia motivacional a cargo de la Maestra Fernanda Medell\u00edn.<\/p>\n\n\n\n<p>Esta ceremonia de bienvenida cont\u00f3 con la presencia de la estructura directiva de la Aut\u00f3noma de Tlaxcala.<\/p>\n","protected":false},"excerpt":{"rendered":"<p>La Universidad Aut\u00f3noma de Tlaxcala (UATx) a trav\u00e9s de la Secretar\u00eda de Autorrealizaci\u00f3n, llev\u00f3 a cabo la ceremonia de bienvenida a los alumnos de nuevo ingreso de las diferentes Facultades y Unidades Acad\u00e9micas Multidisciplinarias correspondiente al Ciclo Primavera 2024, celebrada en el Teatro Universitario. En representaci\u00f3n del Doctor Seraf\u00edn Ortiz Ortiz, Rector de la UATx, [&hellip;]<\/p>\n","protected":false},"author":1,"featured_media":119599,"comment_status":"open","ping_status":"open","sticky":false,"template":"","format":"standard","meta":{"footnotes":""},"categories":[10],"tags":[],"class_list":["post-119598","post","type-post","status-publish","format-standard","has-post-thumbnail","hentry","category-educacion"],"blog_post_layout_featured_media_urls":{"thumbnail":["https:\/\/diariolanoticia.com.mx\/wp-content\/uploads\/2024\/01\/25-A-Es-la-UATx-opcion-de-crecimiento-profesional-y-personal-de-estudiantes-216x160.jpg",216,160,true],"full":["https:\/\/diariolanoticia.com.mx\/wp-content\/uploads\/2024\/01\/25-A-Es-la-UATx-opcion-de-crecimiento-profesional-y-personal-de-estudiantes.jpg",2000,1253,false]},"categories_names":{"10":{"name":"Educaci\u00f3n","link":"https:\/\/diariolanoticia.com.mx\/?cat=10"}},"tags_names":[],"comments_number":"0","wpmagazine_modules_lite_featured_media_urls":{"thumbnail":["https:\/\/diariolanoticia.com.mx\/wp-content\/uploads\/2024\/01\/25-A-Es-la-UATx-opcion-de-crecimiento-profesional-y-personal-de-estudiantes-216x160.jpg",216,160,true],"cvmm-medium":["https:\/\/diariolanoticia.com.mx\/wp-content\/uploads\/2024\/01\/25-A-Es-la-UATx-opcion-de-crecimiento-profesional-y-personal-de-estudiantes-300x300.jpg",300,300,true],"cvmm-medium-plus":["https:\/\/diariolanoticia.com.mx\/wp-content\/uploads\/2024\/01\/25-A-Es-la-UATx-opcion-de-crecimiento-profesional-y-personal-de-estudiantes-305x207.jpg",305,207,true],"cvmm-portrait":["https:\/\/diariolanoticia.com.mx\/wp-content\/uploads\/2024\/01\/25-A-Es-la-UATx-opcion-de-crecimiento-profesional-y-personal-de-estudiantes-400x600.jpg",400,600,true],"cvmm-medium-square":["https:\/\/diariolanoticia.com.mx\/wp-content\/uploads\/2024\/01\/25-A-Es-la-UATx-opcion-de-crecimiento-profesional-y-personal-de-estudiantes-600x600.jpg",600,600,true],"cvmm-large":["https:\/\/diariolanoticia.com.mx\/wp-content\/uploads\/2024\/01\/25-A-Es-la-UATx-opcion-de-crecimiento-profesional-y-personal-de-estudiantes-1024x1024.jpg",1024,1024,true],"cvmm-small":["https:\/\/diariolanoticia.com.mx\/wp-content\/uploads\/2024\/01\/25-A-Es-la-UATx-opcion-de-crecimiento-profesional-y-personal-de-estudiantes-130x95.jpg",130,95,true],"full":["https:\/\/diariolanoticia.com.mx\/wp-content\/uploads\/2024\/01\/25-A-Es-la-UATx-opcion-de-crecimiento-profesional-y-personal-de-estudiantes.jpg",2000,1253,false]},"_links":{"self":[{"href":"https:\/\/diariolanoticia.com.mx\/index.php?rest_route=\/wp\/v2\/posts\/119598","targetHints":{"allow":["GET"]}}],"collection":[{"href":"https:\/\/diariolanoticia.com.mx\/index.php?rest_route=\/wp\/v2\/posts"}],"about":[{"href":"https:\/\/diariolanoticia.com.mx\/index.php?rest_route=\/wp\/v2\/types\/post"}],"author":[{"embeddable":true,"href":"https:\/\/diariolanoticia.com.mx\/index.php?rest_route=\/wp\/v2\/users\/1"}],"replies":[{"embeddable":true,"href":"https:\/\/diariolanoticia.com.mx\/index.php?rest_route=%2Fwp%2Fv2%2Fcomments&post=119598"}],"version-history":[{"count":1,"href":"https:\/\/diariolanoticia.com.mx\/index.php?rest_route=\/wp\/v2\/posts\/119598\/revisions"}],"predecessor-version":[{"id":119600,"href":"https:\/\/diariolanoticia.com.mx\/index.php?rest_route=\/wp\/v2\/posts\/119598\/revisions\/119600"}],"wp:featuredmedia":[{"embeddable":true,"href":"https:\/\/diariolanoticia.com.mx\/index.php?rest_route=\/wp\/v2\/media\/119599"}],"wp:attachment":[{"href":"https:\/\/diariolanoticia.com.mx\/index.php?rest_route=%2Fwp%2Fv2%2Fmedia&parent=119598"}],"wp:term":[{"taxonomy":"category","embeddable":true,"href":"https:\/\/diariolanoticia.com.mx\/index.php?rest_route=%2Fwp%2Fv2%2Fcategories&post=119598"},{"taxonomy":"post_tag","embeddable":true,"href":"https:\/\/diariolanoticia.com.mx\/index.php?rest_route=%2Fwp%2Fv2%2Ftags&post=119598"}],"curies":[{"name":"wp","href":"https:\/\/api.w.org\/{rel}","templated":true}]}}