{"id":119657,"date":"2024-01-26T20:30:41","date_gmt":"2024-01-27T02:30:41","guid":{"rendered":"https:\/\/diariolanoticia.com.mx\/?p=119657"},"modified":"2024-01-26T20:30:42","modified_gmt":"2024-01-27T02:30:42","slug":"el-trabajo-coordinado-entre-gobierno-y-el-sector-privado-fortalecen-al-estado-sedeco","status":"publish","type":"post","link":"https:\/\/diariolanoticia.com.mx\/?p=119657","title":{"rendered":"EL TRABAJO COORDINADO ENTRE GOBIERNO Y EL SECTOR PRIVADO FORTALECEN AL ESTADO: SEDECO"},"content":{"rendered":"\n<p>*En su comparecencia, el secretario de Desarrollo Econ\u00f3mico dio a conocer los logros y avances<\/p>\n\n\n\n<p>Derivado de la glosa del segundo informe de la gobernadora Lorena Cu\u00e9llar Cisneros, el titular de la Secretar\u00eda de Desarrollo Econ\u00f3mico (Sedeco), Javier Marroqu\u00edn Calder\u00f3n, compareci\u00f3 ante las y los diputados de la LXIV Legislatura, donde resalt\u00f3 la inversi\u00f3n privada de 7 mil 530 millones de pesos en 12 nuevas compa\u00f1\u00edas en la entidad y 7 expansiones de empresas ya asentadas en Tlaxcala.<\/p>\n\n\n\n<p>Destac\u00f3 que la entidad ha alcanzado cifras r\u00e9cord en el tema de la generaci\u00f3n de empleos, pues en octubre del 2023 se alcanz\u00f3 115 mil 647 empleos formales, la mayor cifra que se ha registrado el estado, se han recuperado y creado 10 mil 872 nuevos empleos de septiembre 2021 a la fecha y se registr\u00f3 un crecimiento del 10.38 por ciento en lo que va de la administraci\u00f3n.<\/p>\n\n\n\n<p>Marroqu\u00edn Calder\u00f3n agreg\u00f3 que de acuerdo con estimaciones realizadas por la misma dependencia que preside, la derrama econ\u00f3mica estatal por eventos empresariales o tur\u00edsticos realizados fue de mil 501 millones de pesos, que se distribuyen entre los foros de proveedur\u00eda y cr\u00e9dito, el de automotriz, buen fin y turismo.<\/p>\n\n\n\n<p>Con base en el \u00cdndice de Competitividad Estatal del Instituto Mexicano para la Competitividad (IMCO), precis\u00f3 que Tlaxcala obtuvo un promedio de 1.9 por ciento de crecimiento, coloc\u00e1ndose en el quinto lugar a nivel nacional, de acuerdo a la inversi\u00f3n extranjera directa recibida en promedio en los \u00faltimos tres a\u00f1os por el estado, relativa al tama\u00f1o de su econom\u00eda.<\/p>\n\n\n\n<p>El funcionario estatal inform\u00f3 que, en el 2023, se dio atenci\u00f3n y asesor\u00eda personalizada a 580 empresas, se realizaron 24 cursos dise\u00f1ados meticulosamente para emprendedores, 12 cursos de capacitaci\u00f3n, un programa de capacitaci\u00f3n especializado, entre otras acciones.<\/p>\n\n\n\n<p>A\u00f1adi\u00f3 que se otorgaron 628 registros de marca con un subsidio significativo del 50 y hasta el 90 por ciento, lo que represent\u00f3 un ahorro de un mill\u00f3n 698 mil pesos a emprendedores y microempresarios.<\/p>\n\n\n\n<p>Adem\u00e1s, el secretario de Desarrollo Econ\u00f3mico se\u00f1al\u00f3 que por primera vez se realiz\u00f3 el Programa de Apoyo a la Reactivaci\u00f3n Econ\u00f3mica y Fomento a la Cultura Emprendedora en Tlaxcala con una bolsa de 5 millones 788 mil pesos en beneficio de 406 personas.<\/p>\n\n\n\n<p>A trav\u00e9s del programa \u201cImpulso a la Competitividad\u201d, se subsidi\u00f3 hasta el 80 por ciento del costo de terminales punto de venta para que los negocios pudieran cobrar con tarjetas de cr\u00e9dito y d\u00e9bito; se ha beneficiado a 407 Mipymes con una inversi\u00f3n de 125 mil pesos.<\/p>\n\n\n\n<p>En cuesti\u00f3n de Mejora Regulatoria, se instalaron 20 ventanillas certificadas de Sistema de Apertura R\u00e1pida de Empresas, al cierre del 2023 m\u00e1s de 14 mil procesos han usado alguno de los modelos de firma electr\u00f3nica y digital, entre otras acciones, que permitieron que Tlaxcala se posicionara como la entidad con mayor avance en el Observatorio Nacional de Mejora Regulatoria, al pasar del lugar 31 al lugar 19.<\/p>\n\n\n\n<p>El titular de la Sedeco resalt\u00f3: \u201cEstos son los logros y avances de Tlaxcala, hemos explorado juntos el vibrante panorama econ\u00f3mico, la innovaci\u00f3n empresarial y el compromiso con el crecimiento sostenible. Desde el dinamismo evidenciado en las cifras hasta las iniciativas concretas que transforman nuestra realidad\u201d.<\/p>\n","protected":false},"excerpt":{"rendered":"<p>*En su comparecencia, el secretario de Desarrollo Econ\u00f3mico dio a conocer los logros y avances Derivado de la glosa del segundo informe de la gobernadora Lorena Cu\u00e9llar Cisneros, el titular de la Secretar\u00eda de Desarrollo Econ\u00f3mico (Sedeco), Javier Marroqu\u00edn Calder\u00f3n, compareci\u00f3 ante las y los diputados de la LXIV Legislatura, donde resalt\u00f3 la inversi\u00f3n privada [&hellip;]<\/p>\n","protected":false},"author":1,"featured_media":119658,"comment_status":"open","ping_status":"open","sticky":false,"template":"","format":"standard","meta":{"footnotes":""},"categories":[21],"tags":[],"class_list":["post-119657","post","type-post","status-publish","format-standard","has-post-thumbnail","hentry","category-estatal"],"blog_post_layout_featured_media_urls":{"thumbnail":["https:\/\/diariolanoticia.com.mx\/wp-content\/uploads\/2024\/01\/WhatsApp-Image-2024-01-26-at-2.00.04-PM-216x160.jpeg",216,160,true],"full":["https:\/\/diariolanoticia.com.mx\/wp-content\/uploads\/2024\/01\/WhatsApp-Image-2024-01-26-at-2.00.04-PM.jpeg",1024,682,false]},"categories_names":{"21":{"name":"Estatal","link":"https:\/\/diariolanoticia.com.mx\/?cat=21"}},"tags_names":[],"comments_number":"0","wpmagazine_modules_lite_featured_media_urls":{"thumbnail":["https:\/\/diariolanoticia.com.mx\/wp-content\/uploads\/2024\/01\/WhatsApp-Image-2024-01-26-at-2.00.04-PM-216x160.jpeg",216,160,true],"cvmm-medium":["https:\/\/diariolanoticia.com.mx\/wp-content\/uploads\/2024\/01\/WhatsApp-Image-2024-01-26-at-2.00.04-PM-300x300.jpeg",300,300,true],"cvmm-medium-plus":["https:\/\/diariolanoticia.com.mx\/wp-content\/uploads\/2024\/01\/WhatsApp-Image-2024-01-26-at-2.00.04-PM-305x207.jpeg",305,207,true],"cvmm-portrait":["https:\/\/diariolanoticia.com.mx\/wp-content\/uploads\/2024\/01\/WhatsApp-Image-2024-01-26-at-2.00.04-PM-400x600.jpeg",400,600,true],"cvmm-medium-square":["https:\/\/diariolanoticia.com.mx\/wp-content\/uploads\/2024\/01\/WhatsApp-Image-2024-01-26-at-2.00.04-PM-600x600.jpeg",600,600,true],"cvmm-large":["https:\/\/diariolanoticia.com.mx\/wp-content\/uploads\/2024\/01\/WhatsApp-Image-2024-01-26-at-2.00.04-PM.jpeg",1024,682,false],"cvmm-small":["https:\/\/diariolanoticia.com.mx\/wp-content\/uploads\/2024\/01\/WhatsApp-Image-2024-01-26-at-2.00.04-PM-130x95.jpeg",130,95,true],"full":["https:\/\/diariolanoticia.com.mx\/wp-content\/uploads\/2024\/01\/WhatsApp-Image-2024-01-26-at-2.00.04-PM.jpeg",1024,682,false]},"_links":{"self":[{"href":"https:\/\/diariolanoticia.com.mx\/index.php?rest_route=\/wp\/v2\/posts\/119657","targetHints":{"allow":["GET"]}}],"collection":[{"href":"https:\/\/diariolanoticia.com.mx\/index.php?rest_route=\/wp\/v2\/posts"}],"about":[{"href":"https:\/\/diariolanoticia.com.mx\/index.php?rest_route=\/wp\/v2\/types\/post"}],"author":[{"embeddable":true,"href":"https:\/\/diariolanoticia.com.mx\/index.php?rest_route=\/wp\/v2\/users\/1"}],"replies":[{"embeddable":true,"href":"https:\/\/diariolanoticia.com.mx\/index.php?rest_route=%2Fwp%2Fv2%2Fcomments&post=119657"}],"version-history":[{"count":1,"href":"https:\/\/diariolanoticia.com.mx\/index.php?rest_route=\/wp\/v2\/posts\/119657\/revisions"}],"predecessor-version":[{"id":119659,"href":"https:\/\/diariolanoticia.com.mx\/index.php?rest_route=\/wp\/v2\/posts\/119657\/revisions\/119659"}],"wp:featuredmedia":[{"embeddable":true,"href":"https:\/\/diariolanoticia.com.mx\/index.php?rest_route=\/wp\/v2\/media\/119658"}],"wp:attachment":[{"href":"https:\/\/diariolanoticia.com.mx\/index.php?rest_route=%2Fwp%2Fv2%2Fmedia&parent=119657"}],"wp:term":[{"taxonomy":"category","embeddable":true,"href":"https:\/\/diariolanoticia.com.mx\/index.php?rest_route=%2Fwp%2Fv2%2Fcategories&post=119657"},{"taxonomy":"post_tag","embeddable":true,"href":"https:\/\/diariolanoticia.com.mx\/index.php?rest_route=%2Fwp%2Fv2%2Ftags&post=119657"}],"curies":[{"name":"wp","href":"https:\/\/api.w.org\/{rel}","templated":true}]}}