{"id":120381,"date":"2024-01-26T13:34:29","date_gmt":"2024-01-26T19:34:29","guid":{"rendered":"https:\/\/diariolanoticia.com.mx\/?p=120381"},"modified":"2024-02-19T13:34:47","modified_gmt":"2024-02-19T19:34:47","slug":"equipo-de-capama-presente-en-la-inauguracion-de-calle-prof-camilo-m-en-el-cerrito-de-guadalupe","status":"publish","type":"post","link":"https:\/\/diariolanoticia.com.mx\/?p=120381","title":{"rendered":"Equipo de CAPAMA presente en la inauguraci\u00f3n de calle Prof. Camilo M. en el Cerrito de Guadalupe"},"content":{"rendered":"\n<p>Seguimos inaugurando obra p\u00fablica <img loading=\"lazy\" decoding=\"async\" height=\"16\" width=\"16\" alt=\"\ud83d\udc77\ud83c\udffb\u200d\u2642\ufe0f\" src=\"https:\/\/static.xx.fbcdn.net\/images\/emoji.php\/v9\/t17\/1\/16\/1f477_1f3fb_200d_2642.png\">, hoy el Presidente Municipal <a href=\"https:\/\/www.facebook.com\/PabloBadilloApizaco?__cft__[0]=AZXK3JXfsnna5tCgBCUyaCJ76aVyP1Eth_dbupsdjXEPkr3uTm6iyZKC0zbYIGeq180JIRY6q_unGceAt4UrmzGVML34SSks5Soi0284riDlXZwcthLNna5Rwe_Hq1LNShOreKUrR1GyyvOOzC20V1YGIBbaX5wbNEvN__3kXQwpKaWS9DHl7dPhQRncy4YdNy4&amp;__tn__=-]K-R\">Pablo Badillo<\/a>, inaugur\u00f3 la calle Prof. Camilo M. Mart\u00ednez del Cerrito de Guadalupe, una vialidad muy transitada que con la construcci\u00f3n de pavimento de concreto hist\u00f3rico esperamos dure muchos a\u00f1os y sea de mucho beneficio no solo para los vecinos de la zona sino para todos los apizaquenses que transitamos por aqu\u00ed.<\/p>\n\n\n\n<p>\u00a1Enhorabuena! <img loading=\"lazy\" decoding=\"async\" height=\"16\" width=\"16\" alt=\"\ud83d\udc4f\ud83c\udffc\" src=\"https:\/\/static.xx.fbcdn.net\/images\/emoji.php\/v9\/t7a\/1\/16\/1f44f_1f3fc.png\"><\/p>\n\n\n\n<p><a href=\"https:\/\/www.facebook.com\/hashtag\/apizacomelate?__eep__=6&amp;__cft__[0]=AZXK3JXfsnna5tCgBCUyaCJ76aVyP1Eth_dbupsdjXEPkr3uTm6iyZKC0zbYIGeq180JIRY6q_unGceAt4UrmzGVML34SSks5Soi0284riDlXZwcthLNna5Rwe_Hq1LNShOreKUrR1GyyvOOzC20V1YGIBbaX5wbNEvN__3kXQwpKaWS9DHl7dPhQRncy4YdNy4&amp;__tn__=*NK-R\">#ApizacoMeLate<\/a><\/p>\n\n\n\n<p><a href=\"https:\/\/www.facebook.com\/hashtag\/miciudad?__eep__=6&amp;__cft__[0]=AZXK3JXfsnna5tCgBCUyaCJ76aVyP1Eth_dbupsdjXEPkr3uTm6iyZKC0zbYIGeq180JIRY6q_unGceAt4UrmzGVML34SSks5Soi0284riDlXZwcthLNna5Rwe_Hq1LNShOreKUrR1GyyvOOzC20V1YGIBbaX5wbNEvN__3kXQwpKaWS9DHl7dPhQRncy4YdNy4&amp;__tn__=*NK-R\">#MiCiudad<\/a><img loading=\"lazy\" decoding=\"async\" height=\"16\" width=\"16\" alt=\"\ud83e\udef0\ud83c\udffc\" src=\"https:\/\/static.xx.fbcdn.net\/images\/emoji.php\/v9\/tff\/1\/16\/1faf0_1f3fc.png\"><\/p>\n","protected":false},"excerpt":{"rendered":"<p>Seguimos inaugurando obra p\u00fablica , hoy el Presidente Municipal Pablo Badillo, inaugur\u00f3 la calle Prof. Camilo M. Mart\u00ednez del Cerrito de Guadalupe, una vialidad muy transitada que con la construcci\u00f3n de pavimento de concreto hist\u00f3rico esperamos dure muchos a\u00f1os y sea de mucho beneficio no solo para los vecinos de la zona sino para todos [&hellip;]<\/p>\n","protected":false},"author":1,"featured_media":120382,"comment_status":"open","ping_status":"open","sticky":false,"template":"","format":"standard","meta":{"footnotes":""},"categories":[3],"tags":[],"class_list":["post-120381","post","type-post","status-publish","format-standard","has-post-thumbnail","hentry","category-apizaco"],"blog_post_layout_featured_media_urls":{"thumbnail":["https:\/\/diariolanoticia.com.mx\/wp-content\/uploads\/2024\/02\/422968888_788365079997543_2043299559990729139_n-216x160.jpg",216,160,true],"full":["https:\/\/diariolanoticia.com.mx\/wp-content\/uploads\/2024\/02\/422968888_788365079997543_2043299559990729139_n.jpg",1280,839,false]},"categories_names":{"3":{"name":"Apizaco","link":"https:\/\/diariolanoticia.com.mx\/?cat=3"}},"tags_names":[],"comments_number":"0","wpmagazine_modules_lite_featured_media_urls":{"thumbnail":["https:\/\/diariolanoticia.com.mx\/wp-content\/uploads\/2024\/02\/422968888_788365079997543_2043299559990729139_n-216x160.jpg",216,160,true],"cvmm-medium":["https:\/\/diariolanoticia.com.mx\/wp-content\/uploads\/2024\/02\/422968888_788365079997543_2043299559990729139_n-300x300.jpg",300,300,true],"cvmm-medium-plus":["https:\/\/diariolanoticia.com.mx\/wp-content\/uploads\/2024\/02\/422968888_788365079997543_2043299559990729139_n-305x207.jpg",305,207,true],"cvmm-portrait":["https:\/\/diariolanoticia.com.mx\/wp-content\/uploads\/2024\/02\/422968888_788365079997543_2043299559990729139_n-400x600.jpg",400,600,true],"cvmm-medium-square":["https:\/\/diariolanoticia.com.mx\/wp-content\/uploads\/2024\/02\/422968888_788365079997543_2043299559990729139_n-600x600.jpg",600,600,true],"cvmm-large":["https:\/\/diariolanoticia.com.mx\/wp-content\/uploads\/2024\/02\/422968888_788365079997543_2043299559990729139_n-1024x839.jpg",1024,839,true],"cvmm-small":["https:\/\/diariolanoticia.com.mx\/wp-content\/uploads\/2024\/02\/422968888_788365079997543_2043299559990729139_n-130x95.jpg",130,95,true],"full":["https:\/\/diariolanoticia.com.mx\/wp-content\/uploads\/2024\/02\/422968888_788365079997543_2043299559990729139_n.jpg",1280,839,false]},"_links":{"self":[{"href":"https:\/\/diariolanoticia.com.mx\/index.php?rest_route=\/wp\/v2\/posts\/120381","targetHints":{"allow":["GET"]}}],"collection":[{"href":"https:\/\/diariolanoticia.com.mx\/index.php?rest_route=\/wp\/v2\/posts"}],"about":[{"href":"https:\/\/diariolanoticia.com.mx\/index.php?rest_route=\/wp\/v2\/types\/post"}],"author":[{"embeddable":true,"href":"https:\/\/diariolanoticia.com.mx\/index.php?rest_route=\/wp\/v2\/users\/1"}],"replies":[{"embeddable":true,"href":"https:\/\/diariolanoticia.com.mx\/index.php?rest_route=%2Fwp%2Fv2%2Fcomments&post=120381"}],"version-history":[{"count":1,"href":"https:\/\/diariolanoticia.com.mx\/index.php?rest_route=\/wp\/v2\/posts\/120381\/revisions"}],"predecessor-version":[{"id":120383,"href":"https:\/\/diariolanoticia.com.mx\/index.php?rest_route=\/wp\/v2\/posts\/120381\/revisions\/120383"}],"wp:featuredmedia":[{"embeddable":true,"href":"https:\/\/diariolanoticia.com.mx\/index.php?rest_route=\/wp\/v2\/media\/120382"}],"wp:attachment":[{"href":"https:\/\/diariolanoticia.com.mx\/index.php?rest_route=%2Fwp%2Fv2%2Fmedia&parent=120381"}],"wp:term":[{"taxonomy":"category","embeddable":true,"href":"https:\/\/diariolanoticia.com.mx\/index.php?rest_route=%2Fwp%2Fv2%2Fcategories&post=120381"},{"taxonomy":"post_tag","embeddable":true,"href":"https:\/\/diariolanoticia.com.mx\/index.php?rest_route=%2Fwp%2Fv2%2Ftags&post=120381"}],"curies":[{"name":"wp","href":"https:\/\/api.w.org\/{rel}","templated":true}]}}