{"id":120434,"date":"2024-02-19T15:37:52","date_gmt":"2024-02-19T21:37:52","guid":{"rendered":"https:\/\/diariolanoticia.com.mx\/?p=120434"},"modified":"2024-02-19T15:38:10","modified_gmt":"2024-02-19T21:38:10","slug":"amlo-preside-en-puebla-ceremonia-por-el-dia-del-ejercito-mexicano-acompanado-del-gobernador-sergio-salomon","status":"publish","type":"post","link":"https:\/\/diariolanoticia.com.mx\/?p=120434","title":{"rendered":"AMLO preside en Puebla ceremonia por el D\u00eda del Ej\u00e9rcito Mexicano, acompa\u00f1ado del Gobernador Sergio Salom\u00f3n"},"content":{"rendered":"\n<p><em>-El mandatario federal condecor\u00f3 a personal militar por su labor y reconoci\u00f3 a las Fuerzas Armadas por su contribuci\u00f3n en la construcci\u00f3n de la paz&nbsp;<\/em><\/p>\n\n\n\n<p><strong>ORIENTAL, Pue. &#8211;<\/strong>&nbsp; El presidente de M\u00e9xico, Andr\u00e9s Manuel L\u00f3pez Obrador y el gobernador Sergio Salom\u00f3n presidieron la Ceremonia Conmemorativa por el 111 Aniversario de la Creaci\u00f3n del Ej\u00e9rcito Mexicano y la inauguraci\u00f3n de nuevas instalaciones en el complejo de la Industria Militar ubicado en este municipio.<\/p>\n\n\n\n<p>En compa\u00f1\u00eda del secretario de la Defensa Nacional (SEDENA), Luis Cresencio Sandoval Gonz\u00e1lez, el titular del Ejecutivo federal condecor\u00f3 a personal militar por su labor y reconoci\u00f3 que las Fuerzas Armadas son un pilar fundamental en la construcci\u00f3n de la paz en el pa\u00eds, as\u00ed como para contribuir en el bienestar de las y los mexicanos.<\/p>\n\n\n\n<p>Asimismo, inform\u00f3 que las Fuerzas Armadas han sido fundamentales para consolidar la Cuarta Transformaci\u00f3n en M\u00e9xico de una manera pac\u00edfica, muestra de ello es su participaci\u00f3n para las construcciones de los aeropuertos internacionales \u201cFelipe \u00c1ngeles\u201d y de Tulum \u201cFelipe Carrillo Puerto\u201d, as\u00ed como de tramos del Tren Maya.&nbsp;<\/p>\n\n\n\n<p>En los actos estuvieron presentes Beatriz Guti\u00e9rrez M\u00fcller, esposa del mandatario federal; secretarias y secretarios federales, adem\u00e1s de mandos militares.<\/p>\n","protected":false},"excerpt":{"rendered":"<p>-El mandatario federal condecor\u00f3 a personal militar por su labor y reconoci\u00f3 a las Fuerzas Armadas por su contribuci\u00f3n en la construcci\u00f3n de la paz&nbsp; ORIENTAL, Pue. &#8211;&nbsp; El presidente de M\u00e9xico, Andr\u00e9s Manuel L\u00f3pez Obrador y el gobernador Sergio Salom\u00f3n presidieron la Ceremonia Conmemorativa por el 111 Aniversario de la Creaci\u00f3n del Ej\u00e9rcito Mexicano [&hellip;]<\/p>\n","protected":false},"author":1,"featured_media":120435,"comment_status":"open","ping_status":"open","sticky":false,"template":"","format":"standard","meta":{"footnotes":""},"categories":[20],"tags":[],"class_list":["post-120434","post","type-post","status-publish","format-standard","has-post-thumbnail","hentry","category-norte-de-puebla"],"blog_post_layout_featured_media_urls":{"thumbnail":["https:\/\/diariolanoticia.com.mx\/wp-content\/uploads\/2024\/02\/AMLO-DIA-DEL-EJERCITO-MEXICANO-190224-2-216x160.jpeg",216,160,true],"full":["https:\/\/diariolanoticia.com.mx\/wp-content\/uploads\/2024\/02\/AMLO-DIA-DEL-EJERCITO-MEXICANO-190224-2-scaled.jpeg",2560,1712,false]},"categories_names":{"20":{"name":"Norte de Puebla","link":"https:\/\/diariolanoticia.com.mx\/?cat=20"}},"tags_names":[],"comments_number":"0","wpmagazine_modules_lite_featured_media_urls":{"thumbnail":["https:\/\/diariolanoticia.com.mx\/wp-content\/uploads\/2024\/02\/AMLO-DIA-DEL-EJERCITO-MEXICANO-190224-2-216x160.jpeg",216,160,true],"cvmm-medium":["https:\/\/diariolanoticia.com.mx\/wp-content\/uploads\/2024\/02\/AMLO-DIA-DEL-EJERCITO-MEXICANO-190224-2-300x300.jpeg",300,300,true],"cvmm-medium-plus":["https:\/\/diariolanoticia.com.mx\/wp-content\/uploads\/2024\/02\/AMLO-DIA-DEL-EJERCITO-MEXICANO-190224-2-305x207.jpeg",305,207,true],"cvmm-portrait":["https:\/\/diariolanoticia.com.mx\/wp-content\/uploads\/2024\/02\/AMLO-DIA-DEL-EJERCITO-MEXICANO-190224-2-400x600.jpeg",400,600,true],"cvmm-medium-square":["https:\/\/diariolanoticia.com.mx\/wp-content\/uploads\/2024\/02\/AMLO-DIA-DEL-EJERCITO-MEXICANO-190224-2-600x600.jpeg",600,600,true],"cvmm-large":["https:\/\/diariolanoticia.com.mx\/wp-content\/uploads\/2024\/02\/AMLO-DIA-DEL-EJERCITO-MEXICANO-190224-2-1024x1024.jpeg",1024,1024,true],"cvmm-small":["https:\/\/diariolanoticia.com.mx\/wp-content\/uploads\/2024\/02\/AMLO-DIA-DEL-EJERCITO-MEXICANO-190224-2-130x95.jpeg",130,95,true],"full":["https:\/\/diariolanoticia.com.mx\/wp-content\/uploads\/2024\/02\/AMLO-DIA-DEL-EJERCITO-MEXICANO-190224-2-scaled.jpeg",2560,1712,false]},"_links":{"self":[{"href":"https:\/\/diariolanoticia.com.mx\/index.php?rest_route=\/wp\/v2\/posts\/120434","targetHints":{"allow":["GET"]}}],"collection":[{"href":"https:\/\/diariolanoticia.com.mx\/index.php?rest_route=\/wp\/v2\/posts"}],"about":[{"href":"https:\/\/diariolanoticia.com.mx\/index.php?rest_route=\/wp\/v2\/types\/post"}],"author":[{"embeddable":true,"href":"https:\/\/diariolanoticia.com.mx\/index.php?rest_route=\/wp\/v2\/users\/1"}],"replies":[{"embeddable":true,"href":"https:\/\/diariolanoticia.com.mx\/index.php?rest_route=%2Fwp%2Fv2%2Fcomments&post=120434"}],"version-history":[{"count":2,"href":"https:\/\/diariolanoticia.com.mx\/index.php?rest_route=\/wp\/v2\/posts\/120434\/revisions"}],"predecessor-version":[{"id":120437,"href":"https:\/\/diariolanoticia.com.mx\/index.php?rest_route=\/wp\/v2\/posts\/120434\/revisions\/120437"}],"wp:featuredmedia":[{"embeddable":true,"href":"https:\/\/diariolanoticia.com.mx\/index.php?rest_route=\/wp\/v2\/media\/120435"}],"wp:attachment":[{"href":"https:\/\/diariolanoticia.com.mx\/index.php?rest_route=%2Fwp%2Fv2%2Fmedia&parent=120434"}],"wp:term":[{"taxonomy":"category","embeddable":true,"href":"https:\/\/diariolanoticia.com.mx\/index.php?rest_route=%2Fwp%2Fv2%2Fcategories&post=120434"},{"taxonomy":"post_tag","embeddable":true,"href":"https:\/\/diariolanoticia.com.mx\/index.php?rest_route=%2Fwp%2Fv2%2Ftags&post=120434"}],"curies":[{"name":"wp","href":"https:\/\/api.w.org\/{rel}","templated":true}]}}