{"id":120529,"date":"2024-02-22T18:00:20","date_gmt":"2024-02-23T00:00:20","guid":{"rendered":"https:\/\/diariolanoticia.com.mx\/?p=120529"},"modified":"2024-02-22T18:00:21","modified_gmt":"2024-02-23T00:00:21","slug":"expresa-ana-lilia-rivera-sincera-disculpa-por-frase-inapropiada-en-el-pleno","status":"publish","type":"post","link":"https:\/\/diariolanoticia.com.mx\/?p=120529","title":{"rendered":"Expresa Ana Lilia Rivera sincera disculpa por frase inapropiada en el pleno"},"content":{"rendered":"\n<p>La presidenta de la Mesa Directiva del Senado, Ana Lilia Rivera Rivera, expres\u00f3 una sincera disculpa por haber utilizado una frase inapropiada en el pleno del Senado de la Rep\u00fablica, tras finalizar los trabajos de la primera parte de la sesi\u00f3n plenaria del mi\u00e9rcoles, 21 de febrero.<br>Cabe recordar que, el incidente ocurri\u00f3 cuando la senadora Rivera inform\u00f3 al Pleno que se har\u00eda un receso en los trabajos legislativos, para realizar una sesi\u00f3n solemne.<br>Sin darse cuenta de que el micr\u00f3fono estaba abierto para las redes sociales, recibi\u00f3 una llamada telef\u00f3nica y exclam\u00f3 en voz muy baja y con una sonrisa la frase: \u00bfMande?, \u00a1Hay no manches, inche Loca!, por lo que se entiende que era una conversaci\u00f3n de amistad, de confianza y privada; sin referirse a nadie en espec\u00edfico. Dejando fuera cualquier argumento fuera de contexto.<br>Minutos m\u00e1s tarde, al darse cuenta del suceso, public\u00f3 en sus redes sociales un video donde expres\u00f3 una sincera disculpa por pronunciar una frase inapropiada en el pleno, as\u00ed mismo pidi\u00f3 la comprensi\u00f3n de los ciudadanos, al asegurar que \u201ccomo seres humanos, a veces, esas cosas pasan\u201d.<br>Cabe mencionar que la legisladora tlaxcalteca siempre se ha caracterizado por promover y fomentar el respeto entre los legisladores, a pesar de que las sesiones sean muy acaloradas. Por lo que su sincera disculpa ante dicho suceso pone de manifiesto que es una persona humana, transparente y respetuosa.<br>Este contexto se puede apreciar mejor en la trasmisi\u00f3n directa que realiza el Canal del Congreso y el Senado de la Rep\u00fablica.<\/p>\n\n\n\n<figure class=\"wp-block-video\"><video controls src=\"https:\/\/diariolanoticia.com.mx\/wp-content\/uploads\/2024\/02\/WhatsApp-Video-2024-02-22-at-4.37.02-PM-1.mp4\"><\/video><\/figure>\n","protected":false},"excerpt":{"rendered":"<p>La presidenta de la Mesa Directiva del Senado, Ana Lilia Rivera Rivera, expres\u00f3 una sincera disculpa por haber utilizado una frase inapropiada en el pleno del Senado de la Rep\u00fablica, tras finalizar los trabajos de la primera parte de la sesi\u00f3n plenaria del mi\u00e9rcoles, 21 de febrero.Cabe recordar que, el incidente ocurri\u00f3 cuando la senadora [&hellip;]<\/p>\n","protected":false},"author":1,"featured_media":0,"comment_status":"open","ping_status":"open","sticky":false,"template":"","format":"standard","meta":{"footnotes":""},"categories":[38],"tags":[],"class_list":["post-120529","post","type-post","status-publish","format-standard","hentry","category-politica"],"blog_post_layout_featured_media_urls":{"thumbnail":"","full":""},"categories_names":{"38":{"name":"Pol\u00edtica","link":"https:\/\/diariolanoticia.com.mx\/?cat=38"}},"tags_names":[],"comments_number":"0","wpmagazine_modules_lite_featured_media_urls":{"thumbnail":"","cvmm-medium":"","cvmm-medium-plus":"","cvmm-portrait":"","cvmm-medium-square":"","cvmm-large":"","cvmm-small":"","full":""},"_links":{"self":[{"href":"https:\/\/diariolanoticia.com.mx\/index.php?rest_route=\/wp\/v2\/posts\/120529","targetHints":{"allow":["GET"]}}],"collection":[{"href":"https:\/\/diariolanoticia.com.mx\/index.php?rest_route=\/wp\/v2\/posts"}],"about":[{"href":"https:\/\/diariolanoticia.com.mx\/index.php?rest_route=\/wp\/v2\/types\/post"}],"author":[{"embeddable":true,"href":"https:\/\/diariolanoticia.com.mx\/index.php?rest_route=\/wp\/v2\/users\/1"}],"replies":[{"embeddable":true,"href":"https:\/\/diariolanoticia.com.mx\/index.php?rest_route=%2Fwp%2Fv2%2Fcomments&post=120529"}],"version-history":[{"count":1,"href":"https:\/\/diariolanoticia.com.mx\/index.php?rest_route=\/wp\/v2\/posts\/120529\/revisions"}],"predecessor-version":[{"id":120532,"href":"https:\/\/diariolanoticia.com.mx\/index.php?rest_route=\/wp\/v2\/posts\/120529\/revisions\/120532"}],"wp:attachment":[{"href":"https:\/\/diariolanoticia.com.mx\/index.php?rest_route=%2Fwp%2Fv2%2Fmedia&parent=120529"}],"wp:term":[{"taxonomy":"category","embeddable":true,"href":"https:\/\/diariolanoticia.com.mx\/index.php?rest_route=%2Fwp%2Fv2%2Fcategories&post=120529"},{"taxonomy":"post_tag","embeddable":true,"href":"https:\/\/diariolanoticia.com.mx\/index.php?rest_route=%2Fwp%2Fv2%2Ftags&post=120529"}],"curies":[{"name":"wp","href":"https:\/\/api.w.org\/{rel}","templated":true}]}}