{"id":120834,"date":"2024-02-27T23:11:48","date_gmt":"2024-02-28T05:11:48","guid":{"rendered":"https:\/\/diariolanoticia.com.mx\/?p=120834"},"modified":"2024-02-29T23:13:06","modified_gmt":"2024-03-01T05:13:06","slug":"aprueba-lxiv-legislatura-limites-territoriales-entre-teacalco-y-huamantla","status":"publish","type":"post","link":"https:\/\/diariolanoticia.com.mx\/?p=120834","title":{"rendered":"Aprueba LXIV Legislatura l\u00edmites territoriales entre Teacalco y Huamantla\u00a0"},"content":{"rendered":"\n<p><em>\u00b7<\/em><em>&nbsp;&nbsp;&nbsp;&nbsp;&nbsp;&nbsp;<\/em><em>Con la soluci\u00f3n de este conflicto territorial,&nbsp;<\/em>suman 8 convenios de esta naturaleza aprobados por el Pleno de la LXIV Legislatura.<\/p>\n\n\n\n<p>&nbsp;&nbsp;&nbsp;&nbsp;&nbsp;&nbsp;&nbsp;&nbsp;&nbsp;&nbsp;&nbsp;&nbsp;&nbsp;&nbsp;&nbsp;&nbsp;&nbsp;&nbsp;&nbsp;&nbsp;&nbsp;&nbsp;&nbsp;&nbsp;&nbsp;&nbsp;&nbsp;&nbsp;&nbsp;&nbsp;&nbsp;&nbsp;&nbsp;&nbsp;&nbsp;&nbsp;&nbsp;&nbsp;&nbsp;&nbsp;&nbsp;&nbsp;&nbsp;&nbsp;&nbsp;&nbsp;&nbsp;&nbsp;&nbsp;&nbsp;&nbsp;&nbsp;&nbsp;&nbsp;&nbsp;&nbsp;&nbsp;&nbsp;&nbsp;&nbsp;&nbsp;&nbsp;&nbsp; Tlaxcala, Tlax., a 27 de febrero de 2024<\/p>\n\n\n\n<p>Durante la d\u00e9cima tercera sesi\u00f3n ordinaria, las y los diputados de la LXIV Legislatura del Congreso del Estado de Tlaxcala aprobaron el dictamen con proyecto de Acuerdo relativo al procedimiento y convenio por el que se establece el l\u00edmite territorial entre los municipios de San Jos\u00e9 Teacalco y Huamantla, que present\u00f3 la Comisi\u00f3n de Asuntos Municipales, que preside la diputada M\u00f3nica S\u00e1nchez Angulo.<\/p>\n\n\n\n<p>Despu\u00e9s de implementarse los procedimientos t\u00e9cnicos y cient\u00edficos conducentes para la delimitaci\u00f3n territorial intermunicipal y de haberse llevado a cabo las audiencias correspondientes entre las autoridades de los municipios en cuesti\u00f3n, as\u00ed como las diversas visitas espaciales entre los municipios; la Comisi\u00f3n y el INEGI-Tlaxcala celebraron el respectivo convenio de mediaci\u00f3n para legitimar la soluci\u00f3n de la controversia.<\/p>\n\n\n\n<p>Por lo que, en cumplimiento del art\u00edculo 8\u00ba de la Constituci\u00f3n Pol\u00edtica del Estado Libre y Soberano de Tlaxcala, y dando seguimiento al expediente parlamentario LXIV 254\/2022, la Comisi\u00f3n de Asuntos Municipales en coordinaci\u00f3n con el Instituto Nacional de Geograf\u00eda y Estad\u00edstica&nbsp; (INEGI) Tlaxcala, llegaron al acuerdo para la fijaci\u00f3n de la divisi\u00f3n territorial y administrativa de estos municipios.<\/p>\n\n\n\n<p>Lo anterior como lo establece el art\u00edculo en menci\u00f3n: el Congreso local es competente para resolver conflictos intermunicipales por cuestiones alusivas a sus colindancias territoriales, siempre y cuando, a instancia de parte, obre una solicitud formulada por escrito.<\/p>\n\n\n\n<p>Cabe destacar que fue gracias a la voluntad, colaboraci\u00f3n entre autoridades, y el apoyo t\u00e9cnico del INEGI por lo que se logr\u00f3 solucionar un conflicto m\u00e1s de l\u00edmites territoriales, con lo que suman 8 convenios de esta naturaleza aprobados por el Pleno de la LXIV Legislatura.<\/p>\n","protected":false},"excerpt":{"rendered":"<p>\u00b7&nbsp;&nbsp;&nbsp;&nbsp;&nbsp;&nbsp;Con la soluci\u00f3n de este conflicto territorial,&nbsp;suman 8 convenios de esta naturaleza aprobados por el Pleno de la LXIV Legislatura. &nbsp;&nbsp;&nbsp;&nbsp;&nbsp;&nbsp;&nbsp;&nbsp;&nbsp;&nbsp;&nbsp;&nbsp;&nbsp;&nbsp;&nbsp;&nbsp;&nbsp;&nbsp;&nbsp;&nbsp;&nbsp;&nbsp;&nbsp;&nbsp;&nbsp;&nbsp;&nbsp;&nbsp;&nbsp;&nbsp;&nbsp;&nbsp;&nbsp;&nbsp;&nbsp;&nbsp;&nbsp;&nbsp;&nbsp;&nbsp;&nbsp;&nbsp;&nbsp;&nbsp;&nbsp;&nbsp;&nbsp;&nbsp;&nbsp;&nbsp;&nbsp;&nbsp;&nbsp;&nbsp;&nbsp;&nbsp;&nbsp;&nbsp;&nbsp;&nbsp;&nbsp;&nbsp;&nbsp; Tlaxcala, Tlax., a 27 de febrero de 2024 Durante la d\u00e9cima tercera sesi\u00f3n ordinaria, las y los diputados de la LXIV Legislatura del Congreso del Estado de Tlaxcala aprobaron el dictamen con proyecto de [&hellip;]<\/p>\n","protected":false},"author":1,"featured_media":120835,"comment_status":"open","ping_status":"open","sticky":false,"template":"","format":"standard","meta":{"footnotes":""},"categories":[22],"tags":[],"class_list":["post-120834","post","type-post","status-publish","format-standard","has-post-thumbnail","hentry","category-congreso"],"blog_post_layout_featured_media_urls":{"thumbnail":["https:\/\/diariolanoticia.com.mx\/wp-content\/uploads\/2024\/02\/Unknown-2-3-216x160.jpeg",216,160,true],"full":["https:\/\/diariolanoticia.com.mx\/wp-content\/uploads\/2024\/02\/Unknown-2-3.jpeg",1280,720,false]},"categories_names":{"22":{"name":"Congreso","link":"https:\/\/diariolanoticia.com.mx\/?cat=22"}},"tags_names":[],"comments_number":"0","wpmagazine_modules_lite_featured_media_urls":{"thumbnail":["https:\/\/diariolanoticia.com.mx\/wp-content\/uploads\/2024\/02\/Unknown-2-3-216x160.jpeg",216,160,true],"cvmm-medium":["https:\/\/diariolanoticia.com.mx\/wp-content\/uploads\/2024\/02\/Unknown-2-3-300x300.jpeg",300,300,true],"cvmm-medium-plus":["https:\/\/diariolanoticia.com.mx\/wp-content\/uploads\/2024\/02\/Unknown-2-3-305x207.jpeg",305,207,true],"cvmm-portrait":["https:\/\/diariolanoticia.com.mx\/wp-content\/uploads\/2024\/02\/Unknown-2-3-400x600.jpeg",400,600,true],"cvmm-medium-square":["https:\/\/diariolanoticia.com.mx\/wp-content\/uploads\/2024\/02\/Unknown-2-3-600x600.jpeg",600,600,true],"cvmm-large":["https:\/\/diariolanoticia.com.mx\/wp-content\/uploads\/2024\/02\/Unknown-2-3-1024x720.jpeg",1024,720,true],"cvmm-small":["https:\/\/diariolanoticia.com.mx\/wp-content\/uploads\/2024\/02\/Unknown-2-3-130x95.jpeg",130,95,true],"full":["https:\/\/diariolanoticia.com.mx\/wp-content\/uploads\/2024\/02\/Unknown-2-3.jpeg",1280,720,false]},"_links":{"self":[{"href":"https:\/\/diariolanoticia.com.mx\/index.php?rest_route=\/wp\/v2\/posts\/120834","targetHints":{"allow":["GET"]}}],"collection":[{"href":"https:\/\/diariolanoticia.com.mx\/index.php?rest_route=\/wp\/v2\/posts"}],"about":[{"href":"https:\/\/diariolanoticia.com.mx\/index.php?rest_route=\/wp\/v2\/types\/post"}],"author":[{"embeddable":true,"href":"https:\/\/diariolanoticia.com.mx\/index.php?rest_route=\/wp\/v2\/users\/1"}],"replies":[{"embeddable":true,"href":"https:\/\/diariolanoticia.com.mx\/index.php?rest_route=%2Fwp%2Fv2%2Fcomments&post=120834"}],"version-history":[{"count":1,"href":"https:\/\/diariolanoticia.com.mx\/index.php?rest_route=\/wp\/v2\/posts\/120834\/revisions"}],"predecessor-version":[{"id":120836,"href":"https:\/\/diariolanoticia.com.mx\/index.php?rest_route=\/wp\/v2\/posts\/120834\/revisions\/120836"}],"wp:featuredmedia":[{"embeddable":true,"href":"https:\/\/diariolanoticia.com.mx\/index.php?rest_route=\/wp\/v2\/media\/120835"}],"wp:attachment":[{"href":"https:\/\/diariolanoticia.com.mx\/index.php?rest_route=%2Fwp%2Fv2%2Fmedia&parent=120834"}],"wp:term":[{"taxonomy":"category","embeddable":true,"href":"https:\/\/diariolanoticia.com.mx\/index.php?rest_route=%2Fwp%2Fv2%2Fcategories&post=120834"},{"taxonomy":"post_tag","embeddable":true,"href":"https:\/\/diariolanoticia.com.mx\/index.php?rest_route=%2Fwp%2Fv2%2Ftags&post=120834"}],"curies":[{"name":"wp","href":"https:\/\/api.w.org\/{rel}","templated":true}]}}