{"id":121555,"date":"2024-03-25T21:58:29","date_gmt":"2024-03-26T03:58:29","guid":{"rendered":"https:\/\/diariolanoticia.com.mx\/?p=121555"},"modified":"2024-03-25T21:58:31","modified_gmt":"2024-03-26T03:58:31","slug":"sector-salud-garantiza-cobertura-de-medicamentos-a-pacientes-con-paralisis-flacida-aguda","status":"publish","type":"post","link":"https:\/\/diariolanoticia.com.mx\/?p=121555","title":{"rendered":"SECTOR SALUD GARANTIZA COBERTURA DE MEDICAMENTOS A PACIENTES CON PAR\u00c1LISIS FL\u00c1CIDA AGUDA"},"content":{"rendered":"\n<p>*Ya son 44 las personas que han sido dadas de alta tras recibir tratamiento por este padecimiento en hospitales del estado<\/p>\n\n\n\n<p>El Sector Salud del Estado de Tlaxcala inform\u00f3 que, al corte de este lunes 25 de marzo, 44 personas han sido dadas de alta tras recibir tratamiento por Par\u00e1lisis Fl\u00e1cida Aguda, afecci\u00f3n del sistema nervioso que causa debilidad muscular y par\u00e1lisis.<\/p>\n\n\n\n<p>El reporte se\u00f1ala que, de los 78 casos acumulados por este trastorno, 31 a\u00fan permanecen hospitalizados, entre ellos, los 21 casos confirmados a S\u00edndrome Guillain-Barr\u00e9.<\/p>\n\n\n\n<p>De las personas que al momento reciben tratamiento en hospitales, seis se encuentran recuperadas y en observaci\u00f3n; 17, en condici\u00f3n no grave, y ocho, graves en terapia intensiva.<\/p>\n\n\n\n<p>El total de casos acumulados incluye las tres defunciones confirmadas por Par\u00e1lisis Fl\u00e1cida Aguda asociada a S\u00edndrome Guillain-Barr\u00e9.<\/p>\n\n\n\n<p>En este sentido, el Sector Salud indic\u00f3 que se cuenta con la cobertura del 100 por ciento de medicamentos a pacientes hospitalizados para garantizar su adecuada recuperaci\u00f3n.<\/p>\n\n\n\n<p>Lo anterior, tras recordar que el pasado fin de semana se realiz\u00f3 la entrega y distribuci\u00f3n de medicamento, correspondiente a Inmunoglobulina Humana Endovenosa, a hospitales en los que se brinda atenci\u00f3n m\u00e9dica a los pacientes diagnosticados con S\u00edndrome de Guillain-Barr\u00e9.<\/p>\n\n\n\n<p>Asimismo, reiter\u00f3 que se mantiene atento a la evoluci\u00f3n de las personas hospitalizadas, as\u00ed como al desarrollo de acciones y actividades enfocadas a proteger la salud de la poblaci\u00f3n.<br>Por ello, hizo un exhorto a mantener las medidas preventivas de higiene, como el lavado constante de manos con agua y jab\u00f3n, y de sanidad en el manejo, preparaci\u00f3n y consumo de alimentos, principalmente c\u00e1rnicos. Tambi\u00e9n, a considerar que el aumento de temperaturas por la temporada de calor contribuye a la descomposici\u00f3n de los alimentos.<\/p>\n\n\n\n<p>El Sector Salud mencion\u00f3 que se actualizar\u00e1 la informaci\u00f3n correspondiente si la situaci\u00f3n lo amerita.<\/p>\n","protected":false},"excerpt":{"rendered":"<p>*Ya son 44 las personas que han sido dadas de alta tras recibir tratamiento por este padecimiento en hospitales del estado El Sector Salud del Estado de Tlaxcala inform\u00f3 que, al corte de este lunes 25 de marzo, 44 personas han sido dadas de alta tras recibir tratamiento por Par\u00e1lisis Fl\u00e1cida Aguda, afecci\u00f3n del sistema [&hellip;]<\/p>\n","protected":false},"author":1,"featured_media":121556,"comment_status":"open","ping_status":"open","sticky":false,"template":"","format":"standard","meta":{"footnotes":""},"categories":[21],"tags":[],"class_list":["post-121555","post","type-post","status-publish","format-standard","has-post-thumbnail","hentry","category-estatal"],"blog_post_layout_featured_media_urls":{"thumbnail":["https:\/\/diariolanoticia.com.mx\/wp-content\/uploads\/2024\/03\/WhatsApp-Image-2024-03-25-at-8.33.46-PM-216x160.jpeg",216,160,true],"full":["https:\/\/diariolanoticia.com.mx\/wp-content\/uploads\/2024\/03\/WhatsApp-Image-2024-03-25-at-8.33.46-PM.jpeg",960,1280,false]},"categories_names":{"21":{"name":"Estatal","link":"https:\/\/diariolanoticia.com.mx\/?cat=21"}},"tags_names":[],"comments_number":"0","wpmagazine_modules_lite_featured_media_urls":{"thumbnail":["https:\/\/diariolanoticia.com.mx\/wp-content\/uploads\/2024\/03\/WhatsApp-Image-2024-03-25-at-8.33.46-PM-216x160.jpeg",216,160,true],"cvmm-medium":["https:\/\/diariolanoticia.com.mx\/wp-content\/uploads\/2024\/03\/WhatsApp-Image-2024-03-25-at-8.33.46-PM-300x300.jpeg",300,300,true],"cvmm-medium-plus":["https:\/\/diariolanoticia.com.mx\/wp-content\/uploads\/2024\/03\/WhatsApp-Image-2024-03-25-at-8.33.46-PM-305x207.jpeg",305,207,true],"cvmm-portrait":["https:\/\/diariolanoticia.com.mx\/wp-content\/uploads\/2024\/03\/WhatsApp-Image-2024-03-25-at-8.33.46-PM-400x600.jpeg",400,600,true],"cvmm-medium-square":["https:\/\/diariolanoticia.com.mx\/wp-content\/uploads\/2024\/03\/WhatsApp-Image-2024-03-25-at-8.33.46-PM-600x600.jpeg",600,600,true],"cvmm-large":["https:\/\/diariolanoticia.com.mx\/wp-content\/uploads\/2024\/03\/WhatsApp-Image-2024-03-25-at-8.33.46-PM-960x1024.jpeg",960,1024,true],"cvmm-small":["https:\/\/diariolanoticia.com.mx\/wp-content\/uploads\/2024\/03\/WhatsApp-Image-2024-03-25-at-8.33.46-PM-130x95.jpeg",130,95,true],"full":["https:\/\/diariolanoticia.com.mx\/wp-content\/uploads\/2024\/03\/WhatsApp-Image-2024-03-25-at-8.33.46-PM.jpeg",960,1280,false]},"_links":{"self":[{"href":"https:\/\/diariolanoticia.com.mx\/index.php?rest_route=\/wp\/v2\/posts\/121555","targetHints":{"allow":["GET"]}}],"collection":[{"href":"https:\/\/diariolanoticia.com.mx\/index.php?rest_route=\/wp\/v2\/posts"}],"about":[{"href":"https:\/\/diariolanoticia.com.mx\/index.php?rest_route=\/wp\/v2\/types\/post"}],"author":[{"embeddable":true,"href":"https:\/\/diariolanoticia.com.mx\/index.php?rest_route=\/wp\/v2\/users\/1"}],"replies":[{"embeddable":true,"href":"https:\/\/diariolanoticia.com.mx\/index.php?rest_route=%2Fwp%2Fv2%2Fcomments&post=121555"}],"version-history":[{"count":1,"href":"https:\/\/diariolanoticia.com.mx\/index.php?rest_route=\/wp\/v2\/posts\/121555\/revisions"}],"predecessor-version":[{"id":121557,"href":"https:\/\/diariolanoticia.com.mx\/index.php?rest_route=\/wp\/v2\/posts\/121555\/revisions\/121557"}],"wp:featuredmedia":[{"embeddable":true,"href":"https:\/\/diariolanoticia.com.mx\/index.php?rest_route=\/wp\/v2\/media\/121556"}],"wp:attachment":[{"href":"https:\/\/diariolanoticia.com.mx\/index.php?rest_route=%2Fwp%2Fv2%2Fmedia&parent=121555"}],"wp:term":[{"taxonomy":"category","embeddable":true,"href":"https:\/\/diariolanoticia.com.mx\/index.php?rest_route=%2Fwp%2Fv2%2Fcategories&post=121555"},{"taxonomy":"post_tag","embeddable":true,"href":"https:\/\/diariolanoticia.com.mx\/index.php?rest_route=%2Fwp%2Fv2%2Ftags&post=121555"}],"curies":[{"name":"wp","href":"https:\/\/api.w.org\/{rel}","templated":true}]}}