{"id":121848,"date":"2024-04-02T09:47:02","date_gmt":"2024-04-02T15:47:02","guid":{"rendered":"https:\/\/diariolanoticia.com.mx\/?p=121848"},"modified":"2024-04-02T09:47:03","modified_gmt":"2024-04-02T15:47:03","slug":"fracturado-inicio-para-eloisa-barrios-le-renuncio-candidato-a-regidor-para-sumarse-a-morena","status":"publish","type":"post","link":"https:\/\/diariolanoticia.com.mx\/?p=121848","title":{"rendered":"Fracturado inici\u00f3 para Eloisa Barrios, le renunci\u00f3 candidato a regidor para sumarse a #Morena"},"content":{"rendered":"\n<ul class=\"wp-block-list\">\n<li>El l\u00edder de Eloxochitl\u00e1n figura en la posici\u00f3n n\u00famero 5 de la planilla de la candidata del PSI a la alcald\u00eda de Zacatl\u00e1n.<\/li>\n<\/ul>\n\n\n\n<p>Pedro Hern\u00e1ndez Serrano, representante ciudadano del barrio de Eloxochitl\u00e1n, renunci\u00f3 a la candidatura de Regidor de la planilla encabezada por Elo\u00edsa Barrios Rodr\u00edguez a la presidencia municipal de Zacatl\u00e1n, para dar su total apoyo a la candidata de Morena, Bety S\u00e1nchez Galindo a quien acompa\u00f1\u00f3 en su arranque de campa\u00f1a en la Junta Auxiliar de Jicolapa.<\/p>\n\n\n\n<p>Pedro Hern\u00e1ndez aparece en la quinta posici\u00f3n en la planilla de Elo\u00edsa Barrios y es que es un liderazgo fuerte en el municipio de Zacatl\u00e1n y las juntas auxiliares. Precisamente por eso la candidata del PSI lo invit\u00f3 a su proyecto.<\/p>\n\n\n\n<p>Pero a tan solo unas horas de que se dieran a conocer las planillas de los candidatos, el l\u00edder de Eloxochitl\u00e1n decidi\u00f3 dejar el barco y sumarse a la morenista Bety S\u00e1nchez.<\/p>\n\n\n\n<p>Don Pedro c\u00f3mo es conocido, estuvo en la comunidad de Jicolapa y fue una de las 3 mil personas que asisti\u00f3 al arranque de campa\u00f1a de la abanderada de Morena a la Presidencia Municipal. Incluso, hasta se tom\u00f3 una fotograf\u00eda con ella.<\/p>\n","protected":false},"excerpt":{"rendered":"<p>Pedro Hern\u00e1ndez Serrano, representante ciudadano del barrio de Eloxochitl\u00e1n, renunci\u00f3 a la candidatura de Regidor de la planilla encabezada por Elo\u00edsa Barrios Rodr\u00edguez a la presidencia municipal de Zacatl\u00e1n, para dar su total apoyo a la candidata de Morena, Bety S\u00e1nchez Galindo a quien acompa\u00f1\u00f3 en su arranque de campa\u00f1a en la Junta Auxiliar de [&hellip;]<\/p>\n","protected":false},"author":1,"featured_media":121847,"comment_status":"open","ping_status":"open","sticky":false,"template":"","format":"standard","meta":{"footnotes":""},"categories":[20],"tags":[398,389,49],"class_list":["post-121848","post","type-post","status-publish","format-standard","has-post-thumbnail","hentry","category-norte-de-puebla","tag-eleccion2024","tag-politica","tag-zacatlan"],"blog_post_layout_featured_media_urls":{"thumbnail":["https:\/\/diariolanoticia.com.mx\/wp-content\/uploads\/2024\/04\/9dd1a646-41ff-47ee-8167-4cad58a6057a-1-216x160.jpg",216,160,true],"full":["https:\/\/diariolanoticia.com.mx\/wp-content\/uploads\/2024\/04\/9dd1a646-41ff-47ee-8167-4cad58a6057a-1.jpg",1280,1181,false]},"categories_names":{"20":{"name":"Norte de Puebla","link":"https:\/\/diariolanoticia.com.mx\/?cat=20"}},"tags_names":{"398":{"name":"Elecci\u00f3n2024","link":"https:\/\/diariolanoticia.com.mx\/?tag=eleccion2024"},"389":{"name":"pol\u00edtica","link":"https:\/\/diariolanoticia.com.mx\/?tag=politica"},"49":{"name":"Zacatl\u00e1n","link":"https:\/\/diariolanoticia.com.mx\/?tag=zacatlan"}},"comments_number":"0","wpmagazine_modules_lite_featured_media_urls":{"thumbnail":["https:\/\/diariolanoticia.com.mx\/wp-content\/uploads\/2024\/04\/9dd1a646-41ff-47ee-8167-4cad58a6057a-1-216x160.jpg",216,160,true],"cvmm-medium":["https:\/\/diariolanoticia.com.mx\/wp-content\/uploads\/2024\/04\/9dd1a646-41ff-47ee-8167-4cad58a6057a-1-300x300.jpg",300,300,true],"cvmm-medium-plus":["https:\/\/diariolanoticia.com.mx\/wp-content\/uploads\/2024\/04\/9dd1a646-41ff-47ee-8167-4cad58a6057a-1-305x207.jpg",305,207,true],"cvmm-portrait":["https:\/\/diariolanoticia.com.mx\/wp-content\/uploads\/2024\/04\/9dd1a646-41ff-47ee-8167-4cad58a6057a-1-400x600.jpg",400,600,true],"cvmm-medium-square":["https:\/\/diariolanoticia.com.mx\/wp-content\/uploads\/2024\/04\/9dd1a646-41ff-47ee-8167-4cad58a6057a-1-600x600.jpg",600,600,true],"cvmm-large":["https:\/\/diariolanoticia.com.mx\/wp-content\/uploads\/2024\/04\/9dd1a646-41ff-47ee-8167-4cad58a6057a-1-1024x1024.jpg",1024,1024,true],"cvmm-small":["https:\/\/diariolanoticia.com.mx\/wp-content\/uploads\/2024\/04\/9dd1a646-41ff-47ee-8167-4cad58a6057a-1-130x95.jpg",130,95,true],"full":["https:\/\/diariolanoticia.com.mx\/wp-content\/uploads\/2024\/04\/9dd1a646-41ff-47ee-8167-4cad58a6057a-1.jpg",1280,1181,false]},"_links":{"self":[{"href":"https:\/\/diariolanoticia.com.mx\/index.php?rest_route=\/wp\/v2\/posts\/121848","targetHints":{"allow":["GET"]}}],"collection":[{"href":"https:\/\/diariolanoticia.com.mx\/index.php?rest_route=\/wp\/v2\/posts"}],"about":[{"href":"https:\/\/diariolanoticia.com.mx\/index.php?rest_route=\/wp\/v2\/types\/post"}],"author":[{"embeddable":true,"href":"https:\/\/diariolanoticia.com.mx\/index.php?rest_route=\/wp\/v2\/users\/1"}],"replies":[{"embeddable":true,"href":"https:\/\/diariolanoticia.com.mx\/index.php?rest_route=%2Fwp%2Fv2%2Fcomments&post=121848"}],"version-history":[{"count":1,"href":"https:\/\/diariolanoticia.com.mx\/index.php?rest_route=\/wp\/v2\/posts\/121848\/revisions"}],"predecessor-version":[{"id":121849,"href":"https:\/\/diariolanoticia.com.mx\/index.php?rest_route=\/wp\/v2\/posts\/121848\/revisions\/121849"}],"wp:featuredmedia":[{"embeddable":true,"href":"https:\/\/diariolanoticia.com.mx\/index.php?rest_route=\/wp\/v2\/media\/121847"}],"wp:attachment":[{"href":"https:\/\/diariolanoticia.com.mx\/index.php?rest_route=%2Fwp%2Fv2%2Fmedia&parent=121848"}],"wp:term":[{"taxonomy":"category","embeddable":true,"href":"https:\/\/diariolanoticia.com.mx\/index.php?rest_route=%2Fwp%2Fv2%2Fcategories&post=121848"},{"taxonomy":"post_tag","embeddable":true,"href":"https:\/\/diariolanoticia.com.mx\/index.php?rest_route=%2Fwp%2Fv2%2Ftags&post=121848"}],"curies":[{"name":"wp","href":"https:\/\/api.w.org\/{rel}","templated":true}]}}