{"id":121857,"date":"2024-04-02T15:48:48","date_gmt":"2024-04-02T21:48:48","guid":{"rendered":"https:\/\/diariolanoticia.com.mx\/?p=121857"},"modified":"2024-04-02T15:48:49","modified_gmt":"2024-04-02T21:48:49","slug":"proteger-patrimonio-es-compromiso-real","status":"publish","type":"post","link":"https:\/\/diariolanoticia.com.mx\/?p=121857","title":{"rendered":"Proteger patrimonio es compromiso real"},"content":{"rendered":"\n<p><\/p>\n\n\n\n<p>Por: Alejandra Roguiguez Galaz<\/p>\n\n\n\n<p>Tlaxcala,Tlax.-\u00abProteger las tradiciones porque son el patrimonio cultural inmaterial de un pueblo, que se hereda de generaci\u00f3n en generaci\u00f3n\u00bb.<\/p>\n\n\n\n<p>Fue el compromiso que hizo el Candidato al Senado de la Rep\u00fablica por el Partido del Trabajo (PT), Rodrigo Cuahutle Salazar.<br>En su discurso el candidato enfatiz\u00f3 que al llegar al Senado de la Rep\u00fablica impulsar\u00e1 las acciones necesarias para proteger no solamente la esencia de las tradiciones del estado, sino que se genere un camino para que se respete la propia esencia que tienen los grupos ind\u00edgenas en la entidad.<br>El candidato del pueblo tambi\u00e9n subray\u00f3 que \u201csi de algo estamos orgullosos las y los tlaxcaltecas es de nuestras costumbres y tradiciones. Muchas de ellas son el legado de nuestros ancestros y mantienen viva su memoria y esp\u00edritu\u201d, se\u00f1al\u00f3.<br>Rodrigo Cuahutle enfatiz\u00f3 que la participaci\u00f3n ciudadana ser\u00e1 crucial para alcanzar una curul en la m\u00e1xima tribuna del pa\u00eds y desde ah\u00ed impulsar acciones legislativas que preserven este legado. Por lo anterior, convoc\u00f3 a todos los sectores de la poblaci\u00f3n a votar por su proyecto en las elecciones del pr\u00f3ximo 2 de junio.<\/p>\n","protected":false},"excerpt":{"rendered":"<p>Por: Alejandra Roguiguez Galaz Tlaxcala,Tlax.-\u00abProteger las tradiciones porque son el patrimonio cultural inmaterial de un pueblo, que se hereda de generaci\u00f3n en generaci\u00f3n\u00bb. Fue el compromiso que hizo el Candidato al Senado de la Rep\u00fablica por el Partido del Trabajo (PT), Rodrigo Cuahutle Salazar.En su discurso el candidato enfatiz\u00f3 que al llegar al Senado de [&hellip;]<\/p>\n","protected":false},"author":1,"featured_media":121858,"comment_status":"open","ping_status":"open","sticky":false,"template":"","format":"standard","meta":{"footnotes":""},"categories":[38],"tags":[],"class_list":["post-121857","post","type-post","status-publish","format-standard","has-post-thumbnail","hentry","category-politica"],"blog_post_layout_featured_media_urls":{"thumbnail":["https:\/\/diariolanoticia.com.mx\/wp-content\/uploads\/2024\/04\/bd3c6a25-e067-4fa9-b431-8ff33e29092c-216x160.jpeg",216,160,true],"full":["https:\/\/diariolanoticia.com.mx\/wp-content\/uploads\/2024\/04\/bd3c6a25-e067-4fa9-b431-8ff33e29092c.jpeg",1280,854,false]},"categories_names":{"38":{"name":"Pol\u00edtica","link":"https:\/\/diariolanoticia.com.mx\/?cat=38"}},"tags_names":[],"comments_number":"0","wpmagazine_modules_lite_featured_media_urls":{"thumbnail":["https:\/\/diariolanoticia.com.mx\/wp-content\/uploads\/2024\/04\/bd3c6a25-e067-4fa9-b431-8ff33e29092c-216x160.jpeg",216,160,true],"cvmm-medium":["https:\/\/diariolanoticia.com.mx\/wp-content\/uploads\/2024\/04\/bd3c6a25-e067-4fa9-b431-8ff33e29092c-300x300.jpeg",300,300,true],"cvmm-medium-plus":["https:\/\/diariolanoticia.com.mx\/wp-content\/uploads\/2024\/04\/bd3c6a25-e067-4fa9-b431-8ff33e29092c-305x207.jpeg",305,207,true],"cvmm-portrait":["https:\/\/diariolanoticia.com.mx\/wp-content\/uploads\/2024\/04\/bd3c6a25-e067-4fa9-b431-8ff33e29092c-400x600.jpeg",400,600,true],"cvmm-medium-square":["https:\/\/diariolanoticia.com.mx\/wp-content\/uploads\/2024\/04\/bd3c6a25-e067-4fa9-b431-8ff33e29092c-600x600.jpeg",600,600,true],"cvmm-large":["https:\/\/diariolanoticia.com.mx\/wp-content\/uploads\/2024\/04\/bd3c6a25-e067-4fa9-b431-8ff33e29092c-1024x854.jpeg",1024,854,true],"cvmm-small":["https:\/\/diariolanoticia.com.mx\/wp-content\/uploads\/2024\/04\/bd3c6a25-e067-4fa9-b431-8ff33e29092c-130x95.jpeg",130,95,true],"full":["https:\/\/diariolanoticia.com.mx\/wp-content\/uploads\/2024\/04\/bd3c6a25-e067-4fa9-b431-8ff33e29092c.jpeg",1280,854,false]},"_links":{"self":[{"href":"https:\/\/diariolanoticia.com.mx\/index.php?rest_route=\/wp\/v2\/posts\/121857","targetHints":{"allow":["GET"]}}],"collection":[{"href":"https:\/\/diariolanoticia.com.mx\/index.php?rest_route=\/wp\/v2\/posts"}],"about":[{"href":"https:\/\/diariolanoticia.com.mx\/index.php?rest_route=\/wp\/v2\/types\/post"}],"author":[{"embeddable":true,"href":"https:\/\/diariolanoticia.com.mx\/index.php?rest_route=\/wp\/v2\/users\/1"}],"replies":[{"embeddable":true,"href":"https:\/\/diariolanoticia.com.mx\/index.php?rest_route=%2Fwp%2Fv2%2Fcomments&post=121857"}],"version-history":[{"count":1,"href":"https:\/\/diariolanoticia.com.mx\/index.php?rest_route=\/wp\/v2\/posts\/121857\/revisions"}],"predecessor-version":[{"id":121859,"href":"https:\/\/diariolanoticia.com.mx\/index.php?rest_route=\/wp\/v2\/posts\/121857\/revisions\/121859"}],"wp:featuredmedia":[{"embeddable":true,"href":"https:\/\/diariolanoticia.com.mx\/index.php?rest_route=\/wp\/v2\/media\/121858"}],"wp:attachment":[{"href":"https:\/\/diariolanoticia.com.mx\/index.php?rest_route=%2Fwp%2Fv2%2Fmedia&parent=121857"}],"wp:term":[{"taxonomy":"category","embeddable":true,"href":"https:\/\/diariolanoticia.com.mx\/index.php?rest_route=%2Fwp%2Fv2%2Fcategories&post=121857"},{"taxonomy":"post_tag","embeddable":true,"href":"https:\/\/diariolanoticia.com.mx\/index.php?rest_route=%2Fwp%2Fv2%2Ftags&post=121857"}],"curies":[{"name":"wp","href":"https:\/\/api.w.org\/{rel}","templated":true}]}}