{"id":121863,"date":"2024-04-02T19:10:26","date_gmt":"2024-04-03T01:10:26","guid":{"rendered":"https:\/\/diariolanoticia.com.mx\/?p=121863"},"modified":"2024-04-02T19:10:27","modified_gmt":"2024-04-03T01:10:27","slug":"se-establecen-los-grupos-parlamentarios-y-coordinadores-de-la-lxiv-legislatura","status":"publish","type":"post","link":"https:\/\/diariolanoticia.com.mx\/?p=121863","title":{"rendered":"Se establecen los grupos parlamentarios y coordinadores de la LXIV Legislatura"},"content":{"rendered":"\n<p>\u00b7&nbsp;&nbsp;&nbsp;&nbsp;&nbsp;&nbsp;<em>En consecuencia, de las licencias autorizadas a las y los ciudadanos diputados en sesiones de fechas 21 y 26 de marzo del a\u00f1o en curso<\/em><\/p>\n\n\n\n<p>Durante la vig\u00e9sima segunda sesi\u00f3n ordinaria del Congreso del Estado de Tlaxcala,&nbsp;se declararon formalmente establecidos los grupos parlamentarios y sus respectivos coordinadores para continuar con los trabajos correspondientes al tercer a\u00f1o de ejercicio legal de la LXIV Legislatura.<\/p>\n\n\n\n<p>Lo anterior, en virtud de los oficios y actas dados a conocer de conformidad con lo establecido en el art\u00edculo 57 y 60 de la Ley Org\u00e1nica del Poder Legislativo del Estado, as\u00ed como en los casos en que los integrantes de algunos partidos pol\u00edticos no solicitaron licencia para separarse del cargo de diputado propietario, se declar\u00f3 legalmente constituidos los grupos parlamentarios, representantes de partidos y diputaci\u00f3n considerada independiente, para continuar con los trabajos correspondientes al tercer a\u00f1o de ejercicio legal de la LXIV Legislatura.&nbsp;<\/p>\n\n\n\n<p>Por lo que, el grupo parlamentario del Movimiento de Regeneraci\u00f3n Nacional (Morena) qued\u00f3 integrado por las diputadas Lupita Cuamatzi Aguayo, Arithzel Rodr\u00edguez Mart\u00ednez, Mar\u00eda Guillermina Loaiza Cortero y los diputados Israel Germ\u00e1n L\u00f3pez Gonz\u00e1lez, Jes\u00fas Iv\u00e1n B\u00e1ez Medrano y Jorge Caballero Rom\u00e1n.<\/p>\n\n\n\n<p>El grupo parlamentario del Partido del Trabajo (PT) qued\u00f3 integrado por las diputadas Gabriela Esperanza Brito Jim\u00e9nez y F\u00e1tima Guadalupe P\u00e9rez Vargas, as\u00ed como del diputado Luis Fernando de Anda Flores.&nbsp;<\/p>\n\n\n\n<p>En cuanto al grupo parlamentario del Partido Revolucionario Institucional (PRI) qued\u00f3 integrado por las diputadas Dulce Cecilia Garc\u00eda Gayosso, Olivia Guzm\u00e1n Tlalmis, y del diputado Fabricio Mena Rodr\u00edguez.&nbsp;<\/p>\n\n\n\n<p>El grupo parlamentario del Partido de la Revoluci\u00f3n Democr\u00e1tica (PRD) qued\u00f3 integrado por los diputados Hermenegildo Mungu\u00eda Carmona y Juan Manuel Cambr\u00f3n Soria.&nbsp;<\/p>\n\n\n\n<p>La diputada Aquina Casta\u00f1eda Romero y el diputado Luis Fern\u00e1ndez Fern\u00e1ndez integrar\u00e1n el grupo parlamentario del Partido Verde Ecologista de M\u00e9xico (PVEM). Asimismo, los diputados Ramiro Lima Tecocoatzi y Tom\u00e1s Rivera Lara integrar\u00e1n el Partido Nueva Alianza (PANAL).&nbsp;<\/p>\n\n\n\n<p>Adem\u00e1s, quedaron como representantes de partido la diputada Yolanda Montiel M\u00e1rquez, del Partido Encuentro Social (PES), el diputado Jos\u00e9 G. Temoltzin Mart\u00ednez del Partido Acci\u00f3n Nacional (PAN), la diputada Laura Alejandra Ram\u00edrez Ortiz del Partido Alianza Ciudadada (PAC) y como diputada de car\u00e1cter independiente, Adriana Orea D\u00edaz.&nbsp;<\/p>\n\n\n\n<p>De la misma forma, en cumplimiento en lo dispuesto en el art\u00edculo 59 y 60 de la Ley Org\u00e1nica del Poder Legislativo del Estado de Tlaxcala y en consecuencia de las licencias autorizadas a las y los ciudadanos diputados en sesiones de fechas 21 y 26 de marzo del a\u00f1o en curso, as\u00ed como de la toma de protesta en sesi\u00f3n del 26 de marzo de las y los diputados suplentes para entrar en funciones de diputados propietarios de esta LXIV Legislatura, se declararon a los respectivos coordinadores de cada grupo parlamentario como integrantes de la Junta de Coordinaci\u00f3n y Concertaci\u00f3n Pol\u00edtica que continuar\u00e1n con los trabajos correspondientes al&nbsp;&nbsp;tercer a\u00f1o de ejercicio legal.&nbsp;&nbsp;<\/p>\n\n\n\n<p>Como coordinador del grupo parlamentario de MORENA, el diputado Jorge Caballero Rom\u00e1n; el diputado Luis Fernando de Anda Flores del PT; diputado Fabricio Mena Rodr\u00edguez del PRI; diputados Juan Manuel Cambr\u00f3n Soria del PRD; Luis Fern\u00e1ndez Fern\u00e1ndez del PVEM; y Ramiro Lima Tecocoatzi del PANAL.&nbsp;<\/p>\n\n\n\n<p>Se instruy\u00f3 elaborar el acuerdo correspondiente, para mandarlo al Ejecutivo del Estado para su publicaci\u00f3n.<\/p>\n","protected":false},"excerpt":{"rendered":"<p>\u00b7&nbsp;&nbsp;&nbsp;&nbsp;&nbsp;&nbsp;En consecuencia, de las licencias autorizadas a las y los ciudadanos diputados en sesiones de fechas 21 y 26 de marzo del a\u00f1o en curso Durante la vig\u00e9sima segunda sesi\u00f3n ordinaria del Congreso del Estado de Tlaxcala,&nbsp;se declararon formalmente establecidos los grupos parlamentarios y sus respectivos coordinadores para continuar con los trabajos correspondientes al tercer [&hellip;]<\/p>\n","protected":false},"author":1,"featured_media":121864,"comment_status":"open","ping_status":"open","sticky":false,"template":"","format":"standard","meta":{"footnotes":""},"categories":[22],"tags":[],"class_list":["post-121863","post","type-post","status-publish","format-standard","has-post-thumbnail","hentry","category-congreso"],"blog_post_layout_featured_media_urls":{"thumbnail":["https:\/\/diariolanoticia.com.mx\/wp-content\/uploads\/2024\/04\/Unknown-216x160.jpeg",216,160,true],"full":["https:\/\/diariolanoticia.com.mx\/wp-content\/uploads\/2024\/04\/Unknown.jpeg",1280,855,false]},"categories_names":{"22":{"name":"Congreso","link":"https:\/\/diariolanoticia.com.mx\/?cat=22"}},"tags_names":[],"comments_number":"0","wpmagazine_modules_lite_featured_media_urls":{"thumbnail":["https:\/\/diariolanoticia.com.mx\/wp-content\/uploads\/2024\/04\/Unknown-216x160.jpeg",216,160,true],"cvmm-medium":["https:\/\/diariolanoticia.com.mx\/wp-content\/uploads\/2024\/04\/Unknown-300x300.jpeg",300,300,true],"cvmm-medium-plus":["https:\/\/diariolanoticia.com.mx\/wp-content\/uploads\/2024\/04\/Unknown-305x207.jpeg",305,207,true],"cvmm-portrait":["https:\/\/diariolanoticia.com.mx\/wp-content\/uploads\/2024\/04\/Unknown-400x600.jpeg",400,600,true],"cvmm-medium-square":["https:\/\/diariolanoticia.com.mx\/wp-content\/uploads\/2024\/04\/Unknown-600x600.jpeg",600,600,true],"cvmm-large":["https:\/\/diariolanoticia.com.mx\/wp-content\/uploads\/2024\/04\/Unknown-1024x855.jpeg",1024,855,true],"cvmm-small":["https:\/\/diariolanoticia.com.mx\/wp-content\/uploads\/2024\/04\/Unknown-130x95.jpeg",130,95,true],"full":["https:\/\/diariolanoticia.com.mx\/wp-content\/uploads\/2024\/04\/Unknown.jpeg",1280,855,false]},"_links":{"self":[{"href":"https:\/\/diariolanoticia.com.mx\/index.php?rest_route=\/wp\/v2\/posts\/121863","targetHints":{"allow":["GET"]}}],"collection":[{"href":"https:\/\/diariolanoticia.com.mx\/index.php?rest_route=\/wp\/v2\/posts"}],"about":[{"href":"https:\/\/diariolanoticia.com.mx\/index.php?rest_route=\/wp\/v2\/types\/post"}],"author":[{"embeddable":true,"href":"https:\/\/diariolanoticia.com.mx\/index.php?rest_route=\/wp\/v2\/users\/1"}],"replies":[{"embeddable":true,"href":"https:\/\/diariolanoticia.com.mx\/index.php?rest_route=%2Fwp%2Fv2%2Fcomments&post=121863"}],"version-history":[{"count":1,"href":"https:\/\/diariolanoticia.com.mx\/index.php?rest_route=\/wp\/v2\/posts\/121863\/revisions"}],"predecessor-version":[{"id":121865,"href":"https:\/\/diariolanoticia.com.mx\/index.php?rest_route=\/wp\/v2\/posts\/121863\/revisions\/121865"}],"wp:featuredmedia":[{"embeddable":true,"href":"https:\/\/diariolanoticia.com.mx\/index.php?rest_route=\/wp\/v2\/media\/121864"}],"wp:attachment":[{"href":"https:\/\/diariolanoticia.com.mx\/index.php?rest_route=%2Fwp%2Fv2%2Fmedia&parent=121863"}],"wp:term":[{"taxonomy":"category","embeddable":true,"href":"https:\/\/diariolanoticia.com.mx\/index.php?rest_route=%2Fwp%2Fv2%2Fcategories&post=121863"},{"taxonomy":"post_tag","embeddable":true,"href":"https:\/\/diariolanoticia.com.mx\/index.php?rest_route=%2Fwp%2Fv2%2Ftags&post=121863"}],"curies":[{"name":"wp","href":"https:\/\/api.w.org\/{rel}","templated":true}]}}