{"id":122333,"date":"2024-04-16T16:59:57","date_gmt":"2024-04-16T22:59:57","guid":{"rendered":"https:\/\/diariolanoticia.com.mx\/?p=122333"},"modified":"2024-04-16T16:59:59","modified_gmt":"2024-04-16T22:59:59","slug":"plantea-presidenta-del-tsje-fortalecer-la-jurisprudencia-local","status":"publish","type":"post","link":"https:\/\/diariolanoticia.com.mx\/?p=122333","title":{"rendered":"Plantea presidenta del TSJE fortalecer la jurisprudencia local"},"content":{"rendered":"\n<p><em>La magistrada Anel Ba\u00f1uelos Meneses particip\u00f3 en la mesa de trabajo del Congreso Internacional de Jurisprudencia organizado por el Poder Judicial del Edomex<\/em><\/p>\n\n\n\n<p>Tras asegurar que la jurisprudencia local debe construir un puente entre las normas t\u00edpicamente generales y la norma particular en casos controvertidos, entrando en contacto con las necesidades sociales de los justiciables, la presidenta del Poder Judicial de Tlaxcala, Anel Ba\u00f1uelos Meneses, se pronunci\u00f3 a favor de que la jurisprudencia local sea fortalecida y tambi\u00e9n se tome como referencia para la soluci\u00f3n de controversias.<\/p>\n\n\n\n<p>As\u00ed lo manifest\u00f3 durante su participaci\u00f3n en la mesa de trabajo denominada \u201cEl desarrollo de la jurisprudencia en los poderes judiciales locales\u201d como parte del Congreso Internacional de Jurisprudencia que fue organizado por el Poder Judicial del Estado de M\u00e9xico y cuyo objetivo es que todos los tribunales locales del pa\u00eds aporten sus conocimientos en esta materia.<\/p>\n\n\n\n<p>Durante su ponencia, la presidenta del Poder Judicial de Tlaxcala destac\u00f3 que, es en los tribunales locales, donde reside la relevancia de impulsar la formaci\u00f3n de jurisprudencia en lo local, pues los \u00f3rganos judiciales tienen un papel relevante en el perfeccionamiento de las democracias constitucionales a trav\u00e9s de la tutela efectiva de los derechos fundamentales y el equilibrio de los poderes p\u00fablicos del Estado.<\/p>\n\n\n\n<p>Coment\u00f3 que la jurisprudencia es el producto m\u00e1s notable del derecho constitucional, toda vez que, se trata de una herramienta que permite la transici\u00f3n del Estado tradicional hacia un Estado social de derecho, con la creaci\u00f3n de medios t\u00e9cnicos propios de integraci\u00f3n del sistema legal, sobre todo en temas b\u00e1sicos como la tutela de derechos humanos de forma efectiva, el control jurisdiccional de los actos de la administraci\u00f3n p\u00fablica, el control de la constitucionalidad de las leyes locales y, la valoraci\u00f3n de la funci\u00f3n de guardia y defensa de la constituci\u00f3n reservada a los jueces.<\/p>\n\n\n\n<p>Ba\u00f1uelos Meneses consider\u00f3 <a>que la jurisprudencia local debe construir un puente entre las normas t\u00edpicamente generales con la norma particular y concreta que resuelve un caso controvertido, adem\u00e1s de que la actualizaci\u00f3n de la norma que realiza la jurisprudencia, permite a la judicatura entrar en contacto con las necesidades sociales que se han debido atender en casos anteriores, as\u00ed como impulsar y dar cauce a nuevas inquietudes de la sociedad a trav\u00e9s de la innovaci\u00f3n del contenido jurisprudencial.<\/a><\/p>\n\n\n\n<p>Consider\u00f3 que las entidades federativas enfrentan retos y desaf\u00edos frente al sistema federal, pues este \u00faltimo ha sido el encargado dise\u00f1ar el marco legal de la mencionada distribuci\u00f3n de competencias; no obstante, la generaci\u00f3n de jurisprudencia local, garantizar\u00eda cierta homogeneidad social y econ\u00f3mica, adem\u00e1s de no generar asimetr\u00edas ni promover el separatismo.<\/p>\n\n\n\n<p>Por ello, reconoci\u00f3 que con espacios como el Congreso Internacional de Jurisprudencia, los Poderes Judiciales de los Estados tienen la oportunidad de realizar mejoras, de dar paso a la flexibilidad organizacional para adaptarse a los cambios de la din\u00e1mica social, de lograr la autonom\u00eda presupuestaria, como un principio base del funcionamiento de la impartici\u00f3n de justicia y asumir el compromiso oportuno con el desarrollo de pol\u00edtica p\u00fablica en materia de impartici\u00f3n de justicia a partir de un diagn\u00f3stico adecuado de las \u00e1reas de oportunidad, ya sea en el servicio brindado o en la formaci\u00f3n, capacitaci\u00f3n, certificaci\u00f3n y especializaci\u00f3n del personal judicial, por citar algunas.<\/p>\n\n\n\n<p>La presidenta del Poder Judicial de Tlaxcala, Anel Ba\u00f1uelos Meneses, present\u00f3 su ponencia en la mesa donde se tuvo la participaci\u00f3n del presidente del Poder Judicial del Estado de M\u00e9xico, Ricardo Alfredo Sodi Cuellar; la presidenta del Poder Judicial del Estado de Hidalgo, Rebeca Stella Aladro Echeverr\u00eda y la presidenta del Poder Judicial del Estado de Quer\u00e9taro, Mariela Ponce Villa.<\/p>\n","protected":false},"excerpt":{"rendered":"<p>La magistrada Anel Ba\u00f1uelos Meneses particip\u00f3 en la mesa de trabajo del Congreso Internacional de Jurisprudencia organizado por el Poder Judicial del Edomex Tras asegurar que la jurisprudencia local debe construir un puente entre las normas t\u00edpicamente generales y la norma particular en casos controvertidos, entrando en contacto con las necesidades sociales de los justiciables, [&hellip;]<\/p>\n","protected":false},"author":1,"featured_media":122334,"comment_status":"open","ping_status":"open","sticky":false,"template":"","format":"standard","meta":{"footnotes":""},"categories":[21],"tags":[],"class_list":["post-122333","post","type-post","status-publish","format-standard","has-post-thumbnail","hentry","category-estatal"],"blog_post_layout_featured_media_urls":{"thumbnail":["https:\/\/diariolanoticia.com.mx\/wp-content\/uploads\/2024\/04\/05-216x160.jpg",216,160,true],"full":["https:\/\/diariolanoticia.com.mx\/wp-content\/uploads\/2024\/04\/05.jpg",1071,716,false]},"categories_names":{"21":{"name":"Estatal","link":"https:\/\/diariolanoticia.com.mx\/?cat=21"}},"tags_names":[],"comments_number":"0","wpmagazine_modules_lite_featured_media_urls":{"thumbnail":["https:\/\/diariolanoticia.com.mx\/wp-content\/uploads\/2024\/04\/05-216x160.jpg",216,160,true],"cvmm-medium":["https:\/\/diariolanoticia.com.mx\/wp-content\/uploads\/2024\/04\/05-300x300.jpg",300,300,true],"cvmm-medium-plus":["https:\/\/diariolanoticia.com.mx\/wp-content\/uploads\/2024\/04\/05-305x207.jpg",305,207,true],"cvmm-portrait":["https:\/\/diariolanoticia.com.mx\/wp-content\/uploads\/2024\/04\/05-400x600.jpg",400,600,true],"cvmm-medium-square":["https:\/\/diariolanoticia.com.mx\/wp-content\/uploads\/2024\/04\/05-600x600.jpg",600,600,true],"cvmm-large":["https:\/\/diariolanoticia.com.mx\/wp-content\/uploads\/2024\/04\/05-1024x716.jpg",1024,716,true],"cvmm-small":["https:\/\/diariolanoticia.com.mx\/wp-content\/uploads\/2024\/04\/05-130x95.jpg",130,95,true],"full":["https:\/\/diariolanoticia.com.mx\/wp-content\/uploads\/2024\/04\/05.jpg",1071,716,false]},"_links":{"self":[{"href":"https:\/\/diariolanoticia.com.mx\/index.php?rest_route=\/wp\/v2\/posts\/122333","targetHints":{"allow":["GET"]}}],"collection":[{"href":"https:\/\/diariolanoticia.com.mx\/index.php?rest_route=\/wp\/v2\/posts"}],"about":[{"href":"https:\/\/diariolanoticia.com.mx\/index.php?rest_route=\/wp\/v2\/types\/post"}],"author":[{"embeddable":true,"href":"https:\/\/diariolanoticia.com.mx\/index.php?rest_route=\/wp\/v2\/users\/1"}],"replies":[{"embeddable":true,"href":"https:\/\/diariolanoticia.com.mx\/index.php?rest_route=%2Fwp%2Fv2%2Fcomments&post=122333"}],"version-history":[{"count":1,"href":"https:\/\/diariolanoticia.com.mx\/index.php?rest_route=\/wp\/v2\/posts\/122333\/revisions"}],"predecessor-version":[{"id":122335,"href":"https:\/\/diariolanoticia.com.mx\/index.php?rest_route=\/wp\/v2\/posts\/122333\/revisions\/122335"}],"wp:featuredmedia":[{"embeddable":true,"href":"https:\/\/diariolanoticia.com.mx\/index.php?rest_route=\/wp\/v2\/media\/122334"}],"wp:attachment":[{"href":"https:\/\/diariolanoticia.com.mx\/index.php?rest_route=%2Fwp%2Fv2%2Fmedia&parent=122333"}],"wp:term":[{"taxonomy":"category","embeddable":true,"href":"https:\/\/diariolanoticia.com.mx\/index.php?rest_route=%2Fwp%2Fv2%2Fcategories&post=122333"},{"taxonomy":"post_tag","embeddable":true,"href":"https:\/\/diariolanoticia.com.mx\/index.php?rest_route=%2Fwp%2Fv2%2Ftags&post=122333"}],"curies":[{"name":"wp","href":"https:\/\/api.w.org\/{rel}","templated":true}]}}