{"id":122533,"date":"2024-04-22T15:36:13","date_gmt":"2024-04-22T21:36:13","guid":{"rendered":"https:\/\/diariolanoticia.com.mx\/?p=122533"},"modified":"2024-04-22T15:36:15","modified_gmt":"2024-04-22T21:36:15","slug":"inauguro-uatx-auditorio-del-centro-de-investigacion-educativa","status":"publish","type":"post","link":"https:\/\/diariolanoticia.com.mx\/?p=122533","title":{"rendered":"Inaugur\u00f3 UATx auditorio del Centro de Investigaci\u00f3n Educativa"},"content":{"rendered":"\n<p>\u00b7&nbsp;&nbsp;&nbsp;&nbsp;&nbsp;&nbsp;&nbsp;&nbsp;&nbsp;<strong>El humanismo integrador contempor\u00e1neo se afinca en valores que requiere la sociedad: Rector<\/strong><\/p>\n\n\n\n<p>Con una visi\u00f3n transformadora, innovadora y propositiva para fomentar las l\u00edneas de investigaci\u00f3n que potencialicen el conocimiento de frontera, la Universidad Aut\u00f3noma de Tlaxcala (UATx) inaugur\u00f3 el auditorio \u00ab\u00c1ngel D\u00edaz Barriga\u00bb del Centro de Investigaci\u00f3n Educativa (CIE) de la m\u00e1xima Casa de Estudios de la entidad.<\/p>\n\n\n\n<p>En dicho acto, el Doctor Seraf\u00edn Ortiz Ortiz, Rector de la UATx, mencion\u00f3 que, en su breve trayectoria, este centro de investigaci\u00f3n ha alcanzado r\u00e1pido y a pasos agigantados el vuelo que requerimos en la educaci\u00f3n superior, dise\u00f1ando m\u00e9todos, estrategias y convenios con instituciones que trascienden y que magnifican a nuestra Universidad.<\/p>\n\n\n\n<p>Hoy, agreg\u00f3, nuestros espacios cobran vida con un activismo acad\u00e9mico, al incentivar y aportar investigaciones educativas de impacto internacional, adem\u00e1s de seguir afinando nuestro modelo que nos distingue, el Modelo Humanista Integrador basado en Capacidades (MHIC).<\/p>\n\n\n\n<p>Afirm\u00f3 que este nuevo recinto ser\u00e1 legendario por el impacto que tendr\u00e1 en nuestro estado, en la regi\u00f3n, en el pa\u00eds y en el mundo, porque Tlaxcala se ha ganado un lugar fundamental en diferentes disciplinas, con visitantes internacionales reconocidos y, sin duda, estar\u00e1n aqu\u00ed los m\u00e1s notables pedagogos e investigadores en educaci\u00f3n.<\/p>\n\n\n\n<p>Por su parte, el Doctor Homero Meneses Hern\u00e1ndez, Secretario de Educaci\u00f3n P\u00fablica del Estado y Director de la Unidad de Servicios Educativos de Tlaxcala, coment\u00f3 que el servir es lo que distingue a una persona que se preocupa por trascender y esta inauguraci\u00f3n es un claro ejemplo de esta reflexi\u00f3n, ya que el Doctor D\u00edaz Barriga ha realizado mucho por las y los ni\u00f1os, las y los adolescentes, las maestras y los maestros, no solamente de Tlaxcala, sino del pa\u00eds, enfocado en su preocupaci\u00f3n por mejorar las condiciones educativas.<\/p>\n\n\n\n<p>Dijo que resalta la importancia y el trabajo que la Universidad Aut\u00f3noma de Tlaxcala brinda con su modelo educativo inmerso en el humanismo, que genera diversos estudios que posibilitan la creaci\u00f3n de nuevas perspectivas enfocadas en fortalecer la educaci\u00f3n en todos los niveles.<\/p>\n\n\n\n<p>Al hacer uso de la voz, el Doctor \u00c1ngel D\u00edaz Barriga, Coordinador General del CIE, se\u00f1al\u00f3 que este es un resultado de un esfuerzo colectivo de la Universidad con acompa\u00f1amiento de la SEP, y asegur\u00f3 que este espacio beneficiar\u00e1 directamente a la educaci\u00f3n, espaci\u00f3 que los compromete a seguir reflexionando y analizando nuestra formaci\u00f3n.<\/p>\n\n\n\n<p>La conferencia inaugural corri\u00f3 a cargo del Doctor Seraf\u00edn Ortiz, intitulada&nbsp;&lt;&lt;El Modelo Humanista Integrador Contempor\u00e1neo: Un enfoque educativo&gt;&gt;, donde realiz\u00f3 una reflexi\u00f3n de las perspectivas del humanismo, mostrando una visi\u00f3n hol\u00edstica en dos ejes: uno particularmente en la reconstrucci\u00f3n hist\u00f3rica del humanismo, lo que llamamos el historicismo o la historiograf\u00eda del humanismo; y otra, de car\u00e1cter sobresalientemente filos\u00f3fico, una visi\u00f3n ideol\u00f3gica, para darle contenido al concepto del humanismo.<\/p>\n\n\n\n<p>Asegur\u00f3 que en la UATx se forman individuos que ejercer\u00e1n una profesi\u00f3n con un impacto focalizado en el escenario de la ciudadan\u00eda, incluso se ha dise\u00f1ado una unidad de aprendizaje en formaci\u00f3n c\u00edvica y democr\u00e1tica, que en este momento se cursa en los 45 programas educativos que se ofrecen, de modo entonces que, dentro de nuestras aulas, existe un reforzamiento de valores, que se visualizar\u00e1 en la sociedad.<\/p>\n","protected":false},"excerpt":{"rendered":"<p>\u00b7&nbsp;&nbsp;&nbsp;&nbsp;&nbsp;&nbsp;&nbsp;&nbsp;&nbsp;El humanismo integrador contempor\u00e1neo se afinca en valores que requiere la sociedad: Rector Con una visi\u00f3n transformadora, innovadora y propositiva para fomentar las l\u00edneas de investigaci\u00f3n que potencialicen el conocimiento de frontera, la Universidad Aut\u00f3noma de Tlaxcala (UATx) inaugur\u00f3 el auditorio \u00ab\u00c1ngel D\u00edaz Barriga\u00bb del Centro de Investigaci\u00f3n Educativa (CIE) de la m\u00e1xima Casa de [&hellip;]<\/p>\n","protected":false},"author":1,"featured_media":122534,"comment_status":"open","ping_status":"open","sticky":false,"template":"","format":"standard","meta":{"footnotes":""},"categories":[10],"tags":[],"class_list":["post-122533","post","type-post","status-publish","format-standard","has-post-thumbnail","hentry","category-educacion"],"blog_post_layout_featured_media_urls":{"thumbnail":["https:\/\/diariolanoticia.com.mx\/wp-content\/uploads\/2024\/04\/22-B-Inauguro-UATx-auditorio-del-Centro-de-Investigacion-Educativa-216x160.jpg",216,160,true],"full":["https:\/\/diariolanoticia.com.mx\/wp-content\/uploads\/2024\/04\/22-B-Inauguro-UATx-auditorio-del-Centro-de-Investigacion-Educativa.jpg",1900,1266,false]},"categories_names":{"10":{"name":"Educaci\u00f3n","link":"https:\/\/diariolanoticia.com.mx\/?cat=10"}},"tags_names":[],"comments_number":"0","wpmagazine_modules_lite_featured_media_urls":{"thumbnail":["https:\/\/diariolanoticia.com.mx\/wp-content\/uploads\/2024\/04\/22-B-Inauguro-UATx-auditorio-del-Centro-de-Investigacion-Educativa-216x160.jpg",216,160,true],"cvmm-medium":["https:\/\/diariolanoticia.com.mx\/wp-content\/uploads\/2024\/04\/22-B-Inauguro-UATx-auditorio-del-Centro-de-Investigacion-Educativa-300x300.jpg",300,300,true],"cvmm-medium-plus":["https:\/\/diariolanoticia.com.mx\/wp-content\/uploads\/2024\/04\/22-B-Inauguro-UATx-auditorio-del-Centro-de-Investigacion-Educativa-305x207.jpg",305,207,true],"cvmm-portrait":["https:\/\/diariolanoticia.com.mx\/wp-content\/uploads\/2024\/04\/22-B-Inauguro-UATx-auditorio-del-Centro-de-Investigacion-Educativa-400x600.jpg",400,600,true],"cvmm-medium-square":["https:\/\/diariolanoticia.com.mx\/wp-content\/uploads\/2024\/04\/22-B-Inauguro-UATx-auditorio-del-Centro-de-Investigacion-Educativa-600x600.jpg",600,600,true],"cvmm-large":["https:\/\/diariolanoticia.com.mx\/wp-content\/uploads\/2024\/04\/22-B-Inauguro-UATx-auditorio-del-Centro-de-Investigacion-Educativa-1024x1024.jpg",1024,1024,true],"cvmm-small":["https:\/\/diariolanoticia.com.mx\/wp-content\/uploads\/2024\/04\/22-B-Inauguro-UATx-auditorio-del-Centro-de-Investigacion-Educativa-130x95.jpg",130,95,true],"full":["https:\/\/diariolanoticia.com.mx\/wp-content\/uploads\/2024\/04\/22-B-Inauguro-UATx-auditorio-del-Centro-de-Investigacion-Educativa.jpg",1900,1266,false]},"_links":{"self":[{"href":"https:\/\/diariolanoticia.com.mx\/index.php?rest_route=\/wp\/v2\/posts\/122533","targetHints":{"allow":["GET"]}}],"collection":[{"href":"https:\/\/diariolanoticia.com.mx\/index.php?rest_route=\/wp\/v2\/posts"}],"about":[{"href":"https:\/\/diariolanoticia.com.mx\/index.php?rest_route=\/wp\/v2\/types\/post"}],"author":[{"embeddable":true,"href":"https:\/\/diariolanoticia.com.mx\/index.php?rest_route=\/wp\/v2\/users\/1"}],"replies":[{"embeddable":true,"href":"https:\/\/diariolanoticia.com.mx\/index.php?rest_route=%2Fwp%2Fv2%2Fcomments&post=122533"}],"version-history":[{"count":1,"href":"https:\/\/diariolanoticia.com.mx\/index.php?rest_route=\/wp\/v2\/posts\/122533\/revisions"}],"predecessor-version":[{"id":122535,"href":"https:\/\/diariolanoticia.com.mx\/index.php?rest_route=\/wp\/v2\/posts\/122533\/revisions\/122535"}],"wp:featuredmedia":[{"embeddable":true,"href":"https:\/\/diariolanoticia.com.mx\/index.php?rest_route=\/wp\/v2\/media\/122534"}],"wp:attachment":[{"href":"https:\/\/diariolanoticia.com.mx\/index.php?rest_route=%2Fwp%2Fv2%2Fmedia&parent=122533"}],"wp:term":[{"taxonomy":"category","embeddable":true,"href":"https:\/\/diariolanoticia.com.mx\/index.php?rest_route=%2Fwp%2Fv2%2Fcategories&post=122533"},{"taxonomy":"post_tag","embeddable":true,"href":"https:\/\/diariolanoticia.com.mx\/index.php?rest_route=%2Fwp%2Fv2%2Ftags&post=122533"}],"curies":[{"name":"wp","href":"https:\/\/api.w.org\/{rel}","templated":true}]}}