{"id":122536,"date":"2024-04-22T15:37:34","date_gmt":"2024-04-22T21:37:34","guid":{"rendered":"https:\/\/diariolanoticia.com.mx\/?p=122536"},"modified":"2024-04-22T15:37:36","modified_gmt":"2024-04-22T21:37:36","slug":"inicio-en-la-cedh-el-curso-de-lengua-de-senas-mexicana","status":"publish","type":"post","link":"https:\/\/diariolanoticia.com.mx\/?p=122536","title":{"rendered":"Inici\u00f3 en la CEDH el curso de Lengua de Se\u00f1as Mexicana"},"content":{"rendered":"\n<p>*Dirigido a ni\u00f1os de 7 a 12 a\u00f1os de edad<\/p>\n\n\n\n<p>La Comisi\u00f3n Estatal de Derechos Humanos (CEDH) inici\u00f3 el curso Lengua de Se\u00f1as Mexicana, denominado&nbsp;\u00abComunic\u00e1ndonos con las manos\u00bb, el cual est\u00e1 dirigido&nbsp;a Ni\u00f1as, Ni\u00f1os y Adolescentes de 7 a 12 a\u00f1os de edad y es impartido por Adriana Tecpa Sartillo, integrante de la organizaci\u00f3n civil Desarrollo, Educaci\u00f3n, Amor, Esperanza, Justicia A.C. (Demej).<\/p>\n\n\n\n<p>Este curso est\u00e1 enmarcado en la conmemoraci\u00f3n del D\u00eda de la Ni\u00f1ez, es gratuito y consta de 5 sesiones, la primera fue el pasado 19 de abril y continuar\u00e1 el d\u00eda 26 del mismo mes, as\u00ed como los d\u00edas 3, 10 y 17 de mayo del presente a\u00f1o, con un horario de 16:00 a 17:30, en las instalaciones de la CEDH.<\/p>\n\n\n\n<p>La presidenta de la CEDHT, Jakqueline Ordo\u00f1ez Brasdefer, precis\u00f3 que este organismo est\u00e1 interesado en trabajar con los valores desde las infancias, como la inclusi\u00f3n o la no discriminaci\u00f3n, y que los ni\u00f1os, ni\u00f1as y adolescentes conozcan la importancia de aprender esta lengua, pues, as\u00ed como se interesan en aprender otros idiomas, tambi\u00e9n pueden aprender esta lengua y comunicarse con personas sordas.<\/p>\n\n\n\n<p>El curso tiene verificativo cada viernes y se planea que, a final del mismo, pueda haber una convivencia entre ni\u00f1as, ni\u00f1os y adolescentes sordos y quienes asistan a este curso, para que sepan que \u00e9sta es otra manera de comunicarse con todas y todos.<\/p>\n\n\n\n<p>Las actividades son din\u00e1micas, con ejercicios, cantos y juegos, actividades pr\u00e1cticas como m\u00e9todos de aprendizaje, donde los asistentes conocieron el abecedario en lengua de se\u00f1as mexicana, as\u00ed como algunas palabras, conocimientos que ser\u00e1n reforzados en las siguientes sesiones.&nbsp;<\/p>\n","protected":false},"excerpt":{"rendered":"<p>*Dirigido a ni\u00f1os de 7 a 12 a\u00f1os de edad La Comisi\u00f3n Estatal de Derechos Humanos (CEDH) inici\u00f3 el curso Lengua de Se\u00f1as Mexicana, denominado&nbsp;\u00abComunic\u00e1ndonos con las manos\u00bb, el cual est\u00e1 dirigido&nbsp;a Ni\u00f1as, Ni\u00f1os y Adolescentes de 7 a 12 a\u00f1os de edad y es impartido por Adriana Tecpa Sartillo, integrante de la organizaci\u00f3n civil [&hellip;]<\/p>\n","protected":false},"author":1,"featured_media":122537,"comment_status":"open","ping_status":"open","sticky":false,"template":"","format":"standard","meta":{"footnotes":""},"categories":[21],"tags":[],"class_list":["post-122536","post","type-post","status-publish","format-standard","has-post-thumbnail","hentry","category-estatal"],"blog_post_layout_featured_media_urls":{"thumbnail":["https:\/\/diariolanoticia.com.mx\/wp-content\/uploads\/2024\/04\/Boletin-27-1-216x160.jpg",216,160,true],"full":["https:\/\/diariolanoticia.com.mx\/wp-content\/uploads\/2024\/04\/Boletin-27-1.jpg",900,600,false]},"categories_names":{"21":{"name":"Estatal","link":"https:\/\/diariolanoticia.com.mx\/?cat=21"}},"tags_names":[],"comments_number":"0","wpmagazine_modules_lite_featured_media_urls":{"thumbnail":["https:\/\/diariolanoticia.com.mx\/wp-content\/uploads\/2024\/04\/Boletin-27-1-216x160.jpg",216,160,true],"cvmm-medium":["https:\/\/diariolanoticia.com.mx\/wp-content\/uploads\/2024\/04\/Boletin-27-1-300x300.jpg",300,300,true],"cvmm-medium-plus":["https:\/\/diariolanoticia.com.mx\/wp-content\/uploads\/2024\/04\/Boletin-27-1-305x207.jpg",305,207,true],"cvmm-portrait":["https:\/\/diariolanoticia.com.mx\/wp-content\/uploads\/2024\/04\/Boletin-27-1-400x600.jpg",400,600,true],"cvmm-medium-square":["https:\/\/diariolanoticia.com.mx\/wp-content\/uploads\/2024\/04\/Boletin-27-1-600x600.jpg",600,600,true],"cvmm-large":["https:\/\/diariolanoticia.com.mx\/wp-content\/uploads\/2024\/04\/Boletin-27-1.jpg",900,600,false],"cvmm-small":["https:\/\/diariolanoticia.com.mx\/wp-content\/uploads\/2024\/04\/Boletin-27-1-130x95.jpg",130,95,true],"full":["https:\/\/diariolanoticia.com.mx\/wp-content\/uploads\/2024\/04\/Boletin-27-1.jpg",900,600,false]},"_links":{"self":[{"href":"https:\/\/diariolanoticia.com.mx\/index.php?rest_route=\/wp\/v2\/posts\/122536","targetHints":{"allow":["GET"]}}],"collection":[{"href":"https:\/\/diariolanoticia.com.mx\/index.php?rest_route=\/wp\/v2\/posts"}],"about":[{"href":"https:\/\/diariolanoticia.com.mx\/index.php?rest_route=\/wp\/v2\/types\/post"}],"author":[{"embeddable":true,"href":"https:\/\/diariolanoticia.com.mx\/index.php?rest_route=\/wp\/v2\/users\/1"}],"replies":[{"embeddable":true,"href":"https:\/\/diariolanoticia.com.mx\/index.php?rest_route=%2Fwp%2Fv2%2Fcomments&post=122536"}],"version-history":[{"count":1,"href":"https:\/\/diariolanoticia.com.mx\/index.php?rest_route=\/wp\/v2\/posts\/122536\/revisions"}],"predecessor-version":[{"id":122538,"href":"https:\/\/diariolanoticia.com.mx\/index.php?rest_route=\/wp\/v2\/posts\/122536\/revisions\/122538"}],"wp:featuredmedia":[{"embeddable":true,"href":"https:\/\/diariolanoticia.com.mx\/index.php?rest_route=\/wp\/v2\/media\/122537"}],"wp:attachment":[{"href":"https:\/\/diariolanoticia.com.mx\/index.php?rest_route=%2Fwp%2Fv2%2Fmedia&parent=122536"}],"wp:term":[{"taxonomy":"category","embeddable":true,"href":"https:\/\/diariolanoticia.com.mx\/index.php?rest_route=%2Fwp%2Fv2%2Fcategories&post=122536"},{"taxonomy":"post_tag","embeddable":true,"href":"https:\/\/diariolanoticia.com.mx\/index.php?rest_route=%2Fwp%2Fv2%2Ftags&post=122536"}],"curies":[{"name":"wp","href":"https:\/\/api.w.org\/{rel}","templated":true}]}}