{"id":122719,"date":"2024-04-29T13:40:30","date_gmt":"2024-04-29T19:40:30","guid":{"rendered":"https:\/\/diariolanoticia.com.mx\/?p=122719"},"modified":"2024-04-29T13:40:29","modified_gmt":"2024-04-29T19:40:29","slug":"preven-mas-de-1-millon-de-visitantes-y-derrama-de-900-mdp-en-feria-de-puebla-2024","status":"publish","type":"post","link":"https:\/\/diariolanoticia.com.mx\/?p=122719","title":{"rendered":"Prev\u00e9n m\u00e1s de 1 mill\u00f3n de visitantes y derrama de 900 mdp en Feria de Puebla 2024"},"content":{"rendered":"\n<figure class=\"wp-block-gallery has-nested-images columns-default is-cropped wp-block-gallery-1 is-layout-flex wp-block-gallery-is-layout-flex\">\n<figure class=\"wp-block-image\"><img loading=\"lazy\" decoding=\"async\" width=\"1024\" height=\"683\" data-id=\"122715\" src=\"https:\/\/diariolanoticia.com.mx\/wp-content\/uploads\/2024\/04\/img_3880-1-1024x683.jpg\" alt=\"\" class=\"wp-image-122715\" srcset=\"https:\/\/diariolanoticia.com.mx\/wp-content\/uploads\/2024\/04\/img_3880-1-1024x683.jpg 1024w, https:\/\/diariolanoticia.com.mx\/wp-content\/uploads\/2024\/04\/img_3880-1-300x200.jpg 300w, https:\/\/diariolanoticia.com.mx\/wp-content\/uploads\/2024\/04\/img_3880-1-768x512.jpg 768w, https:\/\/diariolanoticia.com.mx\/wp-content\/uploads\/2024\/04\/img_3880-1.jpg 1500w\" sizes=\"auto, (max-width: 1024px) 100vw, 1024px\" \/><\/figure>\n\n\n\n<figure class=\"wp-block-image\"><img loading=\"lazy\" decoding=\"async\" width=\"1024\" height=\"683\" data-id=\"122716\" src=\"https:\/\/diariolanoticia.com.mx\/wp-content\/uploads\/2024\/04\/img_3882-1-1024x683.jpg\" alt=\"\" class=\"wp-image-122716\" srcset=\"https:\/\/diariolanoticia.com.mx\/wp-content\/uploads\/2024\/04\/img_3882-1-1024x683.jpg 1024w, https:\/\/diariolanoticia.com.mx\/wp-content\/uploads\/2024\/04\/img_3882-1-300x200.jpg 300w, https:\/\/diariolanoticia.com.mx\/wp-content\/uploads\/2024\/04\/img_3882-1-768x512.jpg 768w, https:\/\/diariolanoticia.com.mx\/wp-content\/uploads\/2024\/04\/img_3882-1.jpg 1500w\" sizes=\"auto, (max-width: 1024px) 100vw, 1024px\" \/><\/figure>\n\n\n\n<figure class=\"wp-block-image\"><img loading=\"lazy\" decoding=\"async\" width=\"1024\" height=\"683\" data-id=\"122717\" src=\"https:\/\/diariolanoticia.com.mx\/wp-content\/uploads\/2024\/04\/img_3877-1-1024x683.jpg\" alt=\"\" class=\"wp-image-122717\" srcset=\"https:\/\/diariolanoticia.com.mx\/wp-content\/uploads\/2024\/04\/img_3877-1-1024x683.jpg 1024w, https:\/\/diariolanoticia.com.mx\/wp-content\/uploads\/2024\/04\/img_3877-1-300x200.jpg 300w, https:\/\/diariolanoticia.com.mx\/wp-content\/uploads\/2024\/04\/img_3877-1-768x512.jpg 768w, https:\/\/diariolanoticia.com.mx\/wp-content\/uploads\/2024\/04\/img_3877-1.jpg 1500w\" sizes=\"auto, (max-width: 1024px) 100vw, 1024px\" \/><\/figure>\n\n\n\n<figure class=\"wp-block-image\"><img loading=\"lazy\" decoding=\"async\" width=\"1024\" height=\"683\" data-id=\"122718\" src=\"https:\/\/diariolanoticia.com.mx\/wp-content\/uploads\/2024\/04\/img_3875-1-1024x683.jpg\" alt=\"\" class=\"wp-image-122718\" srcset=\"https:\/\/diariolanoticia.com.mx\/wp-content\/uploads\/2024\/04\/img_3875-1-1024x683.jpg 1024w, https:\/\/diariolanoticia.com.mx\/wp-content\/uploads\/2024\/04\/img_3875-1-300x200.jpg 300w, https:\/\/diariolanoticia.com.mx\/wp-content\/uploads\/2024\/04\/img_3875-1-768x512.jpg 768w, https:\/\/diariolanoticia.com.mx\/wp-content\/uploads\/2024\/04\/img_3875-1.jpg 1500w\" sizes=\"auto, (max-width: 1024px) 100vw, 1024px\" \/><\/figure>\n<\/figure>\n\n\n\n<p>-Este evento, que representa la riqueza cultural, gastron\u00f3mica y art\u00edstica de la entidad, tambi\u00e9n propiciar\u00e1 una ocupaci\u00f3n hotelera del 65%<\/p>\n\n\n\n<p>-Dependencias de gobierno involucradas emiten recomendaciones e invitan a las y los poblanos a disfrutar de todos los atractivos<\/p>\n\n\n\n<p>CIUDAD DE PUEBLA, Pue.- Una afluencia superior al mill\u00f3n de personas, lo que representa una derrama econ\u00f3mica de 900 millones de pesos y una ocupaci\u00f3n hotelera del 65 por ciento, estim\u00f3 la secretaria de Turismo durante la Feria de Puebla 2024 que desde el 25 de abril en el Centro Expositor y que concluye el 12 de mayo.<\/p>\n\n\n\n<p>Al participar en la conferencia del titular del Ejecutivo, dijo que este evento celebra la riqueza cultural, gastron\u00f3mica y art\u00edstica, por lo que hizo un llamado a las y los poblanos para que recorran los pabellones de los 12 Pueblos M\u00e1gicos y municipios con vocaci\u00f3n tur\u00edstica, as\u00ed como la exposici\u00f3n artesanal, ganadera y comercial, adem\u00e1s de conciertos en el Teatro del Pueblo y espect\u00e1culos como Ilusion on Ice y el show circense, entre otros.<\/p>\n\n\n\n<p><strong>Despliega Seguridad P\u00fablica mil 400 elementos<\/strong><\/p>\n\n\n\n<p>En tanto, el secretario de Seguridad P\u00fablica comparti\u00f3 que m\u00e1s de mil 400 polic\u00edas estatales son desplegados para vigilar que las actividades de la Feria de Puebla 2024 se realicen con tranquilidad. Resalt\u00f3 que, en los primeros d\u00edas, la Polic\u00eda Estatal detuvo a cinco personas por la venta no autorizada de boletos para espect\u00e1culos en el Palenque, y cinco m\u00e1s por alterar el orden p\u00fablico.<\/p>\n\n\n\n<p>En materia de prevenci\u00f3n del delito, exhort\u00f3 a las y los asistentes a tomar medidas como: seguir las indicaciones del personal de seguridad, evitar el consumo excesivo de bebidas alcoh\u00f3licas, no participar en confrontaciones o provocaciones y reportar a las autoridades comportamientos inadecuados.<\/p>\n\n\n\n<p><strong>Implementa Salud servicios m\u00e9dicos para atender a los visitantes<\/strong><\/p>\n\n\n\n<p>La Secretar\u00eda de Salud, a trav\u00e9s del Sistema de Urgencias M\u00e9dicas Avanzadas (SUMA), instal\u00f3 camiones de incidentes masivos, as\u00ed como ambulancias con personal m\u00e9dico para cubrir eventos masivos para atender a los asistentes que lo requieran.<br \/>Asimismo, se otorgar\u00e1n consultas m\u00e9dicas gratuitas como: detecci\u00f3n de hipertensi\u00f3n arterial, diabetes mellitus, espirometr\u00edas, vacunaci\u00f3n y salud reproductiva. Adem\u00e1s, estar\u00e1 presente la \u201cLiga Sanitaria\u201d con el fin de promover entre las y los ni\u00f1os una alimentaci\u00f3n saludable y cuidar su cuerpo. Este servicio m\u00e9dico estar\u00e1 disponible para todas y todos los visitantes de la Feria y que requieran de alguna asistencia gratuita.<\/p>\n\n\n\n<p><strong>Promueve SDR productos agroindustriales de comunidades<\/strong><\/p>\n\n\n\n<p>La secretaria de Desarrollo Rural (SDR) inform\u00f3 que en el Pabell\u00f3n Agroindustrial participan 60 municipios en 168 stands con productores de mezcal galardonados a nivel nacional e internacional; as\u00ed como marcas de caf\u00e9 que cuentan con reconocimiento de excelencia en taza, de las sierras Norte, Nororiental y Negra, as\u00ed como miel y productos agroindustriales.<br \/>Una muestra de la riqueza gen\u00e9tica del ganado que se produce en Puebla se alberga en la Expo Gabadera, con especies de bovinos, ovinos, caprinos, porcinos, caballos y conejos. Adem\u00e1s, las ni\u00f1as y ni\u00f1os podr\u00e1n disfrutar de la granja de contacto, donde podr\u00e1n interactuar con gallinas, conejos, cuyos, ponis, vacas enanas, mini cerdos, pavorreales, faisanes y jabal\u00edes europeos.<\/p>\n\n\n\n<p><strong>Presente Pabell\u00f3n Comercial de la Secretar\u00eda de Econom\u00eda<\/strong><\/p>\n\n\n\n<p>Mientras que la Secretar\u00eda de Econom\u00eda cuenta con un pabell\u00f3n de 2 mil metros cuadrados para mostrar la riqueza, productiva, artesanal, industrial y tecnol\u00f3gica del estado bajo el lema \u201cPuebla lo tiene todo\u201d, indic\u00f3 el titular.<\/p>\n\n\n\n<p>El pabell\u00f3n est\u00e1 divido en dos secciones: la primera consta de un recorrido por las 20 regiones del estado con productos, artesan\u00edas y servicios destacados en la que participan m\u00e1s de 150 grupos productivos; y la segunda expone las tendencias tecnol\u00f3gicas impulsadas por los 21 cl\u00fasteres empresariales, con un \u00e9nfasis especial en la industria de la creatividad y la innovaci\u00f3n que se impulsa desde el CIEN, el CIITA y el CERHAN as\u00ed como la oferta de infraestructura y servicios que ofrece Ciudad Modelo, y las tecnolog\u00edas energ\u00e9ticas y de electromovilidad que impulsa la Agencia de Energ\u00eda del Estado y el cl\u00faster automotriz.<\/p>\n\n\n\n<p><strong>Asistentes pueden disfrutar de diversos atractivos art\u00edsticos<\/strong><\/p>\n\n\n\n<p>En su intervenci\u00f3n, el secretario de Cultura precis\u00f3 que en esta edici\u00f3n participan 33 grupos art\u00edsticos, 13 de danza y 19 de m\u00fasica en g\u00e9neros como el rock, pop, ska, dj\u2019s, jazz, boleros, mariachi, entre otros, as\u00ed como las orquestas del estado.<\/p>\n\n\n\n<p>Adem\u00e1s, resalt\u00f3 que la Feria ofrece artesan\u00edas de diversas ramas como bordados, barro vidriado, talavera, hilados de lana, entre otros, elaborados por artesanas y artesanos de municipios como Cuetzalan, Hueyapan, Iz\u00facar de Matamoros, Pahuatl\u00e1n, Molcaxac, Tlatlauquitepec y Tecali de Herrera.<\/p>\n\n\n\n<p><strong>Ampl\u00edan horarios en transporte p\u00fablico<\/strong><\/p>\n\n\n\n<p>Finalmente, el titular de la Secretar\u00eda de Movilidad y Transporte (SMT) se\u00f1al\u00f3 que, para trasladar a las personas que acudan a la Feria de Puebla 2024, se encuentran disponibles 17 rutas del servicio de transporte p\u00fablico que circulan en las inmediaciones del recinto ferial; asimismo, se habilitaron cinco paradas autorizadas de transporte p\u00fablico, tres sitios temporales de taxi y dos espacios temporales para plataformas o aplicaciones del servicio ejecutivo, mismas que estar\u00e1n ubicadas sobre la Calzada Ignacio Zaragoza.<\/p>\n\n\n\n<p>De igual forma, refiri\u00f3 que se cuenta con un servicio de Transporte Nocturno, mismo que tiene un costo de 25 pesos y circula en un horario de 10:00 a 03:00 horas; as\u00ed como un servicio de transporte gratuito que realiza recorridos cada media hora desde el estacionamiento del estadio Cuauht\u00e9moc hacia el recinto ferial, para garantizar la movilidad de las y los poblanos.<\/p>\n","protected":false},"excerpt":{"rendered":"<p>-Este evento, que representa la riqueza cultural, gastron\u00f3mica y art\u00edstica de la entidad, tambi\u00e9n propiciar\u00e1 una ocupaci\u00f3n hotelera del 65% -Dependencias de gobierno involucradas emiten recomendaciones e invitan a las y los poblanos a disfrutar de todos los atractivos CIUDAD DE PUEBLA, Pue.- Una afluencia superior al mill\u00f3n de personas, lo que representa una derrama [&hellip;]<\/p>\n","protected":false},"author":1,"featured_media":122713,"comment_status":"open","ping_status":"open","sticky":false,"template":"","format":"standard","meta":{"footnotes":""},"categories":[20],"tags":[52],"class_list":["post-122719","post","type-post","status-publish","format-standard","has-post-thumbnail","hentry","category-norte-de-puebla","tag-puebla"],"blog_post_layout_featured_media_urls":{"thumbnail":["https:\/\/diariolanoticia.com.mx\/wp-content\/uploads\/2024\/04\/img_3873-1-216x160.jpg",216,160,true],"full":["https:\/\/diariolanoticia.com.mx\/wp-content\/uploads\/2024\/04\/img_3873-1.jpg",1500,1000,false]},"categories_names":{"20":{"name":"Norte de Puebla","link":"https:\/\/diariolanoticia.com.mx\/?cat=20"}},"tags_names":{"52":{"name":"Puebla","link":"https:\/\/diariolanoticia.com.mx\/?tag=puebla"}},"comments_number":"0","wpmagazine_modules_lite_featured_media_urls":{"thumbnail":["https:\/\/diariolanoticia.com.mx\/wp-content\/uploads\/2024\/04\/img_3873-1-216x160.jpg",216,160,true],"cvmm-medium":["https:\/\/diariolanoticia.com.mx\/wp-content\/uploads\/2024\/04\/img_3873-1-300x300.jpg",300,300,true],"cvmm-medium-plus":["https:\/\/diariolanoticia.com.mx\/wp-content\/uploads\/2024\/04\/img_3873-1-305x207.jpg",305,207,true],"cvmm-portrait":["https:\/\/diariolanoticia.com.mx\/wp-content\/uploads\/2024\/04\/img_3873-1-400x600.jpg",400,600,true],"cvmm-medium-square":["https:\/\/diariolanoticia.com.mx\/wp-content\/uploads\/2024\/04\/img_3873-1-600x600.jpg",600,600,true],"cvmm-large":["https:\/\/diariolanoticia.com.mx\/wp-content\/uploads\/2024\/04\/img_3873-1-1024x1000.jpg",1024,1000,true],"cvmm-small":["https:\/\/diariolanoticia.com.mx\/wp-content\/uploads\/2024\/04\/img_3873-1-130x95.jpg",130,95,true],"full":["https:\/\/diariolanoticia.com.mx\/wp-content\/uploads\/2024\/04\/img_3873-1.jpg",1500,1000,false]},"_links":{"self":[{"href":"https:\/\/diariolanoticia.com.mx\/index.php?rest_route=\/wp\/v2\/posts\/122719","targetHints":{"allow":["GET"]}}],"collection":[{"href":"https:\/\/diariolanoticia.com.mx\/index.php?rest_route=\/wp\/v2\/posts"}],"about":[{"href":"https:\/\/diariolanoticia.com.mx\/index.php?rest_route=\/wp\/v2\/types\/post"}],"author":[{"embeddable":true,"href":"https:\/\/diariolanoticia.com.mx\/index.php?rest_route=\/wp\/v2\/users\/1"}],"replies":[{"embeddable":true,"href":"https:\/\/diariolanoticia.com.mx\/index.php?rest_route=%2Fwp%2Fv2%2Fcomments&post=122719"}],"version-history":[{"count":1,"href":"https:\/\/diariolanoticia.com.mx\/index.php?rest_route=\/wp\/v2\/posts\/122719\/revisions"}],"predecessor-version":[{"id":122720,"href":"https:\/\/diariolanoticia.com.mx\/index.php?rest_route=\/wp\/v2\/posts\/122719\/revisions\/122720"}],"wp:featuredmedia":[{"embeddable":true,"href":"https:\/\/diariolanoticia.com.mx\/index.php?rest_route=\/wp\/v2\/media\/122713"}],"wp:attachment":[{"href":"https:\/\/diariolanoticia.com.mx\/index.php?rest_route=%2Fwp%2Fv2%2Fmedia&parent=122719"}],"wp:term":[{"taxonomy":"category","embeddable":true,"href":"https:\/\/diariolanoticia.com.mx\/index.php?rest_route=%2Fwp%2Fv2%2Fcategories&post=122719"},{"taxonomy":"post_tag","embeddable":true,"href":"https:\/\/diariolanoticia.com.mx\/index.php?rest_route=%2Fwp%2Fv2%2Ftags&post=122719"}],"curies":[{"name":"wp","href":"https:\/\/api.w.org\/{rel}","templated":true}]}}