{"id":122842,"date":"2024-04-29T13:57:03","date_gmt":"2024-04-29T19:57:03","guid":{"rendered":"https:\/\/diariolanoticia.com.mx\/?p=122842"},"modified":"2024-05-03T13:57:26","modified_gmt":"2024-05-03T19:57:26","slug":"sera-uatx-plataforma-para-el-analisis-internacional-de-la-teoria-literaria","status":"publish","type":"post","link":"https:\/\/diariolanoticia.com.mx\/?p=122842","title":{"rendered":"Ser\u00e1 UATx plataforma para el an\u00e1lisis internacional de la teor\u00eda literaria"},"content":{"rendered":"\n<p>\u00b7&nbsp;&nbsp;&nbsp;&nbsp;&nbsp;&nbsp;&nbsp;&nbsp;&nbsp;<strong>Intervendr\u00e1n especialistas de&nbsp;<\/strong><strong>Ruman\u00eda, Canad\u00e1, Marruecos, Francia, Burkina Faso, China, Camer\u00fan, Reino Unido, Chile, Argentina y M\u00e9xico<\/strong><strong><\/strong><\/p>\n\n\n\n<p>Para afianzar la colaboraci\u00f3n acad\u00e9mica internacional, la Universidad Aut\u00f3noma de Tlaxcala (UATx), en coordinaci\u00f3n con Espaces Humains et Interactions Culturelles de la Universidad de Limoges (EHIC) de Francia, y el Centro de Estudios Literarios del Instituto de Investigaciones Filol\u00f3gicas de la Universidad Nacional Aut\u00f3noma de M\u00e9xico (UNAM),&nbsp; efectuar\u00e1n el&nbsp;<a>Congreso Internacional \u00abImaginarios culturales del margen: desplazar y descentrar la teor\u00eda literaria\u00bb,&nbsp;<\/a>a celebrarse del 6 al 9 de mayo en las instalaciones del campus rector\u00eda.<\/p>\n\n\n\n<p>Durante la presentaci\u00f3n de este evento, organizado por la Facultad de Filosof\u00eda y Letras, a trav\u00e9s del Cuerpo Acad\u00e9mico (CA) Lengua y Literatura Hispanoamericana y la Licenciatura en Lengua y Literatura Hispanoamericana, el Maestro Hugo P\u00e9rez Olivares, Director de la Facultad, indic\u00f3 que con este congreso se sentar\u00e1n precedentes para futuras investigaciones nacionales y extranjeras, pues se tendr\u00e1 un di\u00e1logo entre los especialistas para analizar y reflexionar acerca de la teor\u00eda y sus aportaciones al pensamiento literario de car\u00e1cter global.<\/p>\n\n\n\n<p>Por su parte, la Doctora Julia Isabel Eisa Osorio, catedr\u00e1tica de esta Casa de Estudios, precis\u00f3 que con esta actividad se da continuidad a una serie de acciones que han realizado desde el a\u00f1o pasado con la Universidad de Limoges, y previo al congreso, se verificar\u00e1 un seminario de teor\u00edas literarias en la Universidad Aut\u00f3noma de Chihuahua (UACH), donde se abordar\u00e1 como tema central a la geocr\u00edtica.<\/p>\n\n\n\n<p>En tanto, de manera virtual, la Doctora Sofia Mateos G\u00f3mez, de la UNAM, y el Doctor Bertrand Westphal del Institut Universitaire de France, coincidieron en afirmar que este tipo de trabajos permiten ofrecer a los educandos un amplio panorama de las teor\u00edas literarias y entablar un di\u00e1logo abierto con los especialistas, para proponer nuevas l\u00edneas de investigaci\u00f3n que enriquezcan la labor que se desarrolla en la actualidad y proponer un nuevo enfoque de las teor\u00edas literarias que se analizan en el mundo.<\/p>\n\n\n\n<p>En su oportunidad, el Doctor Nicolas Piedade, de la Universidad de Limoges, coment\u00f3 que se presentar\u00e1n 41 ponencias, de las cuales quince ser\u00e1n en franc\u00e9s y 26 en espa\u00f1ol, y ser\u00e1n disertadas por especialistas provenientes de Ruman\u00eda, Canad\u00e1, Marruecos, Francia, Burkina Faso, China, Camer\u00fan, Reino Unido, Chile, Argentina y M\u00e9xico.<\/p>\n\n\n\n<p>Finalmente, la Maestra Jaqueline Bernal Arana, Coordinadora de la Licenciatura en Lengua y Literatura Hispanoamericana, recalc\u00f3 que con este congreso se pretende abrir un foro para debatir y analizar que hay diferentes enfoques para abordar las teor\u00edas y lenguajes literarios y seguir abonando el estudio de esta \u00e1rea del conocimiento.<\/p>\n\n\n\n<p>En este congreso se abordar\u00e1n temas como: teor\u00edas de la traducci\u00f3n y la oralidad; teor\u00edas y experiencias de la marginalidad; perspectivas te\u00f3ricas de \u00c1frica franc\u00f3fona; enfoques cr\u00edticos y te\u00f3ricos del sur americano; la producci\u00f3n, difusi\u00f3n y aplicaci\u00f3n de teor\u00edas provenientes de las periferias; la recepci\u00f3n de la teor\u00eda literaria; teor\u00edas basadas en el transling\u00fcismo, el pluriling\u00fcismo o la exofon\u00eda; inter y transdisciplinariedades te\u00f3ricas, la construcci\u00f3n de alternativas a un canon te\u00f3rico exclusivamente occidental, entre otros.&nbsp;<\/p>\n","protected":false},"excerpt":{"rendered":"<p>\u00b7&nbsp;&nbsp;&nbsp;&nbsp;&nbsp;&nbsp;&nbsp;&nbsp;&nbsp;Intervendr\u00e1n especialistas de&nbsp;Ruman\u00eda, Canad\u00e1, Marruecos, Francia, Burkina Faso, China, Camer\u00fan, Reino Unido, Chile, Argentina y M\u00e9xico Para afianzar la colaboraci\u00f3n acad\u00e9mica internacional, la Universidad Aut\u00f3noma de Tlaxcala (UATx), en coordinaci\u00f3n con Espaces Humains et Interactions Culturelles de la Universidad de Limoges (EHIC) de Francia, y el Centro de Estudios Literarios del Instituto de Investigaciones Filol\u00f3gicas [&hellip;]<\/p>\n","protected":false},"author":1,"featured_media":122843,"comment_status":"open","ping_status":"open","sticky":false,"template":"","format":"standard","meta":{"footnotes":""},"categories":[10],"tags":[],"class_list":["post-122842","post","type-post","status-publish","format-standard","has-post-thumbnail","hentry","category-educacion"],"blog_post_layout_featured_media_urls":{"thumbnail":["https:\/\/diariolanoticia.com.mx\/wp-content\/uploads\/2024\/05\/29-Sera-UATx-plataforma-para-el-analisis-internacional-de-la-teoria-literaria-216x160.jpg",216,160,true],"full":["https:\/\/diariolanoticia.com.mx\/wp-content\/uploads\/2024\/05\/29-Sera-UATx-plataforma-para-el-analisis-internacional-de-la-teoria-literaria.jpg",1900,1282,false]},"categories_names":{"10":{"name":"Educaci\u00f3n","link":"https:\/\/diariolanoticia.com.mx\/?cat=10"}},"tags_names":[],"comments_number":"0","wpmagazine_modules_lite_featured_media_urls":{"thumbnail":["https:\/\/diariolanoticia.com.mx\/wp-content\/uploads\/2024\/05\/29-Sera-UATx-plataforma-para-el-analisis-internacional-de-la-teoria-literaria-216x160.jpg",216,160,true],"cvmm-medium":["https:\/\/diariolanoticia.com.mx\/wp-content\/uploads\/2024\/05\/29-Sera-UATx-plataforma-para-el-analisis-internacional-de-la-teoria-literaria-300x300.jpg",300,300,true],"cvmm-medium-plus":["https:\/\/diariolanoticia.com.mx\/wp-content\/uploads\/2024\/05\/29-Sera-UATx-plataforma-para-el-analisis-internacional-de-la-teoria-literaria-305x207.jpg",305,207,true],"cvmm-portrait":["https:\/\/diariolanoticia.com.mx\/wp-content\/uploads\/2024\/05\/29-Sera-UATx-plataforma-para-el-analisis-internacional-de-la-teoria-literaria-400x600.jpg",400,600,true],"cvmm-medium-square":["https:\/\/diariolanoticia.com.mx\/wp-content\/uploads\/2024\/05\/29-Sera-UATx-plataforma-para-el-analisis-internacional-de-la-teoria-literaria-600x600.jpg",600,600,true],"cvmm-large":["https:\/\/diariolanoticia.com.mx\/wp-content\/uploads\/2024\/05\/29-Sera-UATx-plataforma-para-el-analisis-internacional-de-la-teoria-literaria-1024x1024.jpg",1024,1024,true],"cvmm-small":["https:\/\/diariolanoticia.com.mx\/wp-content\/uploads\/2024\/05\/29-Sera-UATx-plataforma-para-el-analisis-internacional-de-la-teoria-literaria-130x95.jpg",130,95,true],"full":["https:\/\/diariolanoticia.com.mx\/wp-content\/uploads\/2024\/05\/29-Sera-UATx-plataforma-para-el-analisis-internacional-de-la-teoria-literaria.jpg",1900,1282,false]},"_links":{"self":[{"href":"https:\/\/diariolanoticia.com.mx\/index.php?rest_route=\/wp\/v2\/posts\/122842","targetHints":{"allow":["GET"]}}],"collection":[{"href":"https:\/\/diariolanoticia.com.mx\/index.php?rest_route=\/wp\/v2\/posts"}],"about":[{"href":"https:\/\/diariolanoticia.com.mx\/index.php?rest_route=\/wp\/v2\/types\/post"}],"author":[{"embeddable":true,"href":"https:\/\/diariolanoticia.com.mx\/index.php?rest_route=\/wp\/v2\/users\/1"}],"replies":[{"embeddable":true,"href":"https:\/\/diariolanoticia.com.mx\/index.php?rest_route=%2Fwp%2Fv2%2Fcomments&post=122842"}],"version-history":[{"count":1,"href":"https:\/\/diariolanoticia.com.mx\/index.php?rest_route=\/wp\/v2\/posts\/122842\/revisions"}],"predecessor-version":[{"id":122844,"href":"https:\/\/diariolanoticia.com.mx\/index.php?rest_route=\/wp\/v2\/posts\/122842\/revisions\/122844"}],"wp:featuredmedia":[{"embeddable":true,"href":"https:\/\/diariolanoticia.com.mx\/index.php?rest_route=\/wp\/v2\/media\/122843"}],"wp:attachment":[{"href":"https:\/\/diariolanoticia.com.mx\/index.php?rest_route=%2Fwp%2Fv2%2Fmedia&parent=122842"}],"wp:term":[{"taxonomy":"category","embeddable":true,"href":"https:\/\/diariolanoticia.com.mx\/index.php?rest_route=%2Fwp%2Fv2%2Fcategories&post=122842"},{"taxonomy":"post_tag","embeddable":true,"href":"https:\/\/diariolanoticia.com.mx\/index.php?rest_route=%2Fwp%2Fv2%2Ftags&post=122842"}],"curies":[{"name":"wp","href":"https:\/\/api.w.org\/{rel}","templated":true}]}}