{"id":123318,"date":"2024-05-20T12:03:45","date_gmt":"2024-05-20T18:03:45","guid":{"rendered":"https:\/\/diariolanoticia.com.mx\/?p=123318"},"modified":"2024-05-20T12:03:46","modified_gmt":"2024-05-20T18:03:46","slug":"lalo-rivera-presenta-el-instituto-estatal-y-metropolitano-de-planeacion","status":"publish","type":"post","link":"https:\/\/diariolanoticia.com.mx\/?p=123318","title":{"rendered":"LALO RIVERA PRESENTA EL INSTITUTO ESTATAL Y METROPOLITANO DE PLANEACI\u00d3N"},"content":{"rendered":"\n<ul class=\"wp-block-list\">\n<li>Para coordinarse en temas de seguridad, agua, movilidad y desarrollo urbano.<\/li>\n<\/ul>\n\n\n\n<p>Lalo Rivera, candidato a la Gubernatura por la Coalici\u00f3n &#8216;Mejor Rumbo para Puebla&#8217;, al arrancar su gesti\u00f3n crear\u00e1 el Instituto Estatal y Metropolitano de Planeaci\u00f3n (IEMEPLAN) para coordinarse entre municipios en temas de seguridad, agua, movilidad y desarrollo urbano.<\/p>\n\n\n\n<p>Puebla al tener la cuarta zona metropolitana m\u00e1s importante del pa\u00eds, en donde habita la mitad de la poblaci\u00f3n del estado, es importa llevar a cabo acciones coordinadas en favor de la ciudad capital, San Andr\u00e9s Cholula, San Pedro Cholula, Cuautlancingo, Coronango, Amozoc y Ocoyucan.<\/p>\n\n\n\n<p>Lalo Rivera se\u00f1al\u00f3 que este ser\u00e1 un \u00f3rgano t\u00e9cnico para la toma de decisiones, para que los proyectos estrat\u00e9gicos del gobierno estatal y de los municipios \u00abno desaparezcan cada tres o seis a\u00f1os, si no que pueda tener continuidad\u00bb.<\/p>\n\n\n\n<p>Asimismo, anunci\u00f3 que en los primeros 100 d\u00edas de mi gobierno, el perif\u00e9rico que se encuentra absolutamente olvidado, destrozado, descuidado y sucio, ser\u00e1 arreglado, volver\u00e1 a ser segura, posadas las \u00e1reas verdes \u00abcomo una muestra de coordinaci\u00f3n y de trabajo conjunto entre los gobiernos municipales y el gobierno estatal\u00bb.<\/p>\n\n\n\n<p>Con el IEMEPLAN habr\u00e1 m\u00e1s seguridad con el incremento de patrullaje interinstitucional en pol\u00edgonos de atenci\u00f3n prioritaria, blindaje de los accesos desde la autopista M\u00e9xico-Veracruz, integraci\u00f3n tecnol\u00f3gica para la prevenci\u00f3n del delito, alertamiento y respuesta inmediata, homologaci\u00f3n de protocolos de atenci\u00f3n y reacci\u00f3n y colaboraci\u00f3n en la b\u00fasqueda efectiva de personas desaparecidas.<\/p>\n\n\n\n<p>Se garantizar\u00e1 la cobertura de agua, con cinco principales acciones sustentables: Estrategia Integral para el saneamiento del R\u00edo Atoyac y el R\u00edo Alseseca; construcci\u00f3n y rehabilitaci\u00f3n de la infraestructura h\u00eddrica; captaci\u00f3n, retenci\u00f3n y conducci\u00f3n de agua pluvial; construcci\u00f3n de Infraestructura azul y verde; fortalecimiento de los organismos operadores de agua y saneamiento municipal.<\/p>\n\n\n\n<p>Se mejorar\u00e1 la movilidad con el Tren ligero metropolitano, la ampliaci\u00f3n de 500 nuevos kil\u00f3metros de infraestructura ciclista, consolidaci\u00f3n del sistema metropolitano de bicicletas p\u00fablicas, coordinaci\u00f3n de la red de sem\u00e1foros, ingenier\u00eda y seguridad vial con el uso de big data e inteligencia artificial.<\/p>\n\n\n\n<p>Y se trabajar\u00e1 en el desarrollo urbano con la planeaci\u00f3n y gesti\u00f3n del desarrollo urbano sustentable con la integraci\u00f3n de un Banco de proyectos y de informaci\u00f3n com\u00fan; monitoreo y evaluaci\u00f3n de las pol\u00edticas para el desarrollo metropolitano; limitaci\u00f3n y contenci\u00f3n del crecimiento urbano a trav\u00e9s de pol\u00edticas de redensificaci\u00f3n.<\/p>\n\n\n\n<p>En nombre de los futuros presidentes municipales, Mario Riestra, candidato a la alcald\u00eda de Puebla se\u00f1al\u00f3 que en el Estado \u00abno hay planeaci\u00f3n metropolitana, vamos a corregir el retroceso causado por Luis Miguel Barbosa y por el mal gobierno de Morena con esta iniciativa\u00bb.<\/p>\n\n\n\n<p>En esta presentaci\u00f3n le acompa\u00f1aron las y los candidatos a Presidencias Municipales Lupita Cuautle, San Andr\u00e9s Cholula; Gerardo S\u00e1nchez, Coronango y Arist\u00f3teles Campos, Ocoyucan; a Diputaciones federales y locales Lolita Parra, Ale Ca\u00f1edo, Pili Moran, Karla Mart\u00ednez, Manolo Herrera, Karina Romero, Carolina Beauregard y Oswaldo Jim\u00e9nez.<\/p>\n","protected":false},"excerpt":{"rendered":"<p>Lalo Rivera, candidato a la Gubernatura por la Coalici\u00f3n &#8216;Mejor Rumbo para Puebla&#8217;, al arrancar su gesti\u00f3n crear\u00e1 el Instituto Estatal y Metropolitano de Planeaci\u00f3n (IEMEPLAN) para coordinarse entre municipios en temas de seguridad, agua, movilidad y desarrollo urbano. Puebla al tener la cuarta zona metropolitana m\u00e1s importante del pa\u00eds, en donde habita la mitad [&hellip;]<\/p>\n","protected":false},"author":1,"featured_media":123319,"comment_status":"open","ping_status":"open","sticky":false,"template":"","format":"standard","meta":{"footnotes":""},"categories":[38,103],"tags":[],"class_list":["post-123318","post","type-post","status-publish","format-standard","has-post-thumbnail","hentry","category-politica","category-pueblacapital"],"blog_post_layout_featured_media_urls":{"thumbnail":["https:\/\/diariolanoticia.com.mx\/wp-content\/uploads\/2024\/05\/WhatsApp-Image-2024-05-20-at-11.10.09-AM-216x160.jpeg",216,160,true],"full":["https:\/\/diariolanoticia.com.mx\/wp-content\/uploads\/2024\/05\/WhatsApp-Image-2024-05-20-at-11.10.09-AM.jpeg",1280,828,false]},"categories_names":{"38":{"name":"Pol\u00edtica","link":"https:\/\/diariolanoticia.com.mx\/?cat=38"},"103":{"name":"Puebla Capital","link":"https:\/\/diariolanoticia.com.mx\/?cat=103"}},"tags_names":[],"comments_number":"0","wpmagazine_modules_lite_featured_media_urls":{"thumbnail":["https:\/\/diariolanoticia.com.mx\/wp-content\/uploads\/2024\/05\/WhatsApp-Image-2024-05-20-at-11.10.09-AM-216x160.jpeg",216,160,true],"cvmm-medium":["https:\/\/diariolanoticia.com.mx\/wp-content\/uploads\/2024\/05\/WhatsApp-Image-2024-05-20-at-11.10.09-AM-300x300.jpeg",300,300,true],"cvmm-medium-plus":["https:\/\/diariolanoticia.com.mx\/wp-content\/uploads\/2024\/05\/WhatsApp-Image-2024-05-20-at-11.10.09-AM-305x207.jpeg",305,207,true],"cvmm-portrait":["https:\/\/diariolanoticia.com.mx\/wp-content\/uploads\/2024\/05\/WhatsApp-Image-2024-05-20-at-11.10.09-AM-400x600.jpeg",400,600,true],"cvmm-medium-square":["https:\/\/diariolanoticia.com.mx\/wp-content\/uploads\/2024\/05\/WhatsApp-Image-2024-05-20-at-11.10.09-AM-600x600.jpeg",600,600,true],"cvmm-large":["https:\/\/diariolanoticia.com.mx\/wp-content\/uploads\/2024\/05\/WhatsApp-Image-2024-05-20-at-11.10.09-AM-1024x828.jpeg",1024,828,true],"cvmm-small":["https:\/\/diariolanoticia.com.mx\/wp-content\/uploads\/2024\/05\/WhatsApp-Image-2024-05-20-at-11.10.09-AM-130x95.jpeg",130,95,true],"full":["https:\/\/diariolanoticia.com.mx\/wp-content\/uploads\/2024\/05\/WhatsApp-Image-2024-05-20-at-11.10.09-AM.jpeg",1280,828,false]},"_links":{"self":[{"href":"https:\/\/diariolanoticia.com.mx\/index.php?rest_route=\/wp\/v2\/posts\/123318","targetHints":{"allow":["GET"]}}],"collection":[{"href":"https:\/\/diariolanoticia.com.mx\/index.php?rest_route=\/wp\/v2\/posts"}],"about":[{"href":"https:\/\/diariolanoticia.com.mx\/index.php?rest_route=\/wp\/v2\/types\/post"}],"author":[{"embeddable":true,"href":"https:\/\/diariolanoticia.com.mx\/index.php?rest_route=\/wp\/v2\/users\/1"}],"replies":[{"embeddable":true,"href":"https:\/\/diariolanoticia.com.mx\/index.php?rest_route=%2Fwp%2Fv2%2Fcomments&post=123318"}],"version-history":[{"count":1,"href":"https:\/\/diariolanoticia.com.mx\/index.php?rest_route=\/wp\/v2\/posts\/123318\/revisions"}],"predecessor-version":[{"id":123320,"href":"https:\/\/diariolanoticia.com.mx\/index.php?rest_route=\/wp\/v2\/posts\/123318\/revisions\/123320"}],"wp:featuredmedia":[{"embeddable":true,"href":"https:\/\/diariolanoticia.com.mx\/index.php?rest_route=\/wp\/v2\/media\/123319"}],"wp:attachment":[{"href":"https:\/\/diariolanoticia.com.mx\/index.php?rest_route=%2Fwp%2Fv2%2Fmedia&parent=123318"}],"wp:term":[{"taxonomy":"category","embeddable":true,"href":"https:\/\/diariolanoticia.com.mx\/index.php?rest_route=%2Fwp%2Fv2%2Fcategories&post=123318"},{"taxonomy":"post_tag","embeddable":true,"href":"https:\/\/diariolanoticia.com.mx\/index.php?rest_route=%2Fwp%2Fv2%2Ftags&post=123318"}],"curies":[{"name":"wp","href":"https:\/\/api.w.org\/{rel}","templated":true}]}}