{"id":123458,"date":"2024-05-26T14:30:56","date_gmt":"2024-05-26T20:30:56","guid":{"rendered":"https:\/\/diariolanoticia.com.mx\/?p=123458"},"modified":"2024-05-26T14:30:58","modified_gmt":"2024-05-26T20:30:58","slug":"gobierno-de-tlaxcala-utiliza-instituciones-de-justicia-para-coartar-participacion-electoral-acusa-marko-cortes","status":"publish","type":"post","link":"https:\/\/diariolanoticia.com.mx\/?p=123458","title":{"rendered":"Gobierno de Tlaxcala utiliza instituciones de justicia para coartar participaci\u00f3n electoral, acusa Marko Cort\u00e9s"},"content":{"rendered":"\n<ul class=\"wp-block-list\">\n<li>Exigimos a la gobernadora de Morena de Tlaxcala saque las manos del proceso electoral.<\/li>\n\n\n\n<li>En las \u00faltimas horas el uso faccioso del Estado se ha incrementado en contra de autoridades de oposici\u00f3n, como es la exigencia de destituci\u00f3n de directores de polic\u00edas municipales, bajo el argumento de carecer de controles de confianza.<\/li>\n\n\n\n<li>Han emprendido una campa\u00f1a de coacci\u00f3n y cooptaci\u00f3n de liderazgos de oposici\u00f3n, con promesas, entrega de recursos y d\u00e1divas, para sumarse a Morena y aliados<\/li>\n<\/ul>\n\n\n\n<p>El Partido Acci\u00f3n Nacional acusa que el gobierno de Tlaxcala ha convertido estos comicios en una elecci\u00f3n del Estado, por lo que utiliza las instituciones de procuraci\u00f3n e impartici\u00f3n de justicia para amedrentar, inhibir y coartar la participaci\u00f3n electoral de la oposici\u00f3n, asegur\u00f3 el presidente nacional, Marko Cort\u00e9s.<\/p>\n\n\n\n<p>Incluso, pretende usar a la Procuradur\u00eda General de Justicia del estado en contra de militantes, cuadros distinguidos y activistas del Partido Acci\u00f3n Nacional con tal de inhibir su activa participaci\u00f3n en el proceso comicial y sobre todo, de cara a la elecci\u00f3n del 2 de junio.<\/p>\n\n\n\n<p>En los \u00faltimos d\u00edas, detall\u00f3, la gobernadora Lorena Cu\u00e9llar Cisneros ha fomentado el miedo entre los candidatos de oposici\u00f3n y la ciudadan\u00eda, vulnerando el libre ejercicio de los derechos pol\u00edticos -electorales.<\/p>\n\n\n\n<p>Por ello, desde\u201d el PAN exigimos a la gobernadora de Morena de Tlaxcala, que saque las manos del proceso electoral, que evite violentar los derechos fundamentales y el debido proceso de cualquier acci\u00f3n legal, en contra de nuestros representantes populares y de nuestros candidatos, lo cual solo busca socavar la participaci\u00f3n democr\u00e1tica\u201d.<\/p>\n\n\n\n<p>Marko Cort\u00e9s expuso que en las \u00faltimas horas el uso faccioso del Estado se ha incrementado en contra de autoridades de oposici\u00f3n, como es la exigencia de destituci\u00f3n de directores de polic\u00edas municipales, bajo el argumento de carecer de controles de confianza.<\/p>\n\n\n\n<p>Adem\u00e1s, han emprendido una campa\u00f1a de coacci\u00f3n y cooptaci\u00f3n de liderazgos de oposici\u00f3n, con promesas, entrega de recursos y d\u00e1divas, para sumarse a Morena y aliados, se\u00f1al\u00f3.<\/p>\n\n\n\n<p>Los actos violentos en contra de la oposici\u00f3n se han incrementado, desde amenazas, vandalismo y otros actos ilegales, han sido la constante.<\/p>\n\n\n\n<p>Finalmente, el Presidente del PAN exigi\u00f3 a la gobernadora de Tlaxcala, Lorena Cu\u00e9llar Cisneros, act\u00fae con apego a derecho y con vocaci\u00f3n democr\u00e1tica en este proceso electoral.<\/p>\n\n\n\n<p>\u201cLa responsabilizamos de la vida, patrimonio e integridad de todos y cada uno de nuestros candidatos, autoridades, liderazgos y militantes, de lo que pudiera ocurrirles, en su persona, familias y patrimonio, ante esta andanada de actos ilegales que ocurren en dicha entidad\u201d, concluy\u00f3.<\/p>\n","protected":false},"excerpt":{"rendered":"<p>El Partido Acci\u00f3n Nacional acusa que el gobierno de Tlaxcala ha convertido estos comicios en una elecci\u00f3n del Estado, por lo que utiliza las instituciones de procuraci\u00f3n e impartici\u00f3n de justicia para amedrentar, inhibir y coartar la participaci\u00f3n electoral de la oposici\u00f3n, asegur\u00f3 el presidente nacional, Marko Cort\u00e9s. Incluso, pretende usar a la Procuradur\u00eda General [&hellip;]<\/p>\n","protected":false},"author":1,"featured_media":123459,"comment_status":"open","ping_status":"open","sticky":false,"template":"","format":"standard","meta":{"footnotes":""},"categories":[38],"tags":[],"class_list":["post-123458","post","type-post","status-publish","format-standard","has-post-thumbnail","hentry","category-politica"],"blog_post_layout_featured_media_urls":{"thumbnail":["https:\/\/diariolanoticia.com.mx\/wp-content\/uploads\/2024\/05\/WhatsApp-Image-2024-05-26-at-9.39.15-AM-216x160.jpeg",216,160,true],"full":["https:\/\/diariolanoticia.com.mx\/wp-content\/uploads\/2024\/05\/WhatsApp-Image-2024-05-26-at-9.39.15-AM.jpeg",751,1280,false]},"categories_names":{"38":{"name":"Pol\u00edtica","link":"https:\/\/diariolanoticia.com.mx\/?cat=38"}},"tags_names":[],"comments_number":"0","wpmagazine_modules_lite_featured_media_urls":{"thumbnail":["https:\/\/diariolanoticia.com.mx\/wp-content\/uploads\/2024\/05\/WhatsApp-Image-2024-05-26-at-9.39.15-AM-216x160.jpeg",216,160,true],"cvmm-medium":["https:\/\/diariolanoticia.com.mx\/wp-content\/uploads\/2024\/05\/WhatsApp-Image-2024-05-26-at-9.39.15-AM-300x300.jpeg",300,300,true],"cvmm-medium-plus":["https:\/\/diariolanoticia.com.mx\/wp-content\/uploads\/2024\/05\/WhatsApp-Image-2024-05-26-at-9.39.15-AM-305x207.jpeg",305,207,true],"cvmm-portrait":["https:\/\/diariolanoticia.com.mx\/wp-content\/uploads\/2024\/05\/WhatsApp-Image-2024-05-26-at-9.39.15-AM-400x600.jpeg",400,600,true],"cvmm-medium-square":["https:\/\/diariolanoticia.com.mx\/wp-content\/uploads\/2024\/05\/WhatsApp-Image-2024-05-26-at-9.39.15-AM-600x600.jpeg",600,600,true],"cvmm-large":["https:\/\/diariolanoticia.com.mx\/wp-content\/uploads\/2024\/05\/WhatsApp-Image-2024-05-26-at-9.39.15-AM-751x1024.jpeg",751,1024,true],"cvmm-small":["https:\/\/diariolanoticia.com.mx\/wp-content\/uploads\/2024\/05\/WhatsApp-Image-2024-05-26-at-9.39.15-AM-130x95.jpeg",130,95,true],"full":["https:\/\/diariolanoticia.com.mx\/wp-content\/uploads\/2024\/05\/WhatsApp-Image-2024-05-26-at-9.39.15-AM.jpeg",751,1280,false]},"_links":{"self":[{"href":"https:\/\/diariolanoticia.com.mx\/index.php?rest_route=\/wp\/v2\/posts\/123458","targetHints":{"allow":["GET"]}}],"collection":[{"href":"https:\/\/diariolanoticia.com.mx\/index.php?rest_route=\/wp\/v2\/posts"}],"about":[{"href":"https:\/\/diariolanoticia.com.mx\/index.php?rest_route=\/wp\/v2\/types\/post"}],"author":[{"embeddable":true,"href":"https:\/\/diariolanoticia.com.mx\/index.php?rest_route=\/wp\/v2\/users\/1"}],"replies":[{"embeddable":true,"href":"https:\/\/diariolanoticia.com.mx\/index.php?rest_route=%2Fwp%2Fv2%2Fcomments&post=123458"}],"version-history":[{"count":1,"href":"https:\/\/diariolanoticia.com.mx\/index.php?rest_route=\/wp\/v2\/posts\/123458\/revisions"}],"predecessor-version":[{"id":123460,"href":"https:\/\/diariolanoticia.com.mx\/index.php?rest_route=\/wp\/v2\/posts\/123458\/revisions\/123460"}],"wp:featuredmedia":[{"embeddable":true,"href":"https:\/\/diariolanoticia.com.mx\/index.php?rest_route=\/wp\/v2\/media\/123459"}],"wp:attachment":[{"href":"https:\/\/diariolanoticia.com.mx\/index.php?rest_route=%2Fwp%2Fv2%2Fmedia&parent=123458"}],"wp:term":[{"taxonomy":"category","embeddable":true,"href":"https:\/\/diariolanoticia.com.mx\/index.php?rest_route=%2Fwp%2Fv2%2Fcategories&post=123458"},{"taxonomy":"post_tag","embeddable":true,"href":"https:\/\/diariolanoticia.com.mx\/index.php?rest_route=%2Fwp%2Fv2%2Ftags&post=123458"}],"curies":[{"name":"wp","href":"https:\/\/api.w.org\/{rel}","templated":true}]}}