{"id":123473,"date":"2024-05-26T21:23:52","date_gmt":"2024-05-27T03:23:52","guid":{"rendered":"https:\/\/diariolanoticia.com.mx\/?p=123473"},"modified":"2024-05-26T21:23:54","modified_gmt":"2024-05-27T03:23:54","slug":"con-gran-exito-alfonso-sanchez-garcia-concluye-su-campana-en-tlaxcala-capital","status":"publish","type":"post","link":"https:\/\/diariolanoticia.com.mx\/?p=123473","title":{"rendered":"Con gran \u00e9xito, Alfonso S\u00e1nchez Garc\u00eda concluye su campa\u00f1a en Tlaxcala Capital"},"content":{"rendered":"\n<p>*Simpatizantes y ciudadanos se unieron al pr\u00f3ximo alcalde para reafirmarle su apoyo el pr\u00f3ximo 2 de junio<\/p>\n\n\n\n<p>Cientos de ciudadanos se unieron a la caminata final de campa\u00f1a de Alfonso S\u00e1nchez Garc\u00eda, consolid\u00e1ndolo como el candidato vencedor para la alcald\u00eda de Tlaxcala Capital.<\/p>\n\n\n\n<p>El respaldo de los capitalinos fue evidente cuando, a pesar del mal tiempo, se congregaron para acompa\u00f1ar a S\u00e1nchez Garc\u00eda en su recorrido de cierre. La marcha inici\u00f3 en la estatua de Tlahuicole y finaliz\u00f3 en el z\u00f3calo de Tlaxcala, recorriendo la avenida Independencia. Durante el trayecto, militantes de Morena y simpatizantes del proyecto de gobierno de S\u00e1nchez Garc\u00eda manifestaron su apoyo, reafirmando su compromiso para transformar la capital de la mano del abanderado de Morena.<\/p>\n\n\n\n<p>Entre aplausos y porras que lo llamaban \u00ab\u00a1presidente!\u00bb, Alfonso S\u00e1nchez prometi\u00f3 a los ciudadanos que le acompa\u00f1aron durante 29 d\u00edas de intensa campa\u00f1a, que mejorar\u00e1 las condiciones de vida en las 11 comunidades y siete delegaciones de Tlaxcala Capital y se comprometi\u00f3 a reforzar la seguridad p\u00fablica, optimizar los servicios municipales y asegurar un gobierno abierto, transparente y honesto.<\/p>\n\n\n\n<p>El entusiasmo y el respaldo hacia el plan de gobierno de S\u00e1nchez Garc\u00eda resonaron en las calles, anticipando un triunfo decisivo en las pr\u00f3ximas elecciones, de acuerdo con las encuestas y estudios que lo posicionan como la mejor opci\u00f3n para un Tlaxcala m\u00e1s pr\u00f3spero y seguro.<\/p>\n","protected":false},"excerpt":{"rendered":"<p>*Simpatizantes y ciudadanos se unieron al pr\u00f3ximo alcalde para reafirmarle su apoyo el pr\u00f3ximo 2 de junio Cientos de ciudadanos se unieron a la caminata final de campa\u00f1a de Alfonso S\u00e1nchez Garc\u00eda, consolid\u00e1ndolo como el candidato vencedor para la alcald\u00eda de Tlaxcala Capital. El respaldo de los capitalinos fue evidente cuando, a pesar del mal [&hellip;]<\/p>\n","protected":false},"author":1,"featured_media":123474,"comment_status":"open","ping_status":"open","sticky":false,"template":"","format":"standard","meta":{"footnotes":""},"categories":[38],"tags":[],"class_list":["post-123473","post","type-post","status-publish","format-standard","has-post-thumbnail","hentry","category-politica"],"blog_post_layout_featured_media_urls":{"thumbnail":["https:\/\/diariolanoticia.com.mx\/wp-content\/uploads\/2024\/05\/WhatsApp-Image-2024-05-26-at-9.17.58-PM-216x160.jpeg",216,160,true],"full":["https:\/\/diariolanoticia.com.mx\/wp-content\/uploads\/2024\/05\/WhatsApp-Image-2024-05-26-at-9.17.58-PM-scaled.jpeg",2560,1706,false]},"categories_names":{"38":{"name":"Pol\u00edtica","link":"https:\/\/diariolanoticia.com.mx\/?cat=38"}},"tags_names":[],"comments_number":"0","wpmagazine_modules_lite_featured_media_urls":{"thumbnail":["https:\/\/diariolanoticia.com.mx\/wp-content\/uploads\/2024\/05\/WhatsApp-Image-2024-05-26-at-9.17.58-PM-216x160.jpeg",216,160,true],"cvmm-medium":["https:\/\/diariolanoticia.com.mx\/wp-content\/uploads\/2024\/05\/WhatsApp-Image-2024-05-26-at-9.17.58-PM-300x300.jpeg",300,300,true],"cvmm-medium-plus":["https:\/\/diariolanoticia.com.mx\/wp-content\/uploads\/2024\/05\/WhatsApp-Image-2024-05-26-at-9.17.58-PM-305x207.jpeg",305,207,true],"cvmm-portrait":["https:\/\/diariolanoticia.com.mx\/wp-content\/uploads\/2024\/05\/WhatsApp-Image-2024-05-26-at-9.17.58-PM-400x600.jpeg",400,600,true],"cvmm-medium-square":["https:\/\/diariolanoticia.com.mx\/wp-content\/uploads\/2024\/05\/WhatsApp-Image-2024-05-26-at-9.17.58-PM-600x600.jpeg",600,600,true],"cvmm-large":["https:\/\/diariolanoticia.com.mx\/wp-content\/uploads\/2024\/05\/WhatsApp-Image-2024-05-26-at-9.17.58-PM-1024x1024.jpeg",1024,1024,true],"cvmm-small":["https:\/\/diariolanoticia.com.mx\/wp-content\/uploads\/2024\/05\/WhatsApp-Image-2024-05-26-at-9.17.58-PM-130x95.jpeg",130,95,true],"full":["https:\/\/diariolanoticia.com.mx\/wp-content\/uploads\/2024\/05\/WhatsApp-Image-2024-05-26-at-9.17.58-PM-scaled.jpeg",2560,1706,false]},"_links":{"self":[{"href":"https:\/\/diariolanoticia.com.mx\/index.php?rest_route=\/wp\/v2\/posts\/123473","targetHints":{"allow":["GET"]}}],"collection":[{"href":"https:\/\/diariolanoticia.com.mx\/index.php?rest_route=\/wp\/v2\/posts"}],"about":[{"href":"https:\/\/diariolanoticia.com.mx\/index.php?rest_route=\/wp\/v2\/types\/post"}],"author":[{"embeddable":true,"href":"https:\/\/diariolanoticia.com.mx\/index.php?rest_route=\/wp\/v2\/users\/1"}],"replies":[{"embeddable":true,"href":"https:\/\/diariolanoticia.com.mx\/index.php?rest_route=%2Fwp%2Fv2%2Fcomments&post=123473"}],"version-history":[{"count":1,"href":"https:\/\/diariolanoticia.com.mx\/index.php?rest_route=\/wp\/v2\/posts\/123473\/revisions"}],"predecessor-version":[{"id":123475,"href":"https:\/\/diariolanoticia.com.mx\/index.php?rest_route=\/wp\/v2\/posts\/123473\/revisions\/123475"}],"wp:featuredmedia":[{"embeddable":true,"href":"https:\/\/diariolanoticia.com.mx\/index.php?rest_route=\/wp\/v2\/media\/123474"}],"wp:attachment":[{"href":"https:\/\/diariolanoticia.com.mx\/index.php?rest_route=%2Fwp%2Fv2%2Fmedia&parent=123473"}],"wp:term":[{"taxonomy":"category","embeddable":true,"href":"https:\/\/diariolanoticia.com.mx\/index.php?rest_route=%2Fwp%2Fv2%2Fcategories&post=123473"},{"taxonomy":"post_tag","embeddable":true,"href":"https:\/\/diariolanoticia.com.mx\/index.php?rest_route=%2Fwp%2Fv2%2Ftags&post=123473"}],"curies":[{"name":"wp","href":"https:\/\/api.w.org\/{rel}","templated":true}]}}