{"id":123822,"date":"2024-06-12T12:23:12","date_gmt":"2024-06-12T18:23:12","guid":{"rendered":"https:\/\/diariolanoticia.com.mx\/?p=123822"},"modified":"2024-06-12T12:23:12","modified_gmt":"2024-06-12T18:23:12","slug":"inicia-gobierno-estatal-proceso-de-transicion","status":"publish","type":"post","link":"https:\/\/diariolanoticia.com.mx\/?p=123822","title":{"rendered":"Inicia Gobierno Estatal proceso de transici\u00f3n"},"content":{"rendered":"\n<p>-En compa\u00f1\u00eda del gobernador electo, Alejandro Armenta Mier, el mandatario anunci\u00f3 que los secretarios de Gobernaci\u00f3n y de la Funci\u00f3n P\u00fablica encabezar\u00e1n el equipo para tal fin<\/p>\n\n\n\n<p>-El gobierno de Sergio Salom\u00f3n permiti\u00f3 una etapa de mayor dinamismo, de cercan\u00eda con los sectores sociales y de un gran reencuentro con la sociedad, destac\u00f3 AAM<\/p>\n\n\n\n<p>CIUDAD DE PUEBLA, Pue. \u2013 Para dar a conocer la situaci\u00f3n que guarda la administraci\u00f3n estatal y que la transformaci\u00f3n en la entidad no deje de avanzar, el gobernador Sergio Salom\u00f3n y su hom\u00f3logo electo, Alejandro Armenta Mier iniciaron con el proceso de transici\u00f3n.<\/p>\n\n\n\n<p>En conferencia de prensa, el titular del Ejecutivo coment\u00f3 que el equipo del Gobierno del Estado, encabezado por los secretarios de Gobernaci\u00f3n y de la Funci\u00f3n P\u00fablica, Javier Aquino Lim\u00f3n y Juan Carlos Moreno Valle Abdala, trabajar\u00e1 conjuntamente con el del mandatario electo para asegurar que la transici\u00f3n sea de manera fluida y eficiente.<\/p>\n\n\n\n<p>Asimismo, dijo, lo anterior ser\u00e1 para dar a conocer la situaci\u00f3n que guarda la administraci\u00f3n estatal a fin de que Armenta Mier pueda planificar y poner su sello personal para consolidar el desarrollo en Puebla.<\/p>\n\n\n\n<p>Sergio Salom\u00f3n agreg\u00f3 que la Cuarta Transformaci\u00f3n en la entidad continuar\u00e1 y ser\u00e1 fortalecida con el liderazgo de Alejandro Armenta Mier, que cuenta con una amplia experiencia en el servicio p\u00fablico.<\/p>\n\n\n\n<p>RECONOCE ARMENTA MIER A SERGIO SALOM\u00d3N POR IMPULSAR UN GOBIERNO CERCANO Y DIN\u00c1MICO<\/p>\n\n\n\n<p>En su intervenci\u00f3n, el gobernador electo, Alejandro Armenta Mier reconoci\u00f3 al mandatario Sergio Salom\u00f3n por impulsar un gobierno din\u00e1mico, cercano con la sociedad y que trabaja conjuntamente con la federaci\u00f3n y los 217 ayuntamientos.<\/p>\n\n\n\n<p>Agreg\u00f3 que la transici\u00f3n es fundamental para continuar con el ritmo que el titular del Ejecutivo ha tenido para poner el nombre de Puebla en alto. En este sentido, inform\u00f3 que su comit\u00e9 t\u00e9cnico para dicho proceso qued\u00f3 integrado por Rodrigo Abdala Dartigues, Vicky Gonz\u00e1lez Melgarejo, Rebeca Ba\u00f1uelos y Jos\u00e9 Luis Garc\u00eda Parra.<\/p>\n","protected":false},"excerpt":{"rendered":"<p>-En compa\u00f1\u00eda del gobernador electo, Alejandro Armenta Mier, el mandatario anunci\u00f3 que los secretarios de Gobernaci\u00f3n y de la Funci\u00f3n P\u00fablica encabezar\u00e1n el equipo para tal fin -El gobierno de Sergio Salom\u00f3n permiti\u00f3 una etapa de mayor dinamismo, de cercan\u00eda con los sectores sociales y de un gran reencuentro con la sociedad, destac\u00f3 AAM CIUDAD [&hellip;]<\/p>\n","protected":false},"author":1,"featured_media":123821,"comment_status":"closed","ping_status":"open","sticky":false,"template":"","format":"standard","meta":{"footnotes":""},"categories":[20],"tags":[],"class_list":["post-123822","post","type-post","status-publish","format-standard","has-post-thumbnail","hentry","category-norte-de-puebla"],"blog_post_layout_featured_media_urls":{"thumbnail":["https:\/\/diariolanoticia.com.mx\/wp-content\/uploads\/2024\/06\/img_8454-1-216x160.jpg",216,160,true],"full":["https:\/\/diariolanoticia.com.mx\/wp-content\/uploads\/2024\/06\/img_8454-1.jpg",1500,946,false]},"categories_names":{"20":{"name":"Norte de Puebla","link":"https:\/\/diariolanoticia.com.mx\/?cat=20"}},"tags_names":[],"comments_number":"0","wpmagazine_modules_lite_featured_media_urls":{"thumbnail":["https:\/\/diariolanoticia.com.mx\/wp-content\/uploads\/2024\/06\/img_8454-1-216x160.jpg",216,160,true],"cvmm-medium":["https:\/\/diariolanoticia.com.mx\/wp-content\/uploads\/2024\/06\/img_8454-1-300x300.jpg",300,300,true],"cvmm-medium-plus":["https:\/\/diariolanoticia.com.mx\/wp-content\/uploads\/2024\/06\/img_8454-1-305x207.jpg",305,207,true],"cvmm-portrait":["https:\/\/diariolanoticia.com.mx\/wp-content\/uploads\/2024\/06\/img_8454-1-400x600.jpg",400,600,true],"cvmm-medium-square":["https:\/\/diariolanoticia.com.mx\/wp-content\/uploads\/2024\/06\/img_8454-1-600x600.jpg",600,600,true],"cvmm-large":["https:\/\/diariolanoticia.com.mx\/wp-content\/uploads\/2024\/06\/img_8454-1-1024x946.jpg",1024,946,true],"cvmm-small":["https:\/\/diariolanoticia.com.mx\/wp-content\/uploads\/2024\/06\/img_8454-1-130x95.jpg",130,95,true],"full":["https:\/\/diariolanoticia.com.mx\/wp-content\/uploads\/2024\/06\/img_8454-1.jpg",1500,946,false]},"_links":{"self":[{"href":"https:\/\/diariolanoticia.com.mx\/index.php?rest_route=\/wp\/v2\/posts\/123822","targetHints":{"allow":["GET"]}}],"collection":[{"href":"https:\/\/diariolanoticia.com.mx\/index.php?rest_route=\/wp\/v2\/posts"}],"about":[{"href":"https:\/\/diariolanoticia.com.mx\/index.php?rest_route=\/wp\/v2\/types\/post"}],"author":[{"embeddable":true,"href":"https:\/\/diariolanoticia.com.mx\/index.php?rest_route=\/wp\/v2\/users\/1"}],"replies":[{"embeddable":true,"href":"https:\/\/diariolanoticia.com.mx\/index.php?rest_route=%2Fwp%2Fv2%2Fcomments&post=123822"}],"version-history":[{"count":1,"href":"https:\/\/diariolanoticia.com.mx\/index.php?rest_route=\/wp\/v2\/posts\/123822\/revisions"}],"predecessor-version":[{"id":123823,"href":"https:\/\/diariolanoticia.com.mx\/index.php?rest_route=\/wp\/v2\/posts\/123822\/revisions\/123823"}],"wp:featuredmedia":[{"embeddable":true,"href":"https:\/\/diariolanoticia.com.mx\/index.php?rest_route=\/wp\/v2\/media\/123821"}],"wp:attachment":[{"href":"https:\/\/diariolanoticia.com.mx\/index.php?rest_route=%2Fwp%2Fv2%2Fmedia&parent=123822"}],"wp:term":[{"taxonomy":"category","embeddable":true,"href":"https:\/\/diariolanoticia.com.mx\/index.php?rest_route=%2Fwp%2Fv2%2Fcategories&post=123822"},{"taxonomy":"post_tag","embeddable":true,"href":"https:\/\/diariolanoticia.com.mx\/index.php?rest_route=%2Fwp%2Fv2%2Ftags&post=123822"}],"curies":[{"name":"wp","href":"https:\/\/api.w.org\/{rel}","templated":true}]}}