{"id":123880,"date":"2024-06-13T17:15:05","date_gmt":"2024-06-13T23:15:05","guid":{"rendered":"https:\/\/diariolanoticia.com.mx\/?p=123880"},"modified":"2024-06-13T17:15:05","modified_gmt":"2024-06-13T23:15:05","slug":"inaugura-sergio-salomon-5a-edicion-de-la-expo-cafe-orgullo-puebla","status":"publish","type":"post","link":"https:\/\/diariolanoticia.com.mx\/?p=123880","title":{"rendered":"Inaugura Sergio Salom\u00f3n 5\u00aa edici\u00f3n de la Expo Caf\u00e9 Orgullo Puebla"},"content":{"rendered":"\n<p>-El titular del Ejecutivo report\u00f3 que han sido invertido 292 millones de pesos en la cadena del caf\u00e9<\/p>\n\n\n\n<p>CIUDAD DE PUEBLA, Pue.- Para mantener el impulso a la competitividad y seguir posicionando el caf\u00e9 poblano como uno de los mejores del pa\u00eds, el gobernador Sergio Salom\u00f3n inaugur\u00f3 la 5\u00aa edici\u00f3n de la Expo Caf\u00e9 Orgullo Puebla, a desarrollarse del 13 al 16 de junio en el Centro de Convenciones.<\/p>\n\n\n\n<p>El mandatario estatal resalt\u00f3 la importancia de las y los productores, como de la cafeticultura poblana, al se\u00f1alar que el actual gobierno estatal ha destinado 292 millones de pesos en esta cadena, recursos que han sido enviados de manera directa, sin intermediarios y sin coacciones.<\/p>\n\n\n\n<p>Puntualiz\u00f3 que la realizaci\u00f3n de esta Expo es una manera de celebrar no s\u00f3lo el caf\u00e9 como producto, sino todo lo que representa: desde el arduo trabajo de los cafeticultores y la innovaci\u00f3n en las t\u00e9cnicas de cultivo, hasta el impacto que tiene en comunidades.<\/p>\n\n\n\n<p>Sergio Salom\u00f3n a\u00f1adi\u00f3 que este evento tambi\u00e9n es una gran vitrina para exhibir lo que identifica a las y los poblanos, y el orgullo de quienes d\u00eda con d\u00eda hacen lo mejor para que los distintos granos tengan excelentes cualidades.<\/p>\n\n\n\n<p>A su vez, el secretario de Gobernaci\u00f3n, Javier Aquino Lim\u00f3n expuso que, as\u00ed como en materia econ\u00f3mica y en electromovilidad, Puebla tiene empuje y es referente en la producci\u00f3n de caf\u00e9. Subray\u00f3 que los programas dirigidos a los campesinos dedicados a esta cadena, son entregados sin intermediarios y sin cuotas.<\/p>\n\n\n\n<p>En tanto, la secretaria de Desarrollo Rural, Morayma Rub\u00ed Joven expuso que Puebla es un referente nacional e internacional en producci\u00f3n de caf\u00e9, calidad y por el respeto a la biodiversidad durante su cultivo. Refiri\u00f3 que el estado tiene alrededor de 71 mil hect\u00e1reas en las sierras Norte y Nororiental, as\u00ed como en la Mixteca, lo cual hace que la cadena de caf\u00e9 sea un motor de desarrollo de miles de familias poblanas.<\/p>\n","protected":false},"excerpt":{"rendered":"<p>-El titular del Ejecutivo report\u00f3 que han sido invertido 292 millones de pesos en la cadena del caf\u00e9 CIUDAD DE PUEBLA, Pue.- Para mantener el impulso a la competitividad y seguir posicionando el caf\u00e9 poblano como uno de los mejores del pa\u00eds, el gobernador Sergio Salom\u00f3n inaugur\u00f3 la 5\u00aa edici\u00f3n de la Expo Caf\u00e9 Orgullo [&hellip;]<\/p>\n","protected":false},"author":1,"featured_media":123879,"comment_status":"closed","ping_status":"open","sticky":false,"template":"","format":"standard","meta":{"footnotes":""},"categories":[20],"tags":[52],"class_list":["post-123880","post","type-post","status-publish","format-standard","has-post-thumbnail","hentry","category-norte-de-puebla","tag-puebla"],"blog_post_layout_featured_media_urls":{"thumbnail":["https:\/\/diariolanoticia.com.mx\/wp-content\/uploads\/2024\/06\/img_8556-1-216x160.jpg",216,160,true],"full":["https:\/\/diariolanoticia.com.mx\/wp-content\/uploads\/2024\/06\/img_8556-1.jpg",1290,818,false]},"categories_names":{"20":{"name":"Norte de Puebla","link":"https:\/\/diariolanoticia.com.mx\/?cat=20"}},"tags_names":{"52":{"name":"Puebla","link":"https:\/\/diariolanoticia.com.mx\/?tag=puebla"}},"comments_number":"0","wpmagazine_modules_lite_featured_media_urls":{"thumbnail":["https:\/\/diariolanoticia.com.mx\/wp-content\/uploads\/2024\/06\/img_8556-1-216x160.jpg",216,160,true],"cvmm-medium":["https:\/\/diariolanoticia.com.mx\/wp-content\/uploads\/2024\/06\/img_8556-1-300x300.jpg",300,300,true],"cvmm-medium-plus":["https:\/\/diariolanoticia.com.mx\/wp-content\/uploads\/2024\/06\/img_8556-1-305x207.jpg",305,207,true],"cvmm-portrait":["https:\/\/diariolanoticia.com.mx\/wp-content\/uploads\/2024\/06\/img_8556-1-400x600.jpg",400,600,true],"cvmm-medium-square":["https:\/\/diariolanoticia.com.mx\/wp-content\/uploads\/2024\/06\/img_8556-1-600x600.jpg",600,600,true],"cvmm-large":["https:\/\/diariolanoticia.com.mx\/wp-content\/uploads\/2024\/06\/img_8556-1-1024x818.jpg",1024,818,true],"cvmm-small":["https:\/\/diariolanoticia.com.mx\/wp-content\/uploads\/2024\/06\/img_8556-1-130x95.jpg",130,95,true],"full":["https:\/\/diariolanoticia.com.mx\/wp-content\/uploads\/2024\/06\/img_8556-1.jpg",1290,818,false]},"_links":{"self":[{"href":"https:\/\/diariolanoticia.com.mx\/index.php?rest_route=\/wp\/v2\/posts\/123880","targetHints":{"allow":["GET"]}}],"collection":[{"href":"https:\/\/diariolanoticia.com.mx\/index.php?rest_route=\/wp\/v2\/posts"}],"about":[{"href":"https:\/\/diariolanoticia.com.mx\/index.php?rest_route=\/wp\/v2\/types\/post"}],"author":[{"embeddable":true,"href":"https:\/\/diariolanoticia.com.mx\/index.php?rest_route=\/wp\/v2\/users\/1"}],"replies":[{"embeddable":true,"href":"https:\/\/diariolanoticia.com.mx\/index.php?rest_route=%2Fwp%2Fv2%2Fcomments&post=123880"}],"version-history":[{"count":1,"href":"https:\/\/diariolanoticia.com.mx\/index.php?rest_route=\/wp\/v2\/posts\/123880\/revisions"}],"predecessor-version":[{"id":123881,"href":"https:\/\/diariolanoticia.com.mx\/index.php?rest_route=\/wp\/v2\/posts\/123880\/revisions\/123881"}],"wp:featuredmedia":[{"embeddable":true,"href":"https:\/\/diariolanoticia.com.mx\/index.php?rest_route=\/wp\/v2\/media\/123879"}],"wp:attachment":[{"href":"https:\/\/diariolanoticia.com.mx\/index.php?rest_route=%2Fwp%2Fv2%2Fmedia&parent=123880"}],"wp:term":[{"taxonomy":"category","embeddable":true,"href":"https:\/\/diariolanoticia.com.mx\/index.php?rest_route=%2Fwp%2Fv2%2Fcategories&post=123880"},{"taxonomy":"post_tag","embeddable":true,"href":"https:\/\/diariolanoticia.com.mx\/index.php?rest_route=%2Fwp%2Fv2%2Ftags&post=123880"}],"curies":[{"name":"wp","href":"https:\/\/api.w.org\/{rel}","templated":true}]}}