{"id":124464,"date":"2024-07-01T15:00:02","date_gmt":"2024-07-01T21:00:02","guid":{"rendered":"https:\/\/diariolanoticia.com.mx\/?p=124464"},"modified":"2024-07-01T15:00:03","modified_gmt":"2024-07-01T21:00:03","slug":"reconoce-uatx-la-tarea-periodistica-en-tlaxcala","status":"publish","type":"post","link":"https:\/\/diariolanoticia.com.mx\/?p=124464","title":{"rendered":"Reconoce UATx la tarea period\u00edstica en Tlaxcala"},"content":{"rendered":"\n<p>Para reconocer el importante trabajo y la labor de difusi\u00f3n que realizan en favor de la comunidad de la m\u00e1xima Casa de Estudios y de la sociedad en general, la Universidad Aut\u00f3noma de Tlaxcala (UATx) efectu\u00f3 la reuni\u00f3n con directivos y reporteros de los diferentes medios de comunicaci\u00f3n de la entidad y la regi\u00f3n en el marco de la celebraci\u00f3n del D\u00eda del Periodista en Tlaxcala, llevada a cabo en las instalaciones del auditorio de la Residencia Universitaria.<\/p>\n\n\n\n<p>El Maestro Roberto Carlos Cruz Becerril, Secretario T\u00e9cnico, a nombre del Doctor Seraf\u00edn Ortiz Ortiz, Rector de la UATx, felicit\u00f3 a los periodistas en este su d\u00eda y por la trascendencia que su ejercicio profesional tiene para proyectar las funciones sustantivas de la Instituci\u00f3n y el Modelo Humanista Integrador basado en Capacidades (MHIC), el cual est\u00e1 llamado a ser un referente nacional en materia de educaci\u00f3n superior.<\/p>\n\n\n\n<p>Sostuvo que desde la UATx se pugna por la libertad de expresi\u00f3n, porque a trav\u00e9s de ella se aportan ideas para la mejora de las condiciones de vida de poblaci\u00f3n en general y, para esta alma mater, es de vital importancia vincularse con los grupos sociales a trav\u00e9s de la Autorrealizaci\u00f3n, que es el cuarto eje transversal que nos permite solucionar diversas problem\u00e1ticas de la colectividad, todo ello enmarcado en el humanismo integrador contempor\u00e1neo.<\/p>\n\n\n\n<p>En tanto, en representaci\u00f3n del Licenciado Arnulfo Diazcasales Zapata, Director de Comunicaci\u00f3n Social, la Licenciada Ma. Teresa Balderrabano Mendo, subray\u00f3 que el periodismo es importante como registro hist\u00f3rico, como expresi\u00f3n de la sociedad, como desarrollo del conocimiento y porque fundamenta la libertad de personas y de sociedades, por ello, la historia contempor\u00e1nea no se podr\u00e1 escribir sin tener en cuenta el registro diario de los hechos que la prensa difunde.<\/p>\n\n\n\n<p>Reconoci\u00f3 el arduo trabajo y esfuerzo cotidiano que realizan para materializar est\u00e1s y otras grandes funciones que conlleva el ejercicio libre de su profesi\u00f3n, y agradeci\u00f3 el acompa\u00f1amiento solidario y contribuci\u00f3n al posicionamiento de la UATx mediante la difusi\u00f3n de todas las actividades acad\u00e9micas, cient\u00edficas, culturales y deportivas.<\/p>\n\n\n\n<p>A este acto, se dieron cita los integrantes de la estructura directiva de la Aut\u00f3noma de Tlaxcala.<\/p>\n","protected":false},"excerpt":{"rendered":"<p>Para reconocer el importante trabajo y la labor de difusi\u00f3n que realizan en favor de la comunidad de la m\u00e1xima Casa de Estudios y de la sociedad en general, la Universidad Aut\u00f3noma de Tlaxcala (UATx) efectu\u00f3 la reuni\u00f3n con directivos y reporteros de los diferentes medios de comunicaci\u00f3n de la entidad y la regi\u00f3n en [&hellip;]<\/p>\n","protected":false},"author":1,"featured_media":124465,"comment_status":"open","ping_status":"open","sticky":false,"template":"","format":"standard","meta":{"footnotes":""},"categories":[10],"tags":[],"class_list":["post-124464","post","type-post","status-publish","format-standard","has-post-thumbnail","hentry","category-educacion"],"blog_post_layout_featured_media_urls":{"thumbnail":["https:\/\/diariolanoticia.com.mx\/wp-content\/uploads\/2024\/07\/01-Reconoce-UATx-la-tarea-periodistica-en-Tlaxcala-216x160.jpg",216,160,true],"full":["https:\/\/diariolanoticia.com.mx\/wp-content\/uploads\/2024\/07\/01-Reconoce-UATx-la-tarea-periodistica-en-Tlaxcala-scaled.jpg",2560,1185,false]},"categories_names":{"10":{"name":"Educaci\u00f3n","link":"https:\/\/diariolanoticia.com.mx\/?cat=10"}},"tags_names":[],"comments_number":"0","wpmagazine_modules_lite_featured_media_urls":{"thumbnail":["https:\/\/diariolanoticia.com.mx\/wp-content\/uploads\/2024\/07\/01-Reconoce-UATx-la-tarea-periodistica-en-Tlaxcala-216x160.jpg",216,160,true],"cvmm-medium":["https:\/\/diariolanoticia.com.mx\/wp-content\/uploads\/2024\/07\/01-Reconoce-UATx-la-tarea-periodistica-en-Tlaxcala-300x300.jpg",300,300,true],"cvmm-medium-plus":["https:\/\/diariolanoticia.com.mx\/wp-content\/uploads\/2024\/07\/01-Reconoce-UATx-la-tarea-periodistica-en-Tlaxcala-305x207.jpg",305,207,true],"cvmm-portrait":["https:\/\/diariolanoticia.com.mx\/wp-content\/uploads\/2024\/07\/01-Reconoce-UATx-la-tarea-periodistica-en-Tlaxcala-400x600.jpg",400,600,true],"cvmm-medium-square":["https:\/\/diariolanoticia.com.mx\/wp-content\/uploads\/2024\/07\/01-Reconoce-UATx-la-tarea-periodistica-en-Tlaxcala-600x600.jpg",600,600,true],"cvmm-large":["https:\/\/diariolanoticia.com.mx\/wp-content\/uploads\/2024\/07\/01-Reconoce-UATx-la-tarea-periodistica-en-Tlaxcala-1024x1024.jpg",1024,1024,true],"cvmm-small":["https:\/\/diariolanoticia.com.mx\/wp-content\/uploads\/2024\/07\/01-Reconoce-UATx-la-tarea-periodistica-en-Tlaxcala-130x95.jpg",130,95,true],"full":["https:\/\/diariolanoticia.com.mx\/wp-content\/uploads\/2024\/07\/01-Reconoce-UATx-la-tarea-periodistica-en-Tlaxcala-scaled.jpg",2560,1185,false]},"_links":{"self":[{"href":"https:\/\/diariolanoticia.com.mx\/index.php?rest_route=\/wp\/v2\/posts\/124464","targetHints":{"allow":["GET"]}}],"collection":[{"href":"https:\/\/diariolanoticia.com.mx\/index.php?rest_route=\/wp\/v2\/posts"}],"about":[{"href":"https:\/\/diariolanoticia.com.mx\/index.php?rest_route=\/wp\/v2\/types\/post"}],"author":[{"embeddable":true,"href":"https:\/\/diariolanoticia.com.mx\/index.php?rest_route=\/wp\/v2\/users\/1"}],"replies":[{"embeddable":true,"href":"https:\/\/diariolanoticia.com.mx\/index.php?rest_route=%2Fwp%2Fv2%2Fcomments&post=124464"}],"version-history":[{"count":1,"href":"https:\/\/diariolanoticia.com.mx\/index.php?rest_route=\/wp\/v2\/posts\/124464\/revisions"}],"predecessor-version":[{"id":124466,"href":"https:\/\/diariolanoticia.com.mx\/index.php?rest_route=\/wp\/v2\/posts\/124464\/revisions\/124466"}],"wp:featuredmedia":[{"embeddable":true,"href":"https:\/\/diariolanoticia.com.mx\/index.php?rest_route=\/wp\/v2\/media\/124465"}],"wp:attachment":[{"href":"https:\/\/diariolanoticia.com.mx\/index.php?rest_route=%2Fwp%2Fv2%2Fmedia&parent=124464"}],"wp:term":[{"taxonomy":"category","embeddable":true,"href":"https:\/\/diariolanoticia.com.mx\/index.php?rest_route=%2Fwp%2Fv2%2Fcategories&post=124464"},{"taxonomy":"post_tag","embeddable":true,"href":"https:\/\/diariolanoticia.com.mx\/index.php?rest_route=%2Fwp%2Fv2%2Ftags&post=124464"}],"curies":[{"name":"wp","href":"https:\/\/api.w.org\/{rel}","templated":true}]}}