{"id":124602,"date":"2024-07-03T22:10:18","date_gmt":"2024-07-04T04:10:18","guid":{"rendered":"https:\/\/diariolanoticia.com.mx\/?p=124602"},"modified":"2024-07-03T22:10:19","modified_gmt":"2024-07-04T04:10:19","slug":"imparte-torero-platicas-de-superacion-personal-a-personas-privadas-de-la-libertad","status":"publish","type":"post","link":"https:\/\/diariolanoticia.com.mx\/?p=124602","title":{"rendered":"IMPARTE TORERO PL\u00c1TICAS DE SUPERACI\u00d3N PERSONAL A PERSONAS PRIVADAS DE LA LIBERTAD"},"content":{"rendered":"\n<p>*La Direcci\u00f3n de Prevenci\u00f3n y Reinserci\u00f3n Social de la SSC refuerza el sistema penitenciario en el estado de Tlaxcala.<\/p>\n\n\n\n<p>La Secretar\u00eda de Seguridad Ciudadana (SSC), en colaboraci\u00f3n con la Direcci\u00f3n de Desarrollo Taurino de Tlaxcala, llev\u00f3 a cabo una conferencia \u00fanica y transformadora sobre Superaci\u00f3n Personal dirigida a las Personas Privadas de la Libertad (PPL) del Centro de Reinserci\u00f3n Social de Tlaxcala (Cereso).<\/p>\n\n\n\n<p>Estas iniciativas forman parte del compromiso de la Direcci\u00f3n de Prevenci\u00f3n y Reinserci\u00f3n Social de la SSC para fortalecer el sistema penitenciario en el estado y optimizar continuamente los programas de reinserci\u00f3n social.<\/p>\n\n\n\n<p>Salom\u00f3n Amador Gonz\u00e1lez, titular de la Direcci\u00f3n de Prevenci\u00f3n y Reinserci\u00f3n Social, subray\u00f3 que la SSC mantiene un esfuerzo constante mediante diversas estrategias para lograr la recomposici\u00f3n y reinserci\u00f3n social de las personas en internamiento, cumpliendo as\u00ed con la Ley Nacional de Ejecuci\u00f3n Penal.<\/p>\n\n\n\n<p>La pl\u00e1tica fue impartida por Leopoldo Gabriel Casasola Salcedo, reconocido torero y matador, quien anim\u00f3 a la poblaci\u00f3n penitenciaria a enfrentar la vida con la misma valent\u00eda y determinaci\u00f3n que se requiere en el ruedo.<\/p>\n\n\n\n<p>Casasola Salcedo exhort\u00f3 a los PPL a \u00ablidiar diariamente con el toro de sus adversidades\u00bb, enfatizando que cada obst\u00e1culo puede ser superado con coraje y perseverancia.<\/p>\n\n\n\n<p>Estas acciones reafirman el compromiso de la SSC de promover el desarrollo personal y la reinserci\u00f3n social de las y los PPL, proporcion\u00e1ndoles herramientas y motivaci\u00f3n para superar los desaf\u00edos y construir un futuro lleno de esperanza y oportunidades.<\/p>\n","protected":false},"excerpt":{"rendered":"<p>*La Direcci\u00f3n de Prevenci\u00f3n y Reinserci\u00f3n Social de la SSC refuerza el sistema penitenciario en el estado de Tlaxcala. La Secretar\u00eda de Seguridad Ciudadana (SSC), en colaboraci\u00f3n con la Direcci\u00f3n de Desarrollo Taurino de Tlaxcala, llev\u00f3 a cabo una conferencia \u00fanica y transformadora sobre Superaci\u00f3n Personal dirigida a las Personas Privadas de la Libertad (PPL) [&hellip;]<\/p>\n","protected":false},"author":1,"featured_media":124603,"comment_status":"open","ping_status":"open","sticky":false,"template":"","format":"standard","meta":{"footnotes":""},"categories":[21],"tags":[],"class_list":["post-124602","post","type-post","status-publish","format-standard","has-post-thumbnail","hentry","category-estatal"],"blog_post_layout_featured_media_urls":{"thumbnail":["https:\/\/diariolanoticia.com.mx\/wp-content\/uploads\/2024\/07\/WhatsApp-Image-2024-07-03-at-14.42.19-1-216x160.jpeg",216,160,true],"full":["https:\/\/diariolanoticia.com.mx\/wp-content\/uploads\/2024\/07\/WhatsApp-Image-2024-07-03-at-14.42.19-1.jpeg",1079,1033,false]},"categories_names":{"21":{"name":"Estatal","link":"https:\/\/diariolanoticia.com.mx\/?cat=21"}},"tags_names":[],"comments_number":"0","wpmagazine_modules_lite_featured_media_urls":{"thumbnail":["https:\/\/diariolanoticia.com.mx\/wp-content\/uploads\/2024\/07\/WhatsApp-Image-2024-07-03-at-14.42.19-1-216x160.jpeg",216,160,true],"cvmm-medium":["https:\/\/diariolanoticia.com.mx\/wp-content\/uploads\/2024\/07\/WhatsApp-Image-2024-07-03-at-14.42.19-1-300x300.jpeg",300,300,true],"cvmm-medium-plus":["https:\/\/diariolanoticia.com.mx\/wp-content\/uploads\/2024\/07\/WhatsApp-Image-2024-07-03-at-14.42.19-1-305x207.jpeg",305,207,true],"cvmm-portrait":["https:\/\/diariolanoticia.com.mx\/wp-content\/uploads\/2024\/07\/WhatsApp-Image-2024-07-03-at-14.42.19-1-400x600.jpeg",400,600,true],"cvmm-medium-square":["https:\/\/diariolanoticia.com.mx\/wp-content\/uploads\/2024\/07\/WhatsApp-Image-2024-07-03-at-14.42.19-1-600x600.jpeg",600,600,true],"cvmm-large":["https:\/\/diariolanoticia.com.mx\/wp-content\/uploads\/2024\/07\/WhatsApp-Image-2024-07-03-at-14.42.19-1-1024x1024.jpeg",1024,1024,true],"cvmm-small":["https:\/\/diariolanoticia.com.mx\/wp-content\/uploads\/2024\/07\/WhatsApp-Image-2024-07-03-at-14.42.19-1-130x95.jpeg",130,95,true],"full":["https:\/\/diariolanoticia.com.mx\/wp-content\/uploads\/2024\/07\/WhatsApp-Image-2024-07-03-at-14.42.19-1.jpeg",1079,1033,false]},"_links":{"self":[{"href":"https:\/\/diariolanoticia.com.mx\/index.php?rest_route=\/wp\/v2\/posts\/124602","targetHints":{"allow":["GET"]}}],"collection":[{"href":"https:\/\/diariolanoticia.com.mx\/index.php?rest_route=\/wp\/v2\/posts"}],"about":[{"href":"https:\/\/diariolanoticia.com.mx\/index.php?rest_route=\/wp\/v2\/types\/post"}],"author":[{"embeddable":true,"href":"https:\/\/diariolanoticia.com.mx\/index.php?rest_route=\/wp\/v2\/users\/1"}],"replies":[{"embeddable":true,"href":"https:\/\/diariolanoticia.com.mx\/index.php?rest_route=%2Fwp%2Fv2%2Fcomments&post=124602"}],"version-history":[{"count":1,"href":"https:\/\/diariolanoticia.com.mx\/index.php?rest_route=\/wp\/v2\/posts\/124602\/revisions"}],"predecessor-version":[{"id":124604,"href":"https:\/\/diariolanoticia.com.mx\/index.php?rest_route=\/wp\/v2\/posts\/124602\/revisions\/124604"}],"wp:featuredmedia":[{"embeddable":true,"href":"https:\/\/diariolanoticia.com.mx\/index.php?rest_route=\/wp\/v2\/media\/124603"}],"wp:attachment":[{"href":"https:\/\/diariolanoticia.com.mx\/index.php?rest_route=%2Fwp%2Fv2%2Fmedia&parent=124602"}],"wp:term":[{"taxonomy":"category","embeddable":true,"href":"https:\/\/diariolanoticia.com.mx\/index.php?rest_route=%2Fwp%2Fv2%2Fcategories&post=124602"},{"taxonomy":"post_tag","embeddable":true,"href":"https:\/\/diariolanoticia.com.mx\/index.php?rest_route=%2Fwp%2Fv2%2Ftags&post=124602"}],"curies":[{"name":"wp","href":"https:\/\/api.w.org\/{rel}","templated":true}]}}