{"id":124605,"date":"2024-07-03T22:12:08","date_gmt":"2024-07-04T04:12:08","guid":{"rendered":"https:\/\/diariolanoticia.com.mx\/?p=124605"},"modified":"2024-07-03T22:12:10","modified_gmt":"2024-07-04T04:12:10","slug":"concluye-uatx-con-clases-espejo-del-programa-de-movilidad","status":"publish","type":"post","link":"https:\/\/diariolanoticia.com.mx\/?p=124605","title":{"rendered":"Concluye UATx con \u00abclases espejo\u00bb del programa de movilidad"},"content":{"rendered":"\n<p>\u00b7&nbsp;&nbsp;&nbsp;&nbsp;&nbsp;&nbsp;&nbsp;<strong>De estudiantes de intercambio nacional e internacional del Ciclo Primavera 2024<\/strong><\/p>\n\n\n\n<p>Como resultado del trabajo colaborativo realizado por la Coordinaci\u00f3n de Enlace Internacional, Vinculaci\u00f3n e Intercambio Acad\u00e9mico (CEIVIA) de la Universidad Aut\u00f3noma de Tlaxcala (UATx) referente a la diversidad de experiencias de internacionalizaci\u00f3n e interculturalidad en los programas educativos, se concluyeron exitosamente las sesiones de las \u00abclases espejo\u00bb del semestre primavera 2024, fortaleciendo la formaci\u00f3n acad\u00e9mica de los estudiantes y mejorando la calidad educativa de las instituciones participantes.<\/p>\n\n\n\n<p>El Maestro Antonio Durante Murillo, titular de la CEIVIA, expuso que, durante este periodo, se llevaron a cabo reuniones de trabajo entre la Coordinaci\u00f3n y las estructuras directivas de las facultades involucradas, lo cual permiti\u00f3 establecer la exitosa cooperaci\u00f3n institucional entre acad\u00e9micos y estudiantes de las otras Casas de Estudio con los de la UATx.<\/p>\n\n\n\n<p>En esta ocasi\u00f3n fueron 67 alumnos del pa\u00eds y 22 del extranjero quienes formaron parte de este programa de movilidad, provenientes de instituciones como la Universidad de Santo Tom\u00e1s, Colombia; Universidad Antonio Nari\u00f1o, Colombia; Universidad Aut\u00f3noma del Estado de M\u00e9xico (UAEMex) y la Universidad Aut\u00f3noma de Ciudad Ju\u00e1rez (UACJ), en las licenciaturas de Arquitectura, Nutrici\u00f3n, Gerontolog\u00eda Social, as\u00ed como Educaci\u00f3n Inicial y Gesti\u00f3n de Instituciones.<\/p>\n\n\n\n<p>Dentro del contenido acad\u00e9mico de las unidades de aprendizaje desarrollado, destacan temas como: Uso profesional de la informaci\u00f3n digital; Metodolog\u00eda de la investigaci\u00f3n cualitativa; Evaluaci\u00f3n de la intervenci\u00f3n comunitaria; as\u00ed como Introducci\u00f3n al patrimonio y estrategias de nutrici\u00f3n poblacional, de las facultades de Ciencias para el Desarrollo Humano, de Ciencias de la Salud, de Ciencias de la Educaci\u00f3n y de Dise\u00f1o, Arte y Arquitectura.<\/p>\n","protected":false},"excerpt":{"rendered":"<p>\u00b7&nbsp;&nbsp;&nbsp;&nbsp;&nbsp;&nbsp;&nbsp;De estudiantes de intercambio nacional e internacional del Ciclo Primavera 2024 Como resultado del trabajo colaborativo realizado por la Coordinaci\u00f3n de Enlace Internacional, Vinculaci\u00f3n e Intercambio Acad\u00e9mico (CEIVIA) de la Universidad Aut\u00f3noma de Tlaxcala (UATx) referente a la diversidad de experiencias de internacionalizaci\u00f3n e interculturalidad en los programas educativos, se concluyeron exitosamente las sesiones de [&hellip;]<\/p>\n","protected":false},"author":1,"featured_media":124606,"comment_status":"open","ping_status":"open","sticky":false,"template":"","format":"standard","meta":{"footnotes":""},"categories":[10],"tags":[],"class_list":["post-124605","post","type-post","status-publish","format-standard","has-post-thumbnail","hentry","category-educacion"],"blog_post_layout_featured_media_urls":{"thumbnail":["https:\/\/diariolanoticia.com.mx\/wp-content\/uploads\/2024\/07\/02-Concluye-UATx-con-clases-espejo-del-programa-de-movilidad-216x160.jpg",216,160,true],"full":["https:\/\/diariolanoticia.com.mx\/wp-content\/uploads\/2024\/07\/02-Concluye-UATx-con-clases-espejo-del-programa-de-movilidad.jpg",1277,852,false]},"categories_names":{"10":{"name":"Educaci\u00f3n","link":"https:\/\/diariolanoticia.com.mx\/?cat=10"}},"tags_names":[],"comments_number":"0","wpmagazine_modules_lite_featured_media_urls":{"thumbnail":["https:\/\/diariolanoticia.com.mx\/wp-content\/uploads\/2024\/07\/02-Concluye-UATx-con-clases-espejo-del-programa-de-movilidad-216x160.jpg",216,160,true],"cvmm-medium":["https:\/\/diariolanoticia.com.mx\/wp-content\/uploads\/2024\/07\/02-Concluye-UATx-con-clases-espejo-del-programa-de-movilidad-300x300.jpg",300,300,true],"cvmm-medium-plus":["https:\/\/diariolanoticia.com.mx\/wp-content\/uploads\/2024\/07\/02-Concluye-UATx-con-clases-espejo-del-programa-de-movilidad-305x207.jpg",305,207,true],"cvmm-portrait":["https:\/\/diariolanoticia.com.mx\/wp-content\/uploads\/2024\/07\/02-Concluye-UATx-con-clases-espejo-del-programa-de-movilidad-400x600.jpg",400,600,true],"cvmm-medium-square":["https:\/\/diariolanoticia.com.mx\/wp-content\/uploads\/2024\/07\/02-Concluye-UATx-con-clases-espejo-del-programa-de-movilidad-600x600.jpg",600,600,true],"cvmm-large":["https:\/\/diariolanoticia.com.mx\/wp-content\/uploads\/2024\/07\/02-Concluye-UATx-con-clases-espejo-del-programa-de-movilidad-1024x852.jpg",1024,852,true],"cvmm-small":["https:\/\/diariolanoticia.com.mx\/wp-content\/uploads\/2024\/07\/02-Concluye-UATx-con-clases-espejo-del-programa-de-movilidad-130x95.jpg",130,95,true],"full":["https:\/\/diariolanoticia.com.mx\/wp-content\/uploads\/2024\/07\/02-Concluye-UATx-con-clases-espejo-del-programa-de-movilidad.jpg",1277,852,false]},"_links":{"self":[{"href":"https:\/\/diariolanoticia.com.mx\/index.php?rest_route=\/wp\/v2\/posts\/124605","targetHints":{"allow":["GET"]}}],"collection":[{"href":"https:\/\/diariolanoticia.com.mx\/index.php?rest_route=\/wp\/v2\/posts"}],"about":[{"href":"https:\/\/diariolanoticia.com.mx\/index.php?rest_route=\/wp\/v2\/types\/post"}],"author":[{"embeddable":true,"href":"https:\/\/diariolanoticia.com.mx\/index.php?rest_route=\/wp\/v2\/users\/1"}],"replies":[{"embeddable":true,"href":"https:\/\/diariolanoticia.com.mx\/index.php?rest_route=%2Fwp%2Fv2%2Fcomments&post=124605"}],"version-history":[{"count":1,"href":"https:\/\/diariolanoticia.com.mx\/index.php?rest_route=\/wp\/v2\/posts\/124605\/revisions"}],"predecessor-version":[{"id":124607,"href":"https:\/\/diariolanoticia.com.mx\/index.php?rest_route=\/wp\/v2\/posts\/124605\/revisions\/124607"}],"wp:featuredmedia":[{"embeddable":true,"href":"https:\/\/diariolanoticia.com.mx\/index.php?rest_route=\/wp\/v2\/media\/124606"}],"wp:attachment":[{"href":"https:\/\/diariolanoticia.com.mx\/index.php?rest_route=%2Fwp%2Fv2%2Fmedia&parent=124605"}],"wp:term":[{"taxonomy":"category","embeddable":true,"href":"https:\/\/diariolanoticia.com.mx\/index.php?rest_route=%2Fwp%2Fv2%2Fcategories&post=124605"},{"taxonomy":"post_tag","embeddable":true,"href":"https:\/\/diariolanoticia.com.mx\/index.php?rest_route=%2Fwp%2Fv2%2Ftags&post=124605"}],"curies":[{"name":"wp","href":"https:\/\/api.w.org\/{rel}","templated":true}]}}