{"id":124640,"date":"2024-07-04T14:22:00","date_gmt":"2024-07-04T20:22:00","guid":{"rendered":"https:\/\/diariolanoticia.com.mx\/?p=124640"},"modified":"2024-07-05T14:22:16","modified_gmt":"2024-07-05T20:22:16","slug":"presentan-dialogos-jurisprudenciales-en-contexto-de-los-derechos-humanos-en-el-congreso-local","status":"publish","type":"post","link":"https:\/\/diariolanoticia.com.mx\/?p=124640","title":{"rendered":"Presentan \u00abDi\u00e1logos Jurisprudenciales en contexto de los Derechos Humanos\u00bb en el Congreso local"},"content":{"rendered":"\n<p>\u00b7&nbsp;&nbsp;&nbsp;&nbsp;&nbsp;&nbsp;En el libro presentado se exponen los retos, las propuestas y el an\u00e1lisis del proceso electoral local ordinario 2023-2024.<\/p>\n\n\n\n<p>Este jueves, en el Patio Vitral del Recinto Legislativo local, se llev\u00f3 a cabo la presentaci\u00f3n del libro Di\u00e1logos Jurisprudenciales en contexto de los Derechos Humanos, organizado por el Tribunal Electoral de Tlaxcala (TET).<\/p>\n\n\n\n<p>En el desarrollo de la presentaci\u00f3n, el anfitri\u00f3n, el Magistrado presidente del TET Miguel Nava Xochitiotzi dijo que este libro aglutina sentimientos que se vivieron en el estado y se reflejan en el pa\u00eds en materia electoral.<\/p>\n\n\n\n<p>El presidente de la Comisi\u00f3n Permanente del Congreso, el diputado Jos\u00e9 G. Temoltzin Mart\u00ednez, invit\u00f3 a la lectura del documento y asegur\u00f3 que se trata de una obra que comprende diversos art\u00edculos que resaltan temas de inter\u00e9s en el panorama actual de la vida democr\u00e1tica del Estado de Tlaxcala.<\/p>\n\n\n\n<p>Describi\u00f3 que en sus diversos art\u00edculos, los autores han expuesto con efectiva pericia, el estado del arte que guarda la materia electoral, pues, es de se\u00f1alar que los escritores, han relatado la experiencia de procesos electorales pasados y con conocimiento de causa, exponen los retos, las propuestas y el an\u00e1lisis mientras se desarrollaba el proceso electoral local ordinario 2023-2024.<\/p>\n\n\n\n<p>Tambi\u00e9n asistieron los diputados Jorge Caballero Rom\u00e1n, presidente de la Junta de Coordinaci\u00f3n y Concertaci\u00f3n Pol\u00edtica del Congreso; Lenin Calva P\u00e9rez, Tomas Rivera Lara, Fabricio Mena Rodr\u00edguez&nbsp;y las diputadas Maribel Le\u00f3n Cruz, Dulce Cecilia Garc\u00eda Gayosso y Guillermina Loaiza Cortero, as\u00ed como el titular de la Secretar\u00eda de Gobierno estatal, Luis Antonio Ram\u00edrez Hern\u00e1ndez y la presidenta del Tribunal Superior de Justicia del Estado, Anel Ba\u00f1uelos Meneses, entre otras autoridades.<\/p>\n","protected":false},"excerpt":{"rendered":"<p>\u00b7&nbsp;&nbsp;&nbsp;&nbsp;&nbsp;&nbsp;En el libro presentado se exponen los retos, las propuestas y el an\u00e1lisis del proceso electoral local ordinario 2023-2024. Este jueves, en el Patio Vitral del Recinto Legislativo local, se llev\u00f3 a cabo la presentaci\u00f3n del libro Di\u00e1logos Jurisprudenciales en contexto de los Derechos Humanos, organizado por el Tribunal Electoral de Tlaxcala (TET). En el [&hellip;]<\/p>\n","protected":false},"author":1,"featured_media":124641,"comment_status":"open","ping_status":"open","sticky":false,"template":"","format":"standard","meta":{"footnotes":""},"categories":[22],"tags":[],"class_list":["post-124640","post","type-post","status-publish","format-standard","has-post-thumbnail","hentry","category-congreso"],"blog_post_layout_featured_media_urls":{"thumbnail":["https:\/\/diariolanoticia.com.mx\/wp-content\/uploads\/2024\/07\/Unknown-1-1-216x160.jpeg",216,160,true],"full":["https:\/\/diariolanoticia.com.mx\/wp-content\/uploads\/2024\/07\/Unknown-1-1.jpeg",1280,855,false]},"categories_names":{"22":{"name":"Congreso","link":"https:\/\/diariolanoticia.com.mx\/?cat=22"}},"tags_names":[],"comments_number":"0","wpmagazine_modules_lite_featured_media_urls":{"thumbnail":["https:\/\/diariolanoticia.com.mx\/wp-content\/uploads\/2024\/07\/Unknown-1-1-216x160.jpeg",216,160,true],"cvmm-medium":["https:\/\/diariolanoticia.com.mx\/wp-content\/uploads\/2024\/07\/Unknown-1-1-300x300.jpeg",300,300,true],"cvmm-medium-plus":["https:\/\/diariolanoticia.com.mx\/wp-content\/uploads\/2024\/07\/Unknown-1-1-305x207.jpeg",305,207,true],"cvmm-portrait":["https:\/\/diariolanoticia.com.mx\/wp-content\/uploads\/2024\/07\/Unknown-1-1-400x600.jpeg",400,600,true],"cvmm-medium-square":["https:\/\/diariolanoticia.com.mx\/wp-content\/uploads\/2024\/07\/Unknown-1-1-600x600.jpeg",600,600,true],"cvmm-large":["https:\/\/diariolanoticia.com.mx\/wp-content\/uploads\/2024\/07\/Unknown-1-1-1024x855.jpeg",1024,855,true],"cvmm-small":["https:\/\/diariolanoticia.com.mx\/wp-content\/uploads\/2024\/07\/Unknown-1-1-130x95.jpeg",130,95,true],"full":["https:\/\/diariolanoticia.com.mx\/wp-content\/uploads\/2024\/07\/Unknown-1-1.jpeg",1280,855,false]},"_links":{"self":[{"href":"https:\/\/diariolanoticia.com.mx\/index.php?rest_route=\/wp\/v2\/posts\/124640","targetHints":{"allow":["GET"]}}],"collection":[{"href":"https:\/\/diariolanoticia.com.mx\/index.php?rest_route=\/wp\/v2\/posts"}],"about":[{"href":"https:\/\/diariolanoticia.com.mx\/index.php?rest_route=\/wp\/v2\/types\/post"}],"author":[{"embeddable":true,"href":"https:\/\/diariolanoticia.com.mx\/index.php?rest_route=\/wp\/v2\/users\/1"}],"replies":[{"embeddable":true,"href":"https:\/\/diariolanoticia.com.mx\/index.php?rest_route=%2Fwp%2Fv2%2Fcomments&post=124640"}],"version-history":[{"count":1,"href":"https:\/\/diariolanoticia.com.mx\/index.php?rest_route=\/wp\/v2\/posts\/124640\/revisions"}],"predecessor-version":[{"id":124642,"href":"https:\/\/diariolanoticia.com.mx\/index.php?rest_route=\/wp\/v2\/posts\/124640\/revisions\/124642"}],"wp:featuredmedia":[{"embeddable":true,"href":"https:\/\/diariolanoticia.com.mx\/index.php?rest_route=\/wp\/v2\/media\/124641"}],"wp:attachment":[{"href":"https:\/\/diariolanoticia.com.mx\/index.php?rest_route=%2Fwp%2Fv2%2Fmedia&parent=124640"}],"wp:term":[{"taxonomy":"category","embeddable":true,"href":"https:\/\/diariolanoticia.com.mx\/index.php?rest_route=%2Fwp%2Fv2%2Fcategories&post=124640"},{"taxonomy":"post_tag","embeddable":true,"href":"https:\/\/diariolanoticia.com.mx\/index.php?rest_route=%2Fwp%2Fv2%2Ftags&post=124640"}],"curies":[{"name":"wp","href":"https:\/\/api.w.org\/{rel}","templated":true}]}}