{"id":124643,"date":"2024-07-04T14:23:10","date_gmt":"2024-07-04T20:23:10","guid":{"rendered":"https:\/\/diariolanoticia.com.mx\/?p=124643"},"modified":"2024-07-05T14:23:24","modified_gmt":"2024-07-05T20:23:24","slug":"puso-en-marcha-uatx-verano-de-investigacion-cientifica-2024","status":"publish","type":"post","link":"https:\/\/diariolanoticia.com.mx\/?p=124643","title":{"rendered":"Puso en marcha UATx verano de investigaci\u00f3n cient\u00edfica 2024"},"content":{"rendered":"\n<p>\u00b7&nbsp;&nbsp;&nbsp;&nbsp;&nbsp;&nbsp;&nbsp;<strong>En conjunto con la Universidad Panamericana para reflexionar los avances de la ciencia jur\u00eddica<\/strong><\/p>\n\n\n\n<p>La vinculaci\u00f3n y el trabajo en conjunto entre Instituciones de Educaci\u00f3n Superior (IES), abre caminos al saber y ayuda a fortalecer los conocimientos, en este tenor la Universidad Aut\u00f3noma de Tlaxcala (UATx), a trav\u00e9s del Centro de Investigaciones Jur\u00eddico-Pol\u00edticas (CIJUREP) y la Facultad de Derecho, Ciencias Pol\u00edticas y Criminolog\u00eda llevaron a cabo la inauguraci\u00f3n del \u00abVerano de investigaci\u00f3n cient\u00edfica 2024\u00bb, el cual se realiza en conjunto con la Universidad Panamericana y est\u00e1 conformado por conferencias en modalidad h\u00edbrida.<\/p>\n\n\n\n<p>El acto inaugural corri\u00f3 a cargo de la Doctora Margarita Mart\u00ednez G\u00f3mez, Secretaria de Investigaci\u00f3n Cient\u00edfica y Posgrado, en representaci\u00f3n del Doctor Seraf\u00edn Ortiz Ortiz, Rector de la UATx, en donde mencion\u00f3 que las universidades son entidades estrat\u00e9gicas para el desarrollo nacional, porque propician la existencia de una cultura que est\u00e1 fundamentada en la comunicaci\u00f3n, encausando recursos y esfuerzos en estrategias conjuntas para que la investigaci\u00f3n se vuelva motor que impulsa, direcciona y actualiza las funciones docentes y la formaci\u00f3n profesional.<\/p>\n\n\n\n<p>A su vez, el Doctor Fernando Tenorio Tagle, Coordinador del CIJUREP, puntualiz\u00f3 que con este ciclo de conferencias se fortalecen los lazos acad\u00e9micos que derivan en desenvolver el aprendizaje obtenido para despertar ese inter\u00e9s por nuevos horizontes en los estudiantes, tanto de licenciatura como de posgrado, as\u00ed como en la comunidad docente, presentando todas las l\u00edneas del conocimiento con las que cuenta el Derecho, para debatir y analizar nuevas tem\u00e1ticas, aprovechando todo el conociendo de los exponentes.<\/p>\n\n\n\n<p>Por su parte, el Doctor Fernando Batista Jim\u00e9nez, Director de la Facultad de Derecho de la Universidad Panamericana, se congratul\u00f3 por que la UATx est\u00e9 abierta a este tipo de actividades, ya que es una instituci\u00f3n reconocida a nivel nacional por la aportaci\u00f3n de conocimientos que hace el CIJUREP en materia de investigaci\u00f3n y que una de las premisas de las universidades es precisamente transmitir fuera de las aulas esta variedad de conocimientos e impactar a la mayor parte de estudiosos del tema.<\/p>\n\n\n\n<p>Durante esta actividad se disertar\u00e1n sobre tem\u00e1ticas relativas a los Derechos Humanos, telecomunicaciones, pol\u00edticas p\u00fablicas, inteligencia artificial, derecho de la ciberseguridad, garant\u00eda para los derechos fundamentales y el acceso a internet como derecho humano.<\/p>\n\n\n\n<p>Este acto, cont\u00f3 con la presencia de la estructura directiva de la Aut\u00f3noma de Tlaxcala y del CIJUREP, as\u00ed como de investigadores, catedr\u00e1ticos y estudiantes.<\/p>\n","protected":false},"excerpt":{"rendered":"<p>\u00b7&nbsp;&nbsp;&nbsp;&nbsp;&nbsp;&nbsp;&nbsp;En conjunto con la Universidad Panamericana para reflexionar los avances de la ciencia jur\u00eddica La vinculaci\u00f3n y el trabajo en conjunto entre Instituciones de Educaci\u00f3n Superior (IES), abre caminos al saber y ayuda a fortalecer los conocimientos, en este tenor la Universidad Aut\u00f3noma de Tlaxcala (UATx), a trav\u00e9s del Centro de Investigaciones Jur\u00eddico-Pol\u00edticas (CIJUREP) y [&hellip;]<\/p>\n","protected":false},"author":1,"featured_media":124644,"comment_status":"open","ping_status":"open","sticky":false,"template":"","format":"standard","meta":{"footnotes":""},"categories":[10],"tags":[],"class_list":["post-124643","post","type-post","status-publish","format-standard","has-post-thumbnail","hentry","category-educacion"],"blog_post_layout_featured_media_urls":{"thumbnail":["https:\/\/diariolanoticia.com.mx\/wp-content\/uploads\/2024\/07\/03-A-Puso-en-marcha-UATx-verano-de-investigacion-cientifica-2024-216x160.jpeg",216,160,true],"full":["https:\/\/diariolanoticia.com.mx\/wp-content\/uploads\/2024\/07\/03-A-Puso-en-marcha-UATx-verano-de-investigacion-cientifica-2024.jpeg",1426,950,false]},"categories_names":{"10":{"name":"Educaci\u00f3n","link":"https:\/\/diariolanoticia.com.mx\/?cat=10"}},"tags_names":[],"comments_number":"0","wpmagazine_modules_lite_featured_media_urls":{"thumbnail":["https:\/\/diariolanoticia.com.mx\/wp-content\/uploads\/2024\/07\/03-A-Puso-en-marcha-UATx-verano-de-investigacion-cientifica-2024-216x160.jpeg",216,160,true],"cvmm-medium":["https:\/\/diariolanoticia.com.mx\/wp-content\/uploads\/2024\/07\/03-A-Puso-en-marcha-UATx-verano-de-investigacion-cientifica-2024-300x300.jpeg",300,300,true],"cvmm-medium-plus":["https:\/\/diariolanoticia.com.mx\/wp-content\/uploads\/2024\/07\/03-A-Puso-en-marcha-UATx-verano-de-investigacion-cientifica-2024-305x207.jpeg",305,207,true],"cvmm-portrait":["https:\/\/diariolanoticia.com.mx\/wp-content\/uploads\/2024\/07\/03-A-Puso-en-marcha-UATx-verano-de-investigacion-cientifica-2024-400x600.jpeg",400,600,true],"cvmm-medium-square":["https:\/\/diariolanoticia.com.mx\/wp-content\/uploads\/2024\/07\/03-A-Puso-en-marcha-UATx-verano-de-investigacion-cientifica-2024-600x600.jpeg",600,600,true],"cvmm-large":["https:\/\/diariolanoticia.com.mx\/wp-content\/uploads\/2024\/07\/03-A-Puso-en-marcha-UATx-verano-de-investigacion-cientifica-2024-1024x950.jpeg",1024,950,true],"cvmm-small":["https:\/\/diariolanoticia.com.mx\/wp-content\/uploads\/2024\/07\/03-A-Puso-en-marcha-UATx-verano-de-investigacion-cientifica-2024-130x95.jpeg",130,95,true],"full":["https:\/\/diariolanoticia.com.mx\/wp-content\/uploads\/2024\/07\/03-A-Puso-en-marcha-UATx-verano-de-investigacion-cientifica-2024.jpeg",1426,950,false]},"_links":{"self":[{"href":"https:\/\/diariolanoticia.com.mx\/index.php?rest_route=\/wp\/v2\/posts\/124643","targetHints":{"allow":["GET"]}}],"collection":[{"href":"https:\/\/diariolanoticia.com.mx\/index.php?rest_route=\/wp\/v2\/posts"}],"about":[{"href":"https:\/\/diariolanoticia.com.mx\/index.php?rest_route=\/wp\/v2\/types\/post"}],"author":[{"embeddable":true,"href":"https:\/\/diariolanoticia.com.mx\/index.php?rest_route=\/wp\/v2\/users\/1"}],"replies":[{"embeddable":true,"href":"https:\/\/diariolanoticia.com.mx\/index.php?rest_route=%2Fwp%2Fv2%2Fcomments&post=124643"}],"version-history":[{"count":1,"href":"https:\/\/diariolanoticia.com.mx\/index.php?rest_route=\/wp\/v2\/posts\/124643\/revisions"}],"predecessor-version":[{"id":124645,"href":"https:\/\/diariolanoticia.com.mx\/index.php?rest_route=\/wp\/v2\/posts\/124643\/revisions\/124645"}],"wp:featuredmedia":[{"embeddable":true,"href":"https:\/\/diariolanoticia.com.mx\/index.php?rest_route=\/wp\/v2\/media\/124644"}],"wp:attachment":[{"href":"https:\/\/diariolanoticia.com.mx\/index.php?rest_route=%2Fwp%2Fv2%2Fmedia&parent=124643"}],"wp:term":[{"taxonomy":"category","embeddable":true,"href":"https:\/\/diariolanoticia.com.mx\/index.php?rest_route=%2Fwp%2Fv2%2Fcategories&post=124643"},{"taxonomy":"post_tag","embeddable":true,"href":"https:\/\/diariolanoticia.com.mx\/index.php?rest_route=%2Fwp%2Fv2%2Ftags&post=124643"}],"curies":[{"name":"wp","href":"https:\/\/api.w.org\/{rel}","templated":true}]}}