{"id":124701,"date":"2024-07-09T22:10:12","date_gmt":"2024-07-10T04:10:12","guid":{"rendered":"https:\/\/diariolanoticia.com.mx\/?p=124701"},"modified":"2024-07-09T22:10:14","modified_gmt":"2024-07-10T04:10:14","slug":"egreso-uatx-generacion-2024-de-la-facultad-de-filosofia-y-letras","status":"publish","type":"post","link":"https:\/\/diariolanoticia.com.mx\/?p=124701","title":{"rendered":"Egres\u00f3 UATx generaci\u00f3n 2024 de la Facultad de Filosof\u00eda y Letras"},"content":{"rendered":"\n<p>La Universidad Aut\u00f3noma de Tlaxcala (UATx), a trav\u00e9s de la Facultad de Filosof\u00eda y Letras, llev\u00f3 a cabo la graduaci\u00f3n de 142 estudiantes pertenecientes a las licenciaturas en Antropolog\u00eda; en Ense\u00f1anza de Lenguas; en Filosof\u00eda; en Historia; as\u00ed como en Lengua y Literatura Hispanoamericana, correspondientes a la generaci\u00f3n 2020-2024, en ceremonia celebrada en las instalaciones del Teatro Universitario.<\/p>\n\n\n\n<p>En representaci\u00f3n del&nbsp;Doctor Seraf\u00edn Ortiz Ortiz, Rector de la UATx, el Maestro Irving Eduardo Ortiz Gallardo, Coordinador de la Divisi\u00f3n de Ciencias y Humanidades, afirm\u00f3 que la Universidad impacta en la transformaci\u00f3n de las sociedades, ya que se rige bajo un modelo educativo dise\u00f1ado por los tlaxcaltecas, el Modelo Humanista Integrador basado en Capacidades (MHIC), lo que potencializa la formaci\u00f3n en esta alma mater, ya que muy pocas universidades a nivel nacional cuentan con un modelo propio.<\/p>\n\n\n\n<p>En su momento, el Maestro Hugo P\u00e9rez Olivares, Director de la Facultad, dijo que para la Aut\u00f3noma de Tlaxcala es una responsabilidad muy grande y un gran compromiso que tenemos con la sociedad para la formaci\u00f3n de profesionales en las \u00e1reas cient\u00edficas, tecnol\u00f3gicas y human\u00edsticas con calidad, con profesionalismo y, sobre todo, con el sello del MHIC, modelo educativo propio que caracteriza a la universidad.<\/p>\n\n\n\n<p>Por su parte, Nicol\u00e1s Hern\u00e1ndez Santiago, en representaci\u00f3n de sus compa\u00f1eros, se\u00f1al\u00f3 que durante su paso por la UATx, se formaron como profesionista con sentido humanista, quienes en el mundo laboral ser\u00e1n capaces de realizar un trabajo en beneficio de la sociedad y record\u00f3 que son una generaci\u00f3n resiliente porque, a pesar de vivir dos a\u00f1os en confinamiento, lograron adaptarse a la modalidad virtual para seguir prepar\u00e1ndose, por lo que agradeci\u00f3 a cada profesor que estuvo cerca de este acompa\u00f1amiento acad\u00e9mico.<\/p>\n\n\n\n<p>Cabe mencionar que, durante el acto protocolario, se entregaron reconocimientos a Adri\u00e1n Mel\u00e9ndez Cahuantzi, Manuel \u00c1guila Morales, Emiliano Mu\u00f1oz Garc\u00eda, Karen L\u00f3pez Robles y a Estefan\u00eda Barrientos Trejo, por obtener el mejor promedio de la generaci\u00f3n.<\/p>\n\n\n\n<p>Esta ceremonia cont\u00f3 con la presencia de la estructura directiva de la Aut\u00f3noma de Tlaxcala y de la Facultad de Filosof\u00eda y Letras, as\u00ed como de docentes y familiares de los graduados.<\/p>\n","protected":false},"excerpt":{"rendered":"<p>La Universidad Aut\u00f3noma de Tlaxcala (UATx), a trav\u00e9s de la Facultad de Filosof\u00eda y Letras, llev\u00f3 a cabo la graduaci\u00f3n de 142 estudiantes pertenecientes a las licenciaturas en Antropolog\u00eda; en Ense\u00f1anza de Lenguas; en Filosof\u00eda; en Historia; as\u00ed como en Lengua y Literatura Hispanoamericana, correspondientes a la generaci\u00f3n 2020-2024, en ceremonia celebrada en las instalaciones [&hellip;]<\/p>\n","protected":false},"author":1,"featured_media":124702,"comment_status":"open","ping_status":"open","sticky":false,"template":"","format":"standard","meta":{"footnotes":""},"categories":[10],"tags":[],"class_list":["post-124701","post","type-post","status-publish","format-standard","has-post-thumbnail","hentry","category-educacion"],"blog_post_layout_featured_media_urls":{"thumbnail":["https:\/\/diariolanoticia.com.mx\/wp-content\/uploads\/2024\/07\/07-C-Egreso-UATx-generacion-2024-de-la-Facultad-de-Filosofia-y-Letras-216x160.jpeg",216,160,true],"full":["https:\/\/diariolanoticia.com.mx\/wp-content\/uploads\/2024\/07\/07-C-Egreso-UATx-generacion-2024-de-la-Facultad-de-Filosofia-y-Letras.jpeg",1600,1063,false]},"categories_names":{"10":{"name":"Educaci\u00f3n","link":"https:\/\/diariolanoticia.com.mx\/?cat=10"}},"tags_names":[],"comments_number":"0","wpmagazine_modules_lite_featured_media_urls":{"thumbnail":["https:\/\/diariolanoticia.com.mx\/wp-content\/uploads\/2024\/07\/07-C-Egreso-UATx-generacion-2024-de-la-Facultad-de-Filosofia-y-Letras-216x160.jpeg",216,160,true],"cvmm-medium":["https:\/\/diariolanoticia.com.mx\/wp-content\/uploads\/2024\/07\/07-C-Egreso-UATx-generacion-2024-de-la-Facultad-de-Filosofia-y-Letras-300x300.jpeg",300,300,true],"cvmm-medium-plus":["https:\/\/diariolanoticia.com.mx\/wp-content\/uploads\/2024\/07\/07-C-Egreso-UATx-generacion-2024-de-la-Facultad-de-Filosofia-y-Letras-305x207.jpeg",305,207,true],"cvmm-portrait":["https:\/\/diariolanoticia.com.mx\/wp-content\/uploads\/2024\/07\/07-C-Egreso-UATx-generacion-2024-de-la-Facultad-de-Filosofia-y-Letras-400x600.jpeg",400,600,true],"cvmm-medium-square":["https:\/\/diariolanoticia.com.mx\/wp-content\/uploads\/2024\/07\/07-C-Egreso-UATx-generacion-2024-de-la-Facultad-de-Filosofia-y-Letras-600x600.jpeg",600,600,true],"cvmm-large":["https:\/\/diariolanoticia.com.mx\/wp-content\/uploads\/2024\/07\/07-C-Egreso-UATx-generacion-2024-de-la-Facultad-de-Filosofia-y-Letras-1024x1024.jpeg",1024,1024,true],"cvmm-small":["https:\/\/diariolanoticia.com.mx\/wp-content\/uploads\/2024\/07\/07-C-Egreso-UATx-generacion-2024-de-la-Facultad-de-Filosofia-y-Letras-130x95.jpeg",130,95,true],"full":["https:\/\/diariolanoticia.com.mx\/wp-content\/uploads\/2024\/07\/07-C-Egreso-UATx-generacion-2024-de-la-Facultad-de-Filosofia-y-Letras.jpeg",1600,1063,false]},"_links":{"self":[{"href":"https:\/\/diariolanoticia.com.mx\/index.php?rest_route=\/wp\/v2\/posts\/124701","targetHints":{"allow":["GET"]}}],"collection":[{"href":"https:\/\/diariolanoticia.com.mx\/index.php?rest_route=\/wp\/v2\/posts"}],"about":[{"href":"https:\/\/diariolanoticia.com.mx\/index.php?rest_route=\/wp\/v2\/types\/post"}],"author":[{"embeddable":true,"href":"https:\/\/diariolanoticia.com.mx\/index.php?rest_route=\/wp\/v2\/users\/1"}],"replies":[{"embeddable":true,"href":"https:\/\/diariolanoticia.com.mx\/index.php?rest_route=%2Fwp%2Fv2%2Fcomments&post=124701"}],"version-history":[{"count":1,"href":"https:\/\/diariolanoticia.com.mx\/index.php?rest_route=\/wp\/v2\/posts\/124701\/revisions"}],"predecessor-version":[{"id":124703,"href":"https:\/\/diariolanoticia.com.mx\/index.php?rest_route=\/wp\/v2\/posts\/124701\/revisions\/124703"}],"wp:featuredmedia":[{"embeddable":true,"href":"https:\/\/diariolanoticia.com.mx\/index.php?rest_route=\/wp\/v2\/media\/124702"}],"wp:attachment":[{"href":"https:\/\/diariolanoticia.com.mx\/index.php?rest_route=%2Fwp%2Fv2%2Fmedia&parent=124701"}],"wp:term":[{"taxonomy":"category","embeddable":true,"href":"https:\/\/diariolanoticia.com.mx\/index.php?rest_route=%2Fwp%2Fv2%2Fcategories&post=124701"},{"taxonomy":"post_tag","embeddable":true,"href":"https:\/\/diariolanoticia.com.mx\/index.php?rest_route=%2Fwp%2Fv2%2Ftags&post=124701"}],"curies":[{"name":"wp","href":"https:\/\/api.w.org\/{rel}","templated":true}]}}