{"id":125093,"date":"2024-07-24T18:44:53","date_gmt":"2024-07-25T00:44:53","guid":{"rendered":"https:\/\/diariolanoticia.com.mx\/?p=125093"},"modified":"2024-07-24T18:44:54","modified_gmt":"2024-07-25T00:44:54","slug":"tendra-mc-bancada-naranja-seguiremos-defendiendo-el-triunfo-en-el-distrito-15-sandra-aguilar","status":"publish","type":"post","link":"https:\/\/diariolanoticia.com.mx\/?p=125093","title":{"rendered":"Tendr\u00e1 MC bancada naranja, seguiremos defendiendo el triunfo en el distrito 15: Sandra Aguilar"},"content":{"rendered":"\n<p>En conferencia de prensa, Pedro Jim\u00e9nez Le\u00f3n, en representaci\u00f3n del&nbsp; coordinador nacional, Dante Delgado y la diputada electa, Sandra Aguilar Vega, respaldaron el triunfo de Guillermo Hueyotlipan Barr\u00f3n en el distrito 15, el cual fue confirmado el d\u00eda lunes por el Tribunal Electoral de Tlaxcala (TET), luego de encontrar anomal\u00edas en las casillas 363 contigua 5 y 6.<\/p>\n\n\n\n<p>\u201cEn caso de que Morena lleve este asunto a otras instancias, ser\u00e1 la Sala Regional y la Sala Superior del Tribunal Electoral de Poder Judicial de la Federaci\u00f3n, quien ratifique el triunfo logrado ante el TET pues contamos con los fundamentos necesarios para seguir defendi\u00e9ndolo en la mesa\u201d, asegur\u00f3 Jim\u00e9nez Le\u00f3n.<\/p>\n\n\n\n<p>Por su parte, Sandra Aguilar, reconoci\u00f3 el trabajo transparente que realiz\u00f3 el Tribunal Electoral de Tlaxcala y coment\u00f3 que el proceso a\u00fan no termina, que ser\u00e1n respetuosos pero seguir\u00e1n en pie de lucha.<\/p>\n\n\n\n<p>Hueyotlipan Barr\u00f3n, agradeci\u00f3 el apoyo de los ciudadanos y se\u00f1al\u00f3 que luchar\u00e1 hasta el final para defender la voluntad de los ciudadanos y que tiene plena confianza en las instituciones.<\/p>\n\n\n\n<p>Respecto a los rumores de un posible acuerdo entre Movimiento Ciudadano con el Ejecutivo, los liderazgos del partido naranja negaron rotundamente estas especulaciones y a\u00f1adieron tambi\u00e9n que, como tercera fuerza pol\u00edtica, ser\u00e1n una oposici\u00f3n responsable en el Congreso Local, no de conflictos.<\/p>\n\n\n\n<p>Finalmente, medios de comunicaci\u00f3n cuestionaron a los diputados electos de Movimiento Ciudadano sobre sus retos legislativos a lo que respondieron que trabajar\u00e1n en equipo a favor de las y los tlaxcaltecas.<\/p>\n\n\n\n<p>\u201cVamos a darle resultados a la gente que confi\u00f3 en nosotros, impulsaremos una nueva agenda legislativa a favor de las mujeres, j\u00f3venes, adultos mayores y sobretodo, los ni\u00f1os\u201d, concluy\u00f3 Aguilar Vega.<\/p>\n","protected":false},"excerpt":{"rendered":"<p>En conferencia de prensa, Pedro Jim\u00e9nez Le\u00f3n, en representaci\u00f3n del&nbsp; coordinador nacional, Dante Delgado y la diputada electa, Sandra Aguilar Vega, respaldaron el triunfo de Guillermo Hueyotlipan Barr\u00f3n en el distrito 15, el cual fue confirmado el d\u00eda lunes por el Tribunal Electoral de Tlaxcala (TET), luego de encontrar anomal\u00edas en las casillas 363 contigua [&hellip;]<\/p>\n","protected":false},"author":1,"featured_media":125094,"comment_status":"open","ping_status":"open","sticky":false,"template":"","format":"standard","meta":{"footnotes":""},"categories":[38],"tags":[],"class_list":["post-125093","post","type-post","status-publish","format-standard","has-post-thumbnail","hentry","category-politica"],"blog_post_layout_featured_media_urls":{"thumbnail":["https:\/\/diariolanoticia.com.mx\/wp-content\/uploads\/2024\/07\/WhatsApp-Image-2024-07-24-at-6.22.38-PM-216x160.jpeg",216,160,true],"full":["https:\/\/diariolanoticia.com.mx\/wp-content\/uploads\/2024\/07\/WhatsApp-Image-2024-07-24-at-6.22.38-PM.jpeg",1600,719,false]},"categories_names":{"38":{"name":"Pol\u00edtica","link":"https:\/\/diariolanoticia.com.mx\/?cat=38"}},"tags_names":[],"comments_number":"0","wpmagazine_modules_lite_featured_media_urls":{"thumbnail":["https:\/\/diariolanoticia.com.mx\/wp-content\/uploads\/2024\/07\/WhatsApp-Image-2024-07-24-at-6.22.38-PM-216x160.jpeg",216,160,true],"cvmm-medium":["https:\/\/diariolanoticia.com.mx\/wp-content\/uploads\/2024\/07\/WhatsApp-Image-2024-07-24-at-6.22.38-PM-300x300.jpeg",300,300,true],"cvmm-medium-plus":["https:\/\/diariolanoticia.com.mx\/wp-content\/uploads\/2024\/07\/WhatsApp-Image-2024-07-24-at-6.22.38-PM-305x207.jpeg",305,207,true],"cvmm-portrait":["https:\/\/diariolanoticia.com.mx\/wp-content\/uploads\/2024\/07\/WhatsApp-Image-2024-07-24-at-6.22.38-PM-400x600.jpeg",400,600,true],"cvmm-medium-square":["https:\/\/diariolanoticia.com.mx\/wp-content\/uploads\/2024\/07\/WhatsApp-Image-2024-07-24-at-6.22.38-PM-600x600.jpeg",600,600,true],"cvmm-large":["https:\/\/diariolanoticia.com.mx\/wp-content\/uploads\/2024\/07\/WhatsApp-Image-2024-07-24-at-6.22.38-PM-1024x719.jpeg",1024,719,true],"cvmm-small":["https:\/\/diariolanoticia.com.mx\/wp-content\/uploads\/2024\/07\/WhatsApp-Image-2024-07-24-at-6.22.38-PM-130x95.jpeg",130,95,true],"full":["https:\/\/diariolanoticia.com.mx\/wp-content\/uploads\/2024\/07\/WhatsApp-Image-2024-07-24-at-6.22.38-PM.jpeg",1600,719,false]},"_links":{"self":[{"href":"https:\/\/diariolanoticia.com.mx\/index.php?rest_route=\/wp\/v2\/posts\/125093","targetHints":{"allow":["GET"]}}],"collection":[{"href":"https:\/\/diariolanoticia.com.mx\/index.php?rest_route=\/wp\/v2\/posts"}],"about":[{"href":"https:\/\/diariolanoticia.com.mx\/index.php?rest_route=\/wp\/v2\/types\/post"}],"author":[{"embeddable":true,"href":"https:\/\/diariolanoticia.com.mx\/index.php?rest_route=\/wp\/v2\/users\/1"}],"replies":[{"embeddable":true,"href":"https:\/\/diariolanoticia.com.mx\/index.php?rest_route=%2Fwp%2Fv2%2Fcomments&post=125093"}],"version-history":[{"count":1,"href":"https:\/\/diariolanoticia.com.mx\/index.php?rest_route=\/wp\/v2\/posts\/125093\/revisions"}],"predecessor-version":[{"id":125095,"href":"https:\/\/diariolanoticia.com.mx\/index.php?rest_route=\/wp\/v2\/posts\/125093\/revisions\/125095"}],"wp:featuredmedia":[{"embeddable":true,"href":"https:\/\/diariolanoticia.com.mx\/index.php?rest_route=\/wp\/v2\/media\/125094"}],"wp:attachment":[{"href":"https:\/\/diariolanoticia.com.mx\/index.php?rest_route=%2Fwp%2Fv2%2Fmedia&parent=125093"}],"wp:term":[{"taxonomy":"category","embeddable":true,"href":"https:\/\/diariolanoticia.com.mx\/index.php?rest_route=%2Fwp%2Fv2%2Fcategories&post=125093"},{"taxonomy":"post_tag","embeddable":true,"href":"https:\/\/diariolanoticia.com.mx\/index.php?rest_route=%2Fwp%2Fv2%2Ftags&post=125093"}],"curies":[{"name":"wp","href":"https:\/\/api.w.org\/{rel}","templated":true}]}}