{"id":125425,"date":"2024-07-29T15:04:00","date_gmt":"2024-07-29T21:04:00","guid":{"rendered":"https:\/\/diariolanoticia.com.mx\/?p=125425"},"modified":"2024-07-29T15:04:00","modified_gmt":"2024-07-29T21:04:00","slug":"suma-gobierno-estatal-a-todos-los-sectores-para-construir-un-mejor-puebla","status":"publish","type":"post","link":"https:\/\/diariolanoticia.com.mx\/?p=125425","title":{"rendered":"Suma Gobierno Estatal a todos los sectores para construir un mejor Puebla"},"content":{"rendered":"\n<p>&#8211; As\u00ed lo destac\u00f3 el gobernador Sergio Salom\u00f3n al presidir la bienvenida al nuncio apost\u00f3lico en M\u00e9xico, Joseph Spiteri en Tepeaca<\/p>\n\n\n\n<p>TEPEACA, Pue.- El gobierno de Puebla suma a todos los sectores de la poblaci\u00f3n para construir un mejor estado y generar mejores condiciones de vida para todas y todos, manifest\u00f3 el gobernador Sergio Salom\u00f3n.<\/p>\n\n\n\n<p>Al presidir la bienvenida al nuncio apost\u00f3lico en M\u00e9xico, Joseph Spiteri en la comunidad de Santiago Acatl\u00e1n, el titular del Ejecutivo recalc\u00f3 que su administraci\u00f3n trabaja bajo una visi\u00f3n humanista y social, lo que ha generado pol\u00edticas p\u00fablicas que realmente benefician a la poblaci\u00f3n.<\/p>\n\n\n\n<p>Expuso que la suma de todos los sectores, con respeto a la libertad de conciencia y de culto, es fundamental para el crecimiento de las comunidades en la entidad.<\/p>\n\n\n\n<p>En el evento estuvieron presentes autoridades estatales y municipales, as\u00ed como representantes eclesi\u00e1sticos.<\/p>\n","protected":false},"excerpt":{"rendered":"<p>&#8211; As\u00ed lo destac\u00f3 el gobernador Sergio Salom\u00f3n al presidir la bienvenida al nuncio apost\u00f3lico en M\u00e9xico, Joseph Spiteri en Tepeaca TEPEACA, Pue.- El gobierno de Puebla suma a todos los sectores de la poblaci\u00f3n para construir un mejor estado y generar mejores condiciones de vida para todas y todos, manifest\u00f3 el gobernador Sergio Salom\u00f3n. [&hellip;]<\/p>\n","protected":false},"author":1,"featured_media":125424,"comment_status":"closed","ping_status":"open","sticky":false,"template":"","format":"standard","meta":{"footnotes":""},"categories":[20],"tags":[52,402],"class_list":["post-125425","post","type-post","status-publish","format-standard","has-post-thumbnail","hentry","category-norte-de-puebla","tag-puebla","tag-religion"],"blog_post_layout_featured_media_urls":{"thumbnail":["https:\/\/diariolanoticia.com.mx\/wp-content\/uploads\/2024\/07\/img_1407-1-216x160.jpg",216,160,true],"full":["https:\/\/diariolanoticia.com.mx\/wp-content\/uploads\/2024\/07\/img_1407-1.jpg",1500,899,false]},"categories_names":{"20":{"name":"Norte de Puebla","link":"https:\/\/diariolanoticia.com.mx\/?cat=20"}},"tags_names":{"52":{"name":"Puebla","link":"https:\/\/diariolanoticia.com.mx\/?tag=puebla"},"402":{"name":"religi\u00f3n","link":"https:\/\/diariolanoticia.com.mx\/?tag=religion"}},"comments_number":"0","wpmagazine_modules_lite_featured_media_urls":{"thumbnail":["https:\/\/diariolanoticia.com.mx\/wp-content\/uploads\/2024\/07\/img_1407-1-216x160.jpg",216,160,true],"cvmm-medium":["https:\/\/diariolanoticia.com.mx\/wp-content\/uploads\/2024\/07\/img_1407-1-300x300.jpg",300,300,true],"cvmm-medium-plus":["https:\/\/diariolanoticia.com.mx\/wp-content\/uploads\/2024\/07\/img_1407-1-305x207.jpg",305,207,true],"cvmm-portrait":["https:\/\/diariolanoticia.com.mx\/wp-content\/uploads\/2024\/07\/img_1407-1-400x600.jpg",400,600,true],"cvmm-medium-square":["https:\/\/diariolanoticia.com.mx\/wp-content\/uploads\/2024\/07\/img_1407-1-600x600.jpg",600,600,true],"cvmm-large":["https:\/\/diariolanoticia.com.mx\/wp-content\/uploads\/2024\/07\/img_1407-1-1024x899.jpg",1024,899,true],"cvmm-small":["https:\/\/diariolanoticia.com.mx\/wp-content\/uploads\/2024\/07\/img_1407-1-130x95.jpg",130,95,true],"full":["https:\/\/diariolanoticia.com.mx\/wp-content\/uploads\/2024\/07\/img_1407-1.jpg",1500,899,false]},"_links":{"self":[{"href":"https:\/\/diariolanoticia.com.mx\/index.php?rest_route=\/wp\/v2\/posts\/125425","targetHints":{"allow":["GET"]}}],"collection":[{"href":"https:\/\/diariolanoticia.com.mx\/index.php?rest_route=\/wp\/v2\/posts"}],"about":[{"href":"https:\/\/diariolanoticia.com.mx\/index.php?rest_route=\/wp\/v2\/types\/post"}],"author":[{"embeddable":true,"href":"https:\/\/diariolanoticia.com.mx\/index.php?rest_route=\/wp\/v2\/users\/1"}],"replies":[{"embeddable":true,"href":"https:\/\/diariolanoticia.com.mx\/index.php?rest_route=%2Fwp%2Fv2%2Fcomments&post=125425"}],"version-history":[{"count":1,"href":"https:\/\/diariolanoticia.com.mx\/index.php?rest_route=\/wp\/v2\/posts\/125425\/revisions"}],"predecessor-version":[{"id":125426,"href":"https:\/\/diariolanoticia.com.mx\/index.php?rest_route=\/wp\/v2\/posts\/125425\/revisions\/125426"}],"wp:featuredmedia":[{"embeddable":true,"href":"https:\/\/diariolanoticia.com.mx\/index.php?rest_route=\/wp\/v2\/media\/125424"}],"wp:attachment":[{"href":"https:\/\/diariolanoticia.com.mx\/index.php?rest_route=%2Fwp%2Fv2%2Fmedia&parent=125425"}],"wp:term":[{"taxonomy":"category","embeddable":true,"href":"https:\/\/diariolanoticia.com.mx\/index.php?rest_route=%2Fwp%2Fv2%2Fcategories&post=125425"},{"taxonomy":"post_tag","embeddable":true,"href":"https:\/\/diariolanoticia.com.mx\/index.php?rest_route=%2Fwp%2Fv2%2Ftags&post=125425"}],"curies":[{"name":"wp","href":"https:\/\/api.w.org\/{rel}","templated":true}]}}