{"id":125833,"date":"2024-08-13T22:29:36","date_gmt":"2024-08-14T04:29:36","guid":{"rendered":"https:\/\/diariolanoticia.com.mx\/?p=125833"},"modified":"2024-08-20T22:30:38","modified_gmt":"2024-08-21T04:30:38","slug":"125833","status":"publish","type":"post","link":"https:\/\/diariolanoticia.com.mx\/?p=125833","title":{"rendered":""},"content":{"rendered":"\n<p>Posteriormente, el Alcalde, Ram\u00edrez Galicia, en la comunidad de Jos\u00e9 Mar\u00eda Morelos y Pav\u00f3n entreg\u00f3 la construcci\u00f3n de 1,780.00 m2 de pavimento con adoqu\u00edn de la calle Sin Nombre entre boulevard Emiliano S\u00e1nchez Piedras y calle 24 de febrero.<\/p>\n\n\n\n<p>De igual manera, con el prop\u00f3sito de seguir reforzando la estrategia de seguridad, entreg\u00f3 la ampliaci\u00f3n de alumbrado p\u00fablico, en este lugar.<\/p>\n\n\n\n<p><a href=\"https:\/\/www.facebook.com\/hashtag\/trabajemos_juntos?__eep__=6&amp;__cft__[0]=AZUjowWu_Nccnzs3IVbeF5RSi0SS86ViFwsY0EL6o7xX8HTguchmmyki2vaW_ntmUZiBozIcauL7DXZSpwRY17Fr1Va0BL1AulTj9bi3n8j08xMyTWtYVdT4ZiUVjdfpIf6FKInRgmU9PC8ptdNX4pYiL0n5crBAys4Mrv7zl2TWaa1FJhCtNZ3v9v5YL6MoCzX0PpJEz5jcYnTeSrl-t93M&amp;__tn__=*NK-R\">#Trabajemos_Juntos<\/a> por el desarrollo de Tetla de la Solidaridad y sus comunidades<\/p>\n\n\n\n<figure class=\"wp-block-image size-large\"><img loading=\"lazy\" decoding=\"async\" width=\"1024\" height=\"575\" src=\"https:\/\/diariolanoticia.com.mx\/wp-content\/uploads\/2024\/08\/455355837_539744821717108_9001392027698521257_n-1024x575.jpg\" alt=\"\" class=\"wp-image-125834\" srcset=\"https:\/\/diariolanoticia.com.mx\/wp-content\/uploads\/2024\/08\/455355837_539744821717108_9001392027698521257_n-1024x575.jpg 1024w, https:\/\/diariolanoticia.com.mx\/wp-content\/uploads\/2024\/08\/455355837_539744821717108_9001392027698521257_n-300x168.jpg 300w, https:\/\/diariolanoticia.com.mx\/wp-content\/uploads\/2024\/08\/455355837_539744821717108_9001392027698521257_n-768x431.jpg 768w, https:\/\/diariolanoticia.com.mx\/wp-content\/uploads\/2024\/08\/455355837_539744821717108_9001392027698521257_n-1536x862.jpg 1536w, https:\/\/diariolanoticia.com.mx\/wp-content\/uploads\/2024\/08\/455355837_539744821717108_9001392027698521257_n.jpg 1600w\" sizes=\"auto, (max-width: 1024px) 100vw, 1024px\" \/><\/figure>\n","protected":false},"excerpt":{"rendered":"<p>Posteriormente, el Alcalde, Ram\u00edrez Galicia, en la comunidad de Jos\u00e9 Mar\u00eda Morelos y Pav\u00f3n entreg\u00f3 la construcci\u00f3n de 1,780.00 m2 de pavimento con adoqu\u00edn de la calle Sin Nombre entre boulevard Emiliano S\u00e1nchez Piedras y calle 24 de febrero. De igual manera, con el prop\u00f3sito de seguir reforzando la estrategia de seguridad, entreg\u00f3 la ampliaci\u00f3n [&hellip;]<\/p>\n","protected":false},"author":1,"featured_media":0,"comment_status":"open","ping_status":"open","sticky":false,"template":"","format":"standard","meta":{"footnotes":""},"categories":[37],"tags":[],"class_list":["post-125833","post","type-post","status-publish","format-standard","hentry","category-tetla"],"blog_post_layout_featured_media_urls":{"thumbnail":"","full":""},"categories_names":{"37":{"name":"Tetla","link":"https:\/\/diariolanoticia.com.mx\/?cat=37"}},"tags_names":[],"comments_number":"0","wpmagazine_modules_lite_featured_media_urls":{"thumbnail":"","cvmm-medium":"","cvmm-medium-plus":"","cvmm-portrait":"","cvmm-medium-square":"","cvmm-large":"","cvmm-small":"","full":""},"_links":{"self":[{"href":"https:\/\/diariolanoticia.com.mx\/index.php?rest_route=\/wp\/v2\/posts\/125833","targetHints":{"allow":["GET"]}}],"collection":[{"href":"https:\/\/diariolanoticia.com.mx\/index.php?rest_route=\/wp\/v2\/posts"}],"about":[{"href":"https:\/\/diariolanoticia.com.mx\/index.php?rest_route=\/wp\/v2\/types\/post"}],"author":[{"embeddable":true,"href":"https:\/\/diariolanoticia.com.mx\/index.php?rest_route=\/wp\/v2\/users\/1"}],"replies":[{"embeddable":true,"href":"https:\/\/diariolanoticia.com.mx\/index.php?rest_route=%2Fwp%2Fv2%2Fcomments&post=125833"}],"version-history":[{"count":1,"href":"https:\/\/diariolanoticia.com.mx\/index.php?rest_route=\/wp\/v2\/posts\/125833\/revisions"}],"predecessor-version":[{"id":125835,"href":"https:\/\/diariolanoticia.com.mx\/index.php?rest_route=\/wp\/v2\/posts\/125833\/revisions\/125835"}],"wp:attachment":[{"href":"https:\/\/diariolanoticia.com.mx\/index.php?rest_route=%2Fwp%2Fv2%2Fmedia&parent=125833"}],"wp:term":[{"taxonomy":"category","embeddable":true,"href":"https:\/\/diariolanoticia.com.mx\/index.php?rest_route=%2Fwp%2Fv2%2Fcategories&post=125833"},{"taxonomy":"post_tag","embeddable":true,"href":"https:\/\/diariolanoticia.com.mx\/index.php?rest_route=%2Fwp%2Fv2%2Ftags&post=125833"}],"curies":[{"name":"wp","href":"https:\/\/api.w.org\/{rel}","templated":true}]}}