{"id":125852,"date":"2024-08-26T16:05:10","date_gmt":"2024-08-26T22:05:10","guid":{"rendered":"https:\/\/diariolanoticia.com.mx\/?p=125852"},"modified":"2024-08-26T16:05:10","modified_gmt":"2024-08-26T22:05:10","slug":"puebla-garantiza-desarrollo-educativo-seguro-y-pleno","status":"publish","type":"post","link":"https:\/\/diariolanoticia.com.mx\/?p=125852","title":{"rendered":"Puebla garantiza desarrollo educativo seguro y pleno"},"content":{"rendered":"\n<p>&#8211; El gobernador Sergio Salom\u00f3n presidi\u00f3 el inicio del Ciclo Escolar 2024-2025 desde el Gimnasio \u201cMiguel Hidalgo\u201d con la presencia de estudiantes y docentes<\/p>\n\n\n\n<p>-Con la estrategia, habr\u00e1 cursos con tem\u00e1ticas de prevenci\u00f3n de las adicciones, acoso y violencias, as\u00ed como para fomentar valores \u00e9ticos, destac\u00f3 el secretario de Educaci\u00f3n, Jorge Estefan Chidiac<\/p>\n\n\n\n<p>CIUDAD DE PUEBLA, Pue. &#8211; Con la puesta en marcha de \u201cEstrategia Estatal para Mejorar y Fortalecer la Convivencia Escolar\u201d y de los \u201cComit\u00e9s de Convivencia Escolar\u201d, Puebla es referente nacional y garantiza un desarrollo educativo seguro y pleno, expuso el gobernador Sergio Salom\u00f3n al presidir el inicio del Ciclo Escolar 2024-2025 desde el Gimnasio \u201cMiguel Hidalgo\u201d.<\/p>\n\n\n\n<p>En compa\u00f1\u00eda de la presidenta honoraria del Patronato del SEDIF, Gaby Bonilla, as\u00ed como funcionarios estatales, federales, municipales y legisladores, el titular del Ejecutivo argument\u00f3 que el Gobierno del Estado, profesoras y profesores, as\u00ed como madres y padres de familia, est\u00e1n unidos en un mismo fin, que es el de alcanzar el principio de igualdad. En este sentido, coment\u00f3 que la administraci\u00f3n que encabeza ha hecho las acciones necesarias para que ni\u00f1as, ni\u00f1os y j\u00f3venes tengan acceso a la educaci\u00f3n, las mismas oportunidades y alcancen sus objetivos.<\/p>\n\n\n\n<p>Sergio Salom\u00f3n recalc\u00f3 que el gobierno que encabeza reconoce la labor realizada por cada una y uno de los docentes, ya que su figura es fundamental para transmitir conocimientos, valores y ense\u00f1anzas a las nuevas generaciones. Agreg\u00f3 que, como gobernador, est\u00e1 comprometido con la educaci\u00f3n por lo que no dejar\u00e1 de destinar recursos para garantizar el desarrollo acad\u00e9mico de las y los poblanos.<\/p>\n\n\n\n<p>PUEBLA, PIONERO EN INTEGRACI\u00d3N DE ESTRATEGIA Y COMIT\u00c9S DE CONVIVENCIA ESCOLAR<\/p>\n\n\n\n<p>El secretario de Educaci\u00f3n, Jorge Estefan Chidiac inform\u00f3 que en la entidad iniciaron clases un mill\u00f3n 670 mil estudiantes en m\u00e1s de 16 mil escuelas p\u00fablicas y privadas de educaci\u00f3n obligatoria. Asimismo, indic\u00f3 que Puebla es pionero a nivel nacional con la implementaci\u00f3n de los \u201cComit\u00e9s de Convivencia Escolar\u201d que tienen como fin fomentar los valores c\u00edvicos, adem\u00e1s de que dar\u00e1 continuidad al proyecto federal de la Nueva Escuela Mexicana y tendr\u00e1 m\u00e1s espacios de ense\u00f1anza para que las y los j\u00f3venes respondan a los desaf\u00edos de sus comunidades.<\/p>\n\n\n\n<p>Respecto a la puesta en marcha de la \u201cEstrategia Estatal para Mejorar y Fortalecer la Convivencia Escolar\u201d, el funcionario explic\u00f3 que ser\u00e1n impartidos cursos con tem\u00e1ticas de prevenci\u00f3n de las adicciones y violencias, as\u00ed como para fomentar valores \u00e9ticos. Indic\u00f3 que, en una primera etapa, ser\u00e1n favorecidas 500 mil personas, entre estudiantes, docentes y tutores.<\/p>\n","protected":false},"excerpt":{"rendered":"<p>&#8211; El gobernador Sergio Salom\u00f3n presidi\u00f3 el inicio del Ciclo Escolar 2024-2025 desde el Gimnasio \u201cMiguel Hidalgo\u201d con la presencia de estudiantes y docentes -Con la estrategia, habr\u00e1 cursos con tem\u00e1ticas de prevenci\u00f3n de las adicciones, acoso y violencias, as\u00ed como para fomentar valores \u00e9ticos, destac\u00f3 el secretario de Educaci\u00f3n, Jorge Estefan Chidiac CIUDAD DE [&hellip;]<\/p>\n","protected":false},"author":1,"featured_media":125854,"comment_status":"closed","ping_status":"open","sticky":false,"template":"","format":"standard","meta":{"footnotes":""},"categories":[20,1],"tags":[],"class_list":["post-125852","post","type-post","status-publish","format-standard","has-post-thumbnail","hentry","category-norte-de-puebla","category-uncategorized"],"blog_post_layout_featured_media_urls":{"thumbnail":["https:\/\/diariolanoticia.com.mx\/wp-content\/uploads\/2024\/08\/img_3300-1-216x160.jpg",216,160,true],"full":["https:\/\/diariolanoticia.com.mx\/wp-content\/uploads\/2024\/08\/img_3300-1.jpg",1290,862,false]},"categories_names":{"20":{"name":"Norte de Puebla","link":"https:\/\/diariolanoticia.com.mx\/?cat=20"},"1":{"name":"Uncategorized","link":"https:\/\/diariolanoticia.com.mx\/?cat=1"}},"tags_names":[],"comments_number":"0","wpmagazine_modules_lite_featured_media_urls":{"thumbnail":["https:\/\/diariolanoticia.com.mx\/wp-content\/uploads\/2024\/08\/img_3300-1-216x160.jpg",216,160,true],"cvmm-medium":["https:\/\/diariolanoticia.com.mx\/wp-content\/uploads\/2024\/08\/img_3300-1-300x300.jpg",300,300,true],"cvmm-medium-plus":["https:\/\/diariolanoticia.com.mx\/wp-content\/uploads\/2024\/08\/img_3300-1-305x207.jpg",305,207,true],"cvmm-portrait":["https:\/\/diariolanoticia.com.mx\/wp-content\/uploads\/2024\/08\/img_3300-1-400x600.jpg",400,600,true],"cvmm-medium-square":["https:\/\/diariolanoticia.com.mx\/wp-content\/uploads\/2024\/08\/img_3300-1-600x600.jpg",600,600,true],"cvmm-large":["https:\/\/diariolanoticia.com.mx\/wp-content\/uploads\/2024\/08\/img_3300-1-1024x862.jpg",1024,862,true],"cvmm-small":["https:\/\/diariolanoticia.com.mx\/wp-content\/uploads\/2024\/08\/img_3300-1-130x95.jpg",130,95,true],"full":["https:\/\/diariolanoticia.com.mx\/wp-content\/uploads\/2024\/08\/img_3300-1.jpg",1290,862,false]},"_links":{"self":[{"href":"https:\/\/diariolanoticia.com.mx\/index.php?rest_route=\/wp\/v2\/posts\/125852","targetHints":{"allow":["GET"]}}],"collection":[{"href":"https:\/\/diariolanoticia.com.mx\/index.php?rest_route=\/wp\/v2\/posts"}],"about":[{"href":"https:\/\/diariolanoticia.com.mx\/index.php?rest_route=\/wp\/v2\/types\/post"}],"author":[{"embeddable":true,"href":"https:\/\/diariolanoticia.com.mx\/index.php?rest_route=\/wp\/v2\/users\/1"}],"replies":[{"embeddable":true,"href":"https:\/\/diariolanoticia.com.mx\/index.php?rest_route=%2Fwp%2Fv2%2Fcomments&post=125852"}],"version-history":[{"count":1,"href":"https:\/\/diariolanoticia.com.mx\/index.php?rest_route=\/wp\/v2\/posts\/125852\/revisions"}],"predecessor-version":[{"id":125853,"href":"https:\/\/diariolanoticia.com.mx\/index.php?rest_route=\/wp\/v2\/posts\/125852\/revisions\/125853"}],"wp:featuredmedia":[{"embeddable":true,"href":"https:\/\/diariolanoticia.com.mx\/index.php?rest_route=\/wp\/v2\/media\/125854"}],"wp:attachment":[{"href":"https:\/\/diariolanoticia.com.mx\/index.php?rest_route=%2Fwp%2Fv2%2Fmedia&parent=125852"}],"wp:term":[{"taxonomy":"category","embeddable":true,"href":"https:\/\/diariolanoticia.com.mx\/index.php?rest_route=%2Fwp%2Fv2%2Fcategories&post=125852"},{"taxonomy":"post_tag","embeddable":true,"href":"https:\/\/diariolanoticia.com.mx\/index.php?rest_route=%2Fwp%2Fv2%2Ftags&post=125852"}],"curies":[{"name":"wp","href":"https:\/\/api.w.org\/{rel}","templated":true}]}}