{"id":125870,"date":"2024-08-26T21:06:35","date_gmt":"2024-08-27T03:06:35","guid":{"rendered":"https:\/\/diariolanoticia.com.mx\/?p=125870"},"modified":"2024-08-26T21:06:36","modified_gmt":"2024-08-27T03:06:36","slug":"125870","status":"publish","type":"post","link":"https:\/\/diariolanoticia.com.mx\/?p=125870","title":{"rendered":""},"content":{"rendered":"\n<p>El Presidente Municipal, Andr\u00e9s Ram\u00edrez Galicia, se traslad\u00f3 a la comunidad de Capulac, para supervisar los trabajos de construcci\u00f3n de 623.84 m2 de guarniciones, banquetas y pavimento con adoqu\u00edn en la calle Emiliano Zapata.<\/p>\n\n\n\n<p>En este lugar, el Alcalde platic\u00f3 con vecinos, a quienes coment\u00f3 que, estas obras de impacto que se realizaron durante su Administraci\u00f3n ayudaron a mejorar la imagen urbana y el desarrollo de Capulac, record\u00f3 que una de las obras m\u00e1s grandes fue su plaza.<\/p>\n\n\n\n<p>De igual manera, Ram\u00edrez Galicia les comparti\u00f3 la noticia a los presentes que a d\u00edas de terminar su administraci\u00f3n aun llevar\u00e1 trabajos de alumbrado en este lugar.<\/p>\n\n\n\n<h1 class=\"wp-block-heading\">Trabajemos_Juntos por el desarrollo de las comunidades de Tetla de la Solidaridad<\/h1>\n\n\n\n<figure class=\"wp-block-gallery has-nested-images columns-default is-cropped wp-block-gallery-1 is-layout-flex wp-block-gallery-is-layout-flex\">\n<figure class=\"wp-block-image size-large\"><img loading=\"lazy\" decoding=\"async\" width=\"1024\" height=\"575\" data-id=\"125871\" src=\"https:\/\/diariolanoticia.com.mx\/wp-content\/uploads\/2024\/08\/WhatsApp-Image-2024-08-26-at-8.48.10-PM-1024x575.jpeg\" alt=\"\" class=\"wp-image-125871\" srcset=\"https:\/\/diariolanoticia.com.mx\/wp-content\/uploads\/2024\/08\/WhatsApp-Image-2024-08-26-at-8.48.10-PM-1024x575.jpeg 1024w, https:\/\/diariolanoticia.com.mx\/wp-content\/uploads\/2024\/08\/WhatsApp-Image-2024-08-26-at-8.48.10-PM-300x168.jpeg 300w, https:\/\/diariolanoticia.com.mx\/wp-content\/uploads\/2024\/08\/WhatsApp-Image-2024-08-26-at-8.48.10-PM-768x431.jpeg 768w, https:\/\/diariolanoticia.com.mx\/wp-content\/uploads\/2024\/08\/WhatsApp-Image-2024-08-26-at-8.48.10-PM.jpeg 1080w\" sizes=\"auto, (max-width: 1024px) 100vw, 1024px\" \/><\/figure>\n<\/figure>\n","protected":false},"excerpt":{"rendered":"<p>El Presidente Municipal, Andr\u00e9s Ram\u00edrez Galicia, se traslad\u00f3 a la comunidad de Capulac, para supervisar los trabajos de construcci\u00f3n de 623.84 m2 de guarniciones, banquetas y pavimento con adoqu\u00edn en la calle Emiliano Zapata. En este lugar, el Alcalde platic\u00f3 con vecinos, a quienes coment\u00f3 que, estas obras de impacto que se realizaron durante su [&hellip;]<\/p>\n","protected":false},"author":1,"featured_media":0,"comment_status":"open","ping_status":"open","sticky":false,"template":"","format":"standard","meta":{"footnotes":""},"categories":[37],"tags":[],"class_list":["post-125870","post","type-post","status-publish","format-standard","hentry","category-tetla"],"blog_post_layout_featured_media_urls":{"thumbnail":"","full":""},"categories_names":{"37":{"name":"Tetla","link":"https:\/\/diariolanoticia.com.mx\/?cat=37"}},"tags_names":[],"comments_number":"0","wpmagazine_modules_lite_featured_media_urls":{"thumbnail":"","cvmm-medium":"","cvmm-medium-plus":"","cvmm-portrait":"","cvmm-medium-square":"","cvmm-large":"","cvmm-small":"","full":""},"_links":{"self":[{"href":"https:\/\/diariolanoticia.com.mx\/index.php?rest_route=\/wp\/v2\/posts\/125870","targetHints":{"allow":["GET"]}}],"collection":[{"href":"https:\/\/diariolanoticia.com.mx\/index.php?rest_route=\/wp\/v2\/posts"}],"about":[{"href":"https:\/\/diariolanoticia.com.mx\/index.php?rest_route=\/wp\/v2\/types\/post"}],"author":[{"embeddable":true,"href":"https:\/\/diariolanoticia.com.mx\/index.php?rest_route=\/wp\/v2\/users\/1"}],"replies":[{"embeddable":true,"href":"https:\/\/diariolanoticia.com.mx\/index.php?rest_route=%2Fwp%2Fv2%2Fcomments&post=125870"}],"version-history":[{"count":1,"href":"https:\/\/diariolanoticia.com.mx\/index.php?rest_route=\/wp\/v2\/posts\/125870\/revisions"}],"predecessor-version":[{"id":125872,"href":"https:\/\/diariolanoticia.com.mx\/index.php?rest_route=\/wp\/v2\/posts\/125870\/revisions\/125872"}],"wp:attachment":[{"href":"https:\/\/diariolanoticia.com.mx\/index.php?rest_route=%2Fwp%2Fv2%2Fmedia&parent=125870"}],"wp:term":[{"taxonomy":"category","embeddable":true,"href":"https:\/\/diariolanoticia.com.mx\/index.php?rest_route=%2Fwp%2Fv2%2Fcategories&post=125870"},{"taxonomy":"post_tag","embeddable":true,"href":"https:\/\/diariolanoticia.com.mx\/index.php?rest_route=%2Fwp%2Fv2%2Ftags&post=125870"}],"curies":[{"name":"wp","href":"https:\/\/api.w.org\/{rel}","templated":true}]}}