{"id":125885,"date":"2024-08-23T21:14:59","date_gmt":"2024-08-24T03:14:59","guid":{"rendered":"https:\/\/diariolanoticia.com.mx\/?p=125885"},"modified":"2024-08-26T21:15:15","modified_gmt":"2024-08-27T03:15:15","slug":"125885","status":"publish","type":"post","link":"https:\/\/diariolanoticia.com.mx\/?p=125885","title":{"rendered":""},"content":{"rendered":"\n<p>En otra comunidad, el Alcalde Ram\u00edrez Galicia, entreg\u00f3 en la calle Sin Nombre, entre la calle Rep\u00fablica de Colombia y calle Prados, los trabajos de construcci\u00f3n de 861 m2 de pavimento con adoqu\u00edn, lo que ayudar\u00e1 a habitantes y visitantes a tener mejor movilidad, as\u00ed como, al buen flujo de transporte p\u00fablico.<\/p>\n\n\n\n<h1 class=\"wp-block-heading\">Trabajemos_juntos por el desarrollo de Tetla de la Solidaridad<\/h1>\n\n\n\n<figure class=\"wp-block-image size-large\"><img loading=\"lazy\" decoding=\"async\" width=\"1024\" height=\"575\" src=\"https:\/\/diariolanoticia.com.mx\/wp-content\/uploads\/2024\/08\/WhatsApp-Image-2024-08-26-at-8.51.57-PM-1024x575.jpeg\" alt=\"\" class=\"wp-image-125886\" srcset=\"https:\/\/diariolanoticia.com.mx\/wp-content\/uploads\/2024\/08\/WhatsApp-Image-2024-08-26-at-8.51.57-PM-1024x575.jpeg 1024w, https:\/\/diariolanoticia.com.mx\/wp-content\/uploads\/2024\/08\/WhatsApp-Image-2024-08-26-at-8.51.57-PM-300x168.jpeg 300w, https:\/\/diariolanoticia.com.mx\/wp-content\/uploads\/2024\/08\/WhatsApp-Image-2024-08-26-at-8.51.57-PM-768x431.jpeg 768w, https:\/\/diariolanoticia.com.mx\/wp-content\/uploads\/2024\/08\/WhatsApp-Image-2024-08-26-at-8.51.57-PM.jpeg 1080w\" sizes=\"auto, (max-width: 1024px) 100vw, 1024px\" \/><\/figure>\n","protected":false},"excerpt":{"rendered":"<p>En otra comunidad, el Alcalde Ram\u00edrez Galicia, entreg\u00f3 en la calle Sin Nombre, entre la calle Rep\u00fablica de Colombia y calle Prados, los trabajos de construcci\u00f3n de 861 m2 de pavimento con adoqu\u00edn, lo que ayudar\u00e1 a habitantes y visitantes a tener mejor movilidad, as\u00ed como, al buen flujo de transporte p\u00fablico. Trabajemos_juntos por el [&hellip;]<\/p>\n","protected":false},"author":1,"featured_media":0,"comment_status":"open","ping_status":"open","sticky":false,"template":"","format":"standard","meta":{"footnotes":""},"categories":[37],"tags":[],"class_list":["post-125885","post","type-post","status-publish","format-standard","hentry","category-tetla"],"blog_post_layout_featured_media_urls":{"thumbnail":"","full":""},"categories_names":{"37":{"name":"Tetla","link":"https:\/\/diariolanoticia.com.mx\/?cat=37"}},"tags_names":[],"comments_number":"0","wpmagazine_modules_lite_featured_media_urls":{"thumbnail":"","cvmm-medium":"","cvmm-medium-plus":"","cvmm-portrait":"","cvmm-medium-square":"","cvmm-large":"","cvmm-small":"","full":""},"_links":{"self":[{"href":"https:\/\/diariolanoticia.com.mx\/index.php?rest_route=\/wp\/v2\/posts\/125885","targetHints":{"allow":["GET"]}}],"collection":[{"href":"https:\/\/diariolanoticia.com.mx\/index.php?rest_route=\/wp\/v2\/posts"}],"about":[{"href":"https:\/\/diariolanoticia.com.mx\/index.php?rest_route=\/wp\/v2\/types\/post"}],"author":[{"embeddable":true,"href":"https:\/\/diariolanoticia.com.mx\/index.php?rest_route=\/wp\/v2\/users\/1"}],"replies":[{"embeddable":true,"href":"https:\/\/diariolanoticia.com.mx\/index.php?rest_route=%2Fwp%2Fv2%2Fcomments&post=125885"}],"version-history":[{"count":1,"href":"https:\/\/diariolanoticia.com.mx\/index.php?rest_route=\/wp\/v2\/posts\/125885\/revisions"}],"predecessor-version":[{"id":125887,"href":"https:\/\/diariolanoticia.com.mx\/index.php?rest_route=\/wp\/v2\/posts\/125885\/revisions\/125887"}],"wp:attachment":[{"href":"https:\/\/diariolanoticia.com.mx\/index.php?rest_route=%2Fwp%2Fv2%2Fmedia&parent=125885"}],"wp:term":[{"taxonomy":"category","embeddable":true,"href":"https:\/\/diariolanoticia.com.mx\/index.php?rest_route=%2Fwp%2Fv2%2Fcategories&post=125885"},{"taxonomy":"post_tag","embeddable":true,"href":"https:\/\/diariolanoticia.com.mx\/index.php?rest_route=%2Fwp%2Fv2%2Ftags&post=125885"}],"curies":[{"name":"wp","href":"https:\/\/api.w.org\/{rel}","templated":true}]}}