{"id":125892,"date":"2024-08-26T21:17:50","date_gmt":"2024-08-27T03:17:50","guid":{"rendered":"https:\/\/diariolanoticia.com.mx\/?p=125892"},"modified":"2024-08-26T21:17:51","modified_gmt":"2024-08-27T03:17:51","slug":"125892","status":"publish","type":"post","link":"https:\/\/diariolanoticia.com.mx\/?p=125892","title":{"rendered":""},"content":{"rendered":"\n<p>En la Segunda Secci\u00f3n Teotlalpan, el Presidente Municipal, entreg\u00f3 a vecinos de la calle 9 de Julio, entre la calle Calvario y Vereda, la construcci\u00f3n de 327.2 m2 de pavimento con adoqu\u00edn y 179 m de guarniciones.<\/p>\n\n\n\n<p>En este lugar, agradecieron los presentes al Edil estas acciones, ya que ayudar\u00e1n a mejorar su calidad de vida y movilidad.<\/p>\n\n\n\n<h1 class=\"wp-block-heading\">Trabajemos_Juntos por el desarrollo de las comunidades de Tetla de la Solidaridad<\/h1>\n\n\n\n<figure class=\"wp-block-image size-large\"><img loading=\"lazy\" decoding=\"async\" width=\"1024\" height=\"575\" src=\"https:\/\/diariolanoticia.com.mx\/wp-content\/uploads\/2024\/08\/WhatsApp-Image-2024-08-26-at-8.56.35-PM-1024x575.jpeg\" alt=\"\" class=\"wp-image-125893\" srcset=\"https:\/\/diariolanoticia.com.mx\/wp-content\/uploads\/2024\/08\/WhatsApp-Image-2024-08-26-at-8.56.35-PM-1024x575.jpeg 1024w, https:\/\/diariolanoticia.com.mx\/wp-content\/uploads\/2024\/08\/WhatsApp-Image-2024-08-26-at-8.56.35-PM-300x168.jpeg 300w, https:\/\/diariolanoticia.com.mx\/wp-content\/uploads\/2024\/08\/WhatsApp-Image-2024-08-26-at-8.56.35-PM-768x431.jpeg 768w, https:\/\/diariolanoticia.com.mx\/wp-content\/uploads\/2024\/08\/WhatsApp-Image-2024-08-26-at-8.56.35-PM.jpeg 1080w\" sizes=\"auto, (max-width: 1024px) 100vw, 1024px\" \/><\/figure>\n","protected":false},"excerpt":{"rendered":"<p>En la Segunda Secci\u00f3n Teotlalpan, el Presidente Municipal, entreg\u00f3 a vecinos de la calle 9 de Julio, entre la calle Calvario y Vereda, la construcci\u00f3n de 327.2 m2 de pavimento con adoqu\u00edn y 179 m de guarniciones. En este lugar, agradecieron los presentes al Edil estas acciones, ya que ayudar\u00e1n a mejorar su calidad de [&hellip;]<\/p>\n","protected":false},"author":1,"featured_media":0,"comment_status":"open","ping_status":"open","sticky":false,"template":"","format":"standard","meta":{"footnotes":""},"categories":[37],"tags":[],"class_list":["post-125892","post","type-post","status-publish","format-standard","hentry","category-tetla"],"blog_post_layout_featured_media_urls":{"thumbnail":"","full":""},"categories_names":{"37":{"name":"Tetla","link":"https:\/\/diariolanoticia.com.mx\/?cat=37"}},"tags_names":[],"comments_number":"0","wpmagazine_modules_lite_featured_media_urls":{"thumbnail":"","cvmm-medium":"","cvmm-medium-plus":"","cvmm-portrait":"","cvmm-medium-square":"","cvmm-large":"","cvmm-small":"","full":""},"_links":{"self":[{"href":"https:\/\/diariolanoticia.com.mx\/index.php?rest_route=\/wp\/v2\/posts\/125892","targetHints":{"allow":["GET"]}}],"collection":[{"href":"https:\/\/diariolanoticia.com.mx\/index.php?rest_route=\/wp\/v2\/posts"}],"about":[{"href":"https:\/\/diariolanoticia.com.mx\/index.php?rest_route=\/wp\/v2\/types\/post"}],"author":[{"embeddable":true,"href":"https:\/\/diariolanoticia.com.mx\/index.php?rest_route=\/wp\/v2\/users\/1"}],"replies":[{"embeddable":true,"href":"https:\/\/diariolanoticia.com.mx\/index.php?rest_route=%2Fwp%2Fv2%2Fcomments&post=125892"}],"version-history":[{"count":1,"href":"https:\/\/diariolanoticia.com.mx\/index.php?rest_route=\/wp\/v2\/posts\/125892\/revisions"}],"predecessor-version":[{"id":125894,"href":"https:\/\/diariolanoticia.com.mx\/index.php?rest_route=\/wp\/v2\/posts\/125892\/revisions\/125894"}],"wp:attachment":[{"href":"https:\/\/diariolanoticia.com.mx\/index.php?rest_route=%2Fwp%2Fv2%2Fmedia&parent=125892"}],"wp:term":[{"taxonomy":"category","embeddable":true,"href":"https:\/\/diariolanoticia.com.mx\/index.php?rest_route=%2Fwp%2Fv2%2Fcategories&post=125892"},{"taxonomy":"post_tag","embeddable":true,"href":"https:\/\/diariolanoticia.com.mx\/index.php?rest_route=%2Fwp%2Fv2%2Ftags&post=125892"}],"curies":[{"name":"wp","href":"https:\/\/api.w.org\/{rel}","templated":true}]}}