{"id":125895,"date":"2024-08-26T21:18:29","date_gmt":"2024-08-27T03:18:29","guid":{"rendered":"https:\/\/diariolanoticia.com.mx\/?p=125895"},"modified":"2024-08-26T21:18:32","modified_gmt":"2024-08-27T03:18:32","slug":"125895","status":"publish","type":"post","link":"https:\/\/diariolanoticia.com.mx\/?p=125895","title":{"rendered":""},"content":{"rendered":"\n<p>Con m\u00e1s de 270 obras de impacto distribuidas en las 12 comunidades de Tetla de la Solidaridad, concluyo mi administraci\u00f3n: Andr\u00e9s Ram\u00edrez Galicia<\/p>\n\n\n\n<p>El Presidente Municipal de Tetla de la Solidaridad, Andr\u00e9s Ram\u00edrez Galicia, en una gira de entrega de obras en esta demarcaci\u00f3n, sostuvo que, gracias a la buena administraci\u00f3n de su gobierno se lograron entregar durante los tres a\u00f1os, m\u00e1s de 270 obras de impacto en beneficio de todas las y los tetlenses.<\/p>\n\n\n\n<p>En esta ocasi\u00f3n, el Alcalde entreg\u00f3 la construcci\u00f3n 694.39 m2 de pavimento con adoqu\u00edn en la calle Sin Nombre rumbo al ojito, entre calle Centenario y calle Sin Nombre, ubicada en la Primera Secci\u00f3n Actipac.<\/p>\n\n\n\n<figure class=\"wp-block-image size-large\"><img loading=\"lazy\" decoding=\"async\" width=\"1024\" height=\"575\" src=\"https:\/\/diariolanoticia.com.mx\/wp-content\/uploads\/2024\/08\/WhatsApp-Image-2024-08-26-at-8.57.05-PM-1024x575.jpeg\" alt=\"\" class=\"wp-image-125896\" srcset=\"https:\/\/diariolanoticia.com.mx\/wp-content\/uploads\/2024\/08\/WhatsApp-Image-2024-08-26-at-8.57.05-PM-1024x575.jpeg 1024w, https:\/\/diariolanoticia.com.mx\/wp-content\/uploads\/2024\/08\/WhatsApp-Image-2024-08-26-at-8.57.05-PM-300x168.jpeg 300w, https:\/\/diariolanoticia.com.mx\/wp-content\/uploads\/2024\/08\/WhatsApp-Image-2024-08-26-at-8.57.05-PM-768x431.jpeg 768w, https:\/\/diariolanoticia.com.mx\/wp-content\/uploads\/2024\/08\/WhatsApp-Image-2024-08-26-at-8.57.05-PM.jpeg 1080w\" sizes=\"auto, (max-width: 1024px) 100vw, 1024px\" \/><\/figure>\n","protected":false},"excerpt":{"rendered":"<p>Con m\u00e1s de 270 obras de impacto distribuidas en las 12 comunidades de Tetla de la Solidaridad, concluyo mi administraci\u00f3n: Andr\u00e9s Ram\u00edrez Galicia El Presidente Municipal de Tetla de la Solidaridad, Andr\u00e9s Ram\u00edrez Galicia, en una gira de entrega de obras en esta demarcaci\u00f3n, sostuvo que, gracias a la buena administraci\u00f3n de su gobierno se [&hellip;]<\/p>\n","protected":false},"author":1,"featured_media":0,"comment_status":"open","ping_status":"open","sticky":false,"template":"","format":"standard","meta":{"footnotes":""},"categories":[37],"tags":[],"class_list":["post-125895","post","type-post","status-publish","format-standard","hentry","category-tetla"],"blog_post_layout_featured_media_urls":{"thumbnail":"","full":""},"categories_names":{"37":{"name":"Tetla","link":"https:\/\/diariolanoticia.com.mx\/?cat=37"}},"tags_names":[],"comments_number":"0","wpmagazine_modules_lite_featured_media_urls":{"thumbnail":"","cvmm-medium":"","cvmm-medium-plus":"","cvmm-portrait":"","cvmm-medium-square":"","cvmm-large":"","cvmm-small":"","full":""},"_links":{"self":[{"href":"https:\/\/diariolanoticia.com.mx\/index.php?rest_route=\/wp\/v2\/posts\/125895","targetHints":{"allow":["GET"]}}],"collection":[{"href":"https:\/\/diariolanoticia.com.mx\/index.php?rest_route=\/wp\/v2\/posts"}],"about":[{"href":"https:\/\/diariolanoticia.com.mx\/index.php?rest_route=\/wp\/v2\/types\/post"}],"author":[{"embeddable":true,"href":"https:\/\/diariolanoticia.com.mx\/index.php?rest_route=\/wp\/v2\/users\/1"}],"replies":[{"embeddable":true,"href":"https:\/\/diariolanoticia.com.mx\/index.php?rest_route=%2Fwp%2Fv2%2Fcomments&post=125895"}],"version-history":[{"count":1,"href":"https:\/\/diariolanoticia.com.mx\/index.php?rest_route=\/wp\/v2\/posts\/125895\/revisions"}],"predecessor-version":[{"id":125897,"href":"https:\/\/diariolanoticia.com.mx\/index.php?rest_route=\/wp\/v2\/posts\/125895\/revisions\/125897"}],"wp:attachment":[{"href":"https:\/\/diariolanoticia.com.mx\/index.php?rest_route=%2Fwp%2Fv2%2Fmedia&parent=125895"}],"wp:term":[{"taxonomy":"category","embeddable":true,"href":"https:\/\/diariolanoticia.com.mx\/index.php?rest_route=%2Fwp%2Fv2%2Fcategories&post=125895"},{"taxonomy":"post_tag","embeddable":true,"href":"https:\/\/diariolanoticia.com.mx\/index.php?rest_route=%2Fwp%2Fv2%2Ftags&post=125895"}],"curies":[{"name":"wp","href":"https:\/\/api.w.org\/{rel}","templated":true}]}}