{"id":125928,"date":"2024-08-28T13:50:54","date_gmt":"2024-08-28T19:50:54","guid":{"rendered":"https:\/\/diariolanoticia.com.mx\/?p=125928"},"modified":"2024-08-28T13:50:54","modified_gmt":"2024-08-28T19:50:54","slug":"destina-gobierno-de-puebla-6-mmdp-para-dignificar-infraestructura-educativa","status":"publish","type":"post","link":"https:\/\/diariolanoticia.com.mx\/?p=125928","title":{"rendered":"Destina Gobierno de Puebla 6 MMDP para dignificar infraestructura educativa"},"content":{"rendered":"\n<p>&#8211; El mandatario presidi\u00f3 la inauguraci\u00f3n de las rehabilitaciones de la cancha de futbol, pista de tart\u00e1n y gradas en el Centro Escolar \u201cJos\u00e9 Mar\u00eda Morelos y Pav\u00f3n\u201d<\/p>\n\n\n\n<p>CIUDAD DE PUEBLA, Pue. \u2013 Como parte de las estrategias para garantizar igualdad y las mismas oportunidades para todas y todos, el gobierno de Puebla, de 2023 a la fecha, ha destinado m\u00e1s de 6 mil 600 millones de pesos para dignificar la infraestructura educativa en toda la entidad.<\/p>\n\n\n\n<p>As\u00ed lo recalc\u00f3 el gobernador Sergio Salom\u00f3n al presidir la inauguraci\u00f3n de las rehabilitaciones de la cancha de futbol, pista de tart\u00e1n y gradas en el Centro Escolar \u201cJos\u00e9 Mar\u00eda Morelos y Pav\u00f3n\u201d, en donde agreg\u00f3 que, la meta de su administraci\u00f3n, es que las ni\u00f1as, ni\u00f1os y j\u00f3venes tengan un desarrollo acad\u00e9mico pleno para que alcancen sus objetivos.<\/p>\n\n\n\n<p>Indic\u00f3 que una escuela digna con espacios en \u00f3ptimas condiciones contribuye en la construcci\u00f3n de comunidad y refuerza la autoestima y motivaci\u00f3n. Por ello, dicho presupuesto ha sido invertido para la colocaci\u00f3n de 250 techados, instalaciones deportivas y mejoramiento de los centros escolares.<\/p>\n\n\n\n<p>Sergio Salom\u00f3n puntualiz\u00f3 que, hasta el \u00faltimo d\u00eda de su gobierno, continuar\u00e1 con acciones para que Puebla progrese y sea un ejemplo nacional e internacional en diversos rubros.<\/p>\n\n\n\n<p>Finalmente, Mario Alberto Cruz Gonz\u00e1lez, director general del Comit\u00e9 Administrador Poblano para la Construcci\u00f3n de Espacios Educativos (CAPCEE), inform\u00f3 que dicha entrega favorece a 2 mil estudiantes. Adem\u00e1s, coment\u00f3 que el gobierno estatal construye dos techados en este centro escolar, para primaria y secundaria, donde se invertir\u00e1n 7 millones de pesos adicionales.<\/p>\n","protected":false},"excerpt":{"rendered":"<p>&#8211; El mandatario presidi\u00f3 la inauguraci\u00f3n de las rehabilitaciones de la cancha de futbol, pista de tart\u00e1n y gradas en el Centro Escolar \u201cJos\u00e9 Mar\u00eda Morelos y Pav\u00f3n\u201d CIUDAD DE PUEBLA, Pue. \u2013 Como parte de las estrategias para garantizar igualdad y las mismas oportunidades para todas y todos, el gobierno de Puebla, de 2023 [&hellip;]<\/p>\n","protected":false},"author":1,"featured_media":125927,"comment_status":"closed","ping_status":"open","sticky":false,"template":"","format":"standard","meta":{"footnotes":""},"categories":[20],"tags":[],"class_list":["post-125928","post","type-post","status-publish","format-standard","has-post-thumbnail","hentry","category-norte-de-puebla"],"blog_post_layout_featured_media_urls":{"thumbnail":["https:\/\/diariolanoticia.com.mx\/wp-content\/uploads\/2024\/08\/img_3406-1-216x160.jpg",216,160,true],"full":["https:\/\/diariolanoticia.com.mx\/wp-content\/uploads\/2024\/08\/img_3406-1.jpg",1290,629,false]},"categories_names":{"20":{"name":"Norte de Puebla","link":"https:\/\/diariolanoticia.com.mx\/?cat=20"}},"tags_names":[],"comments_number":"0","wpmagazine_modules_lite_featured_media_urls":{"thumbnail":["https:\/\/diariolanoticia.com.mx\/wp-content\/uploads\/2024\/08\/img_3406-1-216x160.jpg",216,160,true],"cvmm-medium":["https:\/\/diariolanoticia.com.mx\/wp-content\/uploads\/2024\/08\/img_3406-1-300x300.jpg",300,300,true],"cvmm-medium-plus":["https:\/\/diariolanoticia.com.mx\/wp-content\/uploads\/2024\/08\/img_3406-1-305x207.jpg",305,207,true],"cvmm-portrait":["https:\/\/diariolanoticia.com.mx\/wp-content\/uploads\/2024\/08\/img_3406-1-400x600.jpg",400,600,true],"cvmm-medium-square":["https:\/\/diariolanoticia.com.mx\/wp-content\/uploads\/2024\/08\/img_3406-1-600x600.jpg",600,600,true],"cvmm-large":["https:\/\/diariolanoticia.com.mx\/wp-content\/uploads\/2024\/08\/img_3406-1-1024x629.jpg",1024,629,true],"cvmm-small":["https:\/\/diariolanoticia.com.mx\/wp-content\/uploads\/2024\/08\/img_3406-1-130x95.jpg",130,95,true],"full":["https:\/\/diariolanoticia.com.mx\/wp-content\/uploads\/2024\/08\/img_3406-1.jpg",1290,629,false]},"_links":{"self":[{"href":"https:\/\/diariolanoticia.com.mx\/index.php?rest_route=\/wp\/v2\/posts\/125928","targetHints":{"allow":["GET"]}}],"collection":[{"href":"https:\/\/diariolanoticia.com.mx\/index.php?rest_route=\/wp\/v2\/posts"}],"about":[{"href":"https:\/\/diariolanoticia.com.mx\/index.php?rest_route=\/wp\/v2\/types\/post"}],"author":[{"embeddable":true,"href":"https:\/\/diariolanoticia.com.mx\/index.php?rest_route=\/wp\/v2\/users\/1"}],"replies":[{"embeddable":true,"href":"https:\/\/diariolanoticia.com.mx\/index.php?rest_route=%2Fwp%2Fv2%2Fcomments&post=125928"}],"version-history":[{"count":1,"href":"https:\/\/diariolanoticia.com.mx\/index.php?rest_route=\/wp\/v2\/posts\/125928\/revisions"}],"predecessor-version":[{"id":125929,"href":"https:\/\/diariolanoticia.com.mx\/index.php?rest_route=\/wp\/v2\/posts\/125928\/revisions\/125929"}],"wp:featuredmedia":[{"embeddable":true,"href":"https:\/\/diariolanoticia.com.mx\/index.php?rest_route=\/wp\/v2\/media\/125927"}],"wp:attachment":[{"href":"https:\/\/diariolanoticia.com.mx\/index.php?rest_route=%2Fwp%2Fv2%2Fmedia&parent=125928"}],"wp:term":[{"taxonomy":"category","embeddable":true,"href":"https:\/\/diariolanoticia.com.mx\/index.php?rest_route=%2Fwp%2Fv2%2Fcategories&post=125928"},{"taxonomy":"post_tag","embeddable":true,"href":"https:\/\/diariolanoticia.com.mx\/index.php?rest_route=%2Fwp%2Fv2%2Ftags&post=125928"}],"curies":[{"name":"wp","href":"https:\/\/api.w.org\/{rel}","templated":true}]}}