{"id":126073,"date":"2024-09-02T21:34:22","date_gmt":"2024-09-03T03:34:22","guid":{"rendered":"https:\/\/diariolanoticia.com.mx\/?p=126073"},"modified":"2024-09-06T21:34:45","modified_gmt":"2024-09-07T03:34:45","slug":"egresan-nuevos-politologos-de-la-uatx","status":"publish","type":"post","link":"https:\/\/diariolanoticia.com.mx\/?p=126073","title":{"rendered":"Egresan nuevos polit\u00f3logos de la UATx"},"content":{"rendered":"\n<p>\u00d8&nbsp;De las terminales en An\u00e1lisis Pol\u00edtico y Gesti\u00f3n P\u00fablica<\/p>\n\n\n\n<p>La Autorrealizaci\u00f3n debe verse en dos sentidos, tales como la consecuci\u00f3n de metas y la transformaci\u00f3n de la sociedad que busca dar soluci\u00f3n &nbsp;a trav\u00e9s de la ciencia a las diversas problem\u00e1ticas del estado y el pa\u00eds, afirm\u00f3 el Doctor Seraf\u00edn Ortiz Ortiz, Rector de la Universidad Aut\u00f3noma de Tlaxcala (UATx), al presidir la ceremonia de graduaci\u00f3n de 22 estudiantes de la Licenciatura en Ciencias Pol\u00edticas y Administraci\u00f3n P\u00fablica de las terminales en An\u00e1lisis Pol\u00edtico y Gesti\u00f3n P\u00fablica, generaci\u00f3n 2020-2024.<\/p>\n\n\n\n<p>En esta ceremonia, realizada en el Auditorio Interactivo \u00abManuel de Lardiz\u00e1bal y Uribe\u00bb de la Facultad de Derecho Ciencias Pol\u00edticas y Criminolog\u00eda, el Doctor Ortiz refiri\u00f3 que en estas cuatro d\u00e9cadas han egresados m\u00e1s de mil 200 educandos y ha sido la base para consolidar los posgrados que focalizan el estudio de los escenarios de los gobiernos estatal y federal.<\/p>\n\n\n\n<p>Por su parte, el Maestro Dante Morales Cruz, Director de la Facultad de Derecho, Ciencias Pol\u00edticas y Criminolog\u00eda, precis\u00f3 que la formaci\u00f3n que han recibido les permite propiciar las condiciones de soluci\u00f3n a los diferentes fen\u00f3menos sociales que se presentan en la actualidad, por ello, la UATx es reconocida por su excelencia educativa.<\/p>\n\n\n\n<p>En tanto, el Maestro H\u00e9ctor Stevenson Carrasco, Coordinador de la Licenciatura en Ciencias Pol\u00edticas y Administraci\u00f3n P\u00fablica, consider\u00f3 que para los especialistas en esta rama del saber cada d\u00eda es necesario dise\u00f1ar propuestas de an\u00e1lisis y teor\u00edas que se traduzcan en acciones de intervenci\u00f3n con el fin de generar cambios sociales.<\/p>\n\n\n\n<p>En su oportunidad, el estudiante Abraham Manilla Mej\u00eda, quien fue galardonado por haber obtenido el mejor promedio de su generaci\u00f3n, reconoci\u00f3 el trabajo que realiza la presente administraci\u00f3n universitaria en favor de la comunidad estudiantil, para garantizar su permanencia y conclusi\u00f3n de su preparaci\u00f3n profesional.<\/p>\n","protected":false},"excerpt":{"rendered":"<p>\u00d8&nbsp;De las terminales en An\u00e1lisis Pol\u00edtico y Gesti\u00f3n P\u00fablica La Autorrealizaci\u00f3n debe verse en dos sentidos, tales como la consecuci\u00f3n de metas y la transformaci\u00f3n de la sociedad que busca dar soluci\u00f3n &nbsp;a trav\u00e9s de la ciencia a las diversas problem\u00e1ticas del estado y el pa\u00eds, afirm\u00f3 el Doctor Seraf\u00edn Ortiz Ortiz, Rector de la [&hellip;]<\/p>\n","protected":false},"author":1,"featured_media":126074,"comment_status":"open","ping_status":"open","sticky":false,"template":"","format":"standard","meta":{"footnotes":""},"categories":[10],"tags":[],"class_list":["post-126073","post","type-post","status-publish","format-standard","has-post-thumbnail","hentry","category-educacion"],"blog_post_layout_featured_media_urls":{"thumbnail":["https:\/\/diariolanoticia.com.mx\/wp-content\/uploads\/2024\/09\/2-Egresan-nuevos-politologos-de-la-UATx-C-216x160.jpg",216,160,true],"full":["https:\/\/diariolanoticia.com.mx\/wp-content\/uploads\/2024\/09\/2-Egresan-nuevos-politologos-de-la-UATx-C.jpg",1600,1066,false]},"categories_names":{"10":{"name":"Educaci\u00f3n","link":"https:\/\/diariolanoticia.com.mx\/?cat=10"}},"tags_names":[],"comments_number":"0","wpmagazine_modules_lite_featured_media_urls":{"thumbnail":["https:\/\/diariolanoticia.com.mx\/wp-content\/uploads\/2024\/09\/2-Egresan-nuevos-politologos-de-la-UATx-C-216x160.jpg",216,160,true],"cvmm-medium":["https:\/\/diariolanoticia.com.mx\/wp-content\/uploads\/2024\/09\/2-Egresan-nuevos-politologos-de-la-UATx-C-300x300.jpg",300,300,true],"cvmm-medium-plus":["https:\/\/diariolanoticia.com.mx\/wp-content\/uploads\/2024\/09\/2-Egresan-nuevos-politologos-de-la-UATx-C-305x207.jpg",305,207,true],"cvmm-portrait":["https:\/\/diariolanoticia.com.mx\/wp-content\/uploads\/2024\/09\/2-Egresan-nuevos-politologos-de-la-UATx-C-400x600.jpg",400,600,true],"cvmm-medium-square":["https:\/\/diariolanoticia.com.mx\/wp-content\/uploads\/2024\/09\/2-Egresan-nuevos-politologos-de-la-UATx-C-600x600.jpg",600,600,true],"cvmm-large":["https:\/\/diariolanoticia.com.mx\/wp-content\/uploads\/2024\/09\/2-Egresan-nuevos-politologos-de-la-UATx-C-1024x1024.jpg",1024,1024,true],"cvmm-small":["https:\/\/diariolanoticia.com.mx\/wp-content\/uploads\/2024\/09\/2-Egresan-nuevos-politologos-de-la-UATx-C-130x95.jpg",130,95,true],"full":["https:\/\/diariolanoticia.com.mx\/wp-content\/uploads\/2024\/09\/2-Egresan-nuevos-politologos-de-la-UATx-C.jpg",1600,1066,false]},"_links":{"self":[{"href":"https:\/\/diariolanoticia.com.mx\/index.php?rest_route=\/wp\/v2\/posts\/126073","targetHints":{"allow":["GET"]}}],"collection":[{"href":"https:\/\/diariolanoticia.com.mx\/index.php?rest_route=\/wp\/v2\/posts"}],"about":[{"href":"https:\/\/diariolanoticia.com.mx\/index.php?rest_route=\/wp\/v2\/types\/post"}],"author":[{"embeddable":true,"href":"https:\/\/diariolanoticia.com.mx\/index.php?rest_route=\/wp\/v2\/users\/1"}],"replies":[{"embeddable":true,"href":"https:\/\/diariolanoticia.com.mx\/index.php?rest_route=%2Fwp%2Fv2%2Fcomments&post=126073"}],"version-history":[{"count":1,"href":"https:\/\/diariolanoticia.com.mx\/index.php?rest_route=\/wp\/v2\/posts\/126073\/revisions"}],"predecessor-version":[{"id":126075,"href":"https:\/\/diariolanoticia.com.mx\/index.php?rest_route=\/wp\/v2\/posts\/126073\/revisions\/126075"}],"wp:featuredmedia":[{"embeddable":true,"href":"https:\/\/diariolanoticia.com.mx\/index.php?rest_route=\/wp\/v2\/media\/126074"}],"wp:attachment":[{"href":"https:\/\/diariolanoticia.com.mx\/index.php?rest_route=%2Fwp%2Fv2%2Fmedia&parent=126073"}],"wp:term":[{"taxonomy":"category","embeddable":true,"href":"https:\/\/diariolanoticia.com.mx\/index.php?rest_route=%2Fwp%2Fv2%2Fcategories&post=126073"},{"taxonomy":"post_tag","embeddable":true,"href":"https:\/\/diariolanoticia.com.mx\/index.php?rest_route=%2Fwp%2Fv2%2Ftags&post=126073"}],"curies":[{"name":"wp","href":"https:\/\/api.w.org\/{rel}","templated":true}]}}