{"id":126082,"date":"2024-09-04T21:41:36","date_gmt":"2024-09-05T03:41:36","guid":{"rendered":"https:\/\/diariolanoticia.com.mx\/?p=126082"},"modified":"2024-09-06T21:41:57","modified_gmt":"2024-09-07T03:41:57","slug":"nombra-rector-de-la-uatx-a-nueva-directora-de-comunicacion-social","status":"publish","type":"post","link":"https:\/\/diariolanoticia.com.mx\/?p=126082","title":{"rendered":"Nombra Rector de la UATx a nueva Directora de Comunicaci\u00f3n Social"},"content":{"rendered":"\n<p>Para seguir afianzando la difusi\u00f3n de las actividades sustantivas de docencia, investigaci\u00f3n, extensi\u00f3n de la cultura y autorrealizaci\u00f3n de la Universidad Aut\u00f3noma de Tlaxcala (UATx) entre la comunidad universitaria y la sociedad en general, el Doctor Seraf\u00edn Ortiz Ortiz, Rector de esta m\u00e1xima Casa de Estudios, nombr\u00f3 a la Maestra Laura Garc\u00eda Espinoza como Directora de Comunicaci\u00f3n Social.<\/p>\n\n\n\n<p>La encomienda asignada por parte del Doctor Seraf\u00edn Ortiz a la nueva titular de Comunicaci\u00f3n Social de la Aut\u00f3noma de Tlaxcala es intensificar esta labor de difusi\u00f3n para que la sociedad est\u00e9 informada de forma oportuna a trav\u00e9s de diversos medios y plataformas del amplio quehacer que despliega la Universidad.<\/p>\n\n\n\n<p>De esta forma, con base en los lineamientos del Plan Institucional de Mejoramiento Acelerado (PIMA), la Direcci\u00f3n de Comunicaci\u00f3n Social de la UATx contribuye a \u00abfomentar el acceso social al conocimiento universal\u00bb y tambi\u00e9n a \u00abposicionar a la Universidad como interlocutor destacado en el di\u00e1logo de saberes y conocimiento a partir de la extensi\u00f3n y difusi\u00f3n de los productos de la docencia e investigaci\u00f3n universitaria\u00bb.<\/p>\n\n\n\n<p>En su trayectoria en la UATx, la Maestra Laura Garc\u00eda se ha desempe\u00f1ado como Directora de Comunicaci\u00f3n Social, Directora de Relaciones P\u00fablicas y Protocolo, Directora del Centro Cultural Universitario, Jefa de la Unidad de Comunicaci\u00f3n Digital, Maestra de tiempo completo en la Facultad de Ciencias de la Educaci\u00f3n y tambi\u00e9n fue conductora del programa Denuncia Ciudadana en Radio Universidad a lo largo de casi ocho a\u00f1os.&nbsp; Adem\u00e1s de su amplia experiencia laboral en medios de comunicaci\u00f3n.<\/p>\n","protected":false},"excerpt":{"rendered":"<p>Para seguir afianzando la difusi\u00f3n de las actividades sustantivas de docencia, investigaci\u00f3n, extensi\u00f3n de la cultura y autorrealizaci\u00f3n de la Universidad Aut\u00f3noma de Tlaxcala (UATx) entre la comunidad universitaria y la sociedad en general, el Doctor Seraf\u00edn Ortiz Ortiz, Rector de esta m\u00e1xima Casa de Estudios, nombr\u00f3 a la Maestra Laura Garc\u00eda Espinoza como Directora [&hellip;]<\/p>\n","protected":false},"author":1,"featured_media":126083,"comment_status":"open","ping_status":"open","sticky":false,"template":"","format":"standard","meta":{"footnotes":""},"categories":[10],"tags":[],"class_list":["post-126082","post","type-post","status-publish","format-standard","has-post-thumbnail","hentry","category-educacion"],"blog_post_layout_featured_media_urls":{"thumbnail":["https:\/\/diariolanoticia.com.mx\/wp-content\/uploads\/2024\/09\/04-Nombra-Rector-de-la-UATx-a-nueva-Directora-de-Comunicacion-Social-216x160.jpeg",216,160,true],"full":["https:\/\/diariolanoticia.com.mx\/wp-content\/uploads\/2024\/09\/04-Nombra-Rector-de-la-UATx-a-nueva-Directora-de-Comunicacion-Social.jpeg",949,1012,false]},"categories_names":{"10":{"name":"Educaci\u00f3n","link":"https:\/\/diariolanoticia.com.mx\/?cat=10"}},"tags_names":[],"comments_number":"0","wpmagazine_modules_lite_featured_media_urls":{"thumbnail":["https:\/\/diariolanoticia.com.mx\/wp-content\/uploads\/2024\/09\/04-Nombra-Rector-de-la-UATx-a-nueva-Directora-de-Comunicacion-Social-216x160.jpeg",216,160,true],"cvmm-medium":["https:\/\/diariolanoticia.com.mx\/wp-content\/uploads\/2024\/09\/04-Nombra-Rector-de-la-UATx-a-nueva-Directora-de-Comunicacion-Social-300x300.jpeg",300,300,true],"cvmm-medium-plus":["https:\/\/diariolanoticia.com.mx\/wp-content\/uploads\/2024\/09\/04-Nombra-Rector-de-la-UATx-a-nueva-Directora-de-Comunicacion-Social-305x207.jpeg",305,207,true],"cvmm-portrait":["https:\/\/diariolanoticia.com.mx\/wp-content\/uploads\/2024\/09\/04-Nombra-Rector-de-la-UATx-a-nueva-Directora-de-Comunicacion-Social-400x600.jpeg",400,600,true],"cvmm-medium-square":["https:\/\/diariolanoticia.com.mx\/wp-content\/uploads\/2024\/09\/04-Nombra-Rector-de-la-UATx-a-nueva-Directora-de-Comunicacion-Social-600x600.jpeg",600,600,true],"cvmm-large":["https:\/\/diariolanoticia.com.mx\/wp-content\/uploads\/2024\/09\/04-Nombra-Rector-de-la-UATx-a-nueva-Directora-de-Comunicacion-Social.jpeg",949,1012,false],"cvmm-small":["https:\/\/diariolanoticia.com.mx\/wp-content\/uploads\/2024\/09\/04-Nombra-Rector-de-la-UATx-a-nueva-Directora-de-Comunicacion-Social-130x95.jpeg",130,95,true],"full":["https:\/\/diariolanoticia.com.mx\/wp-content\/uploads\/2024\/09\/04-Nombra-Rector-de-la-UATx-a-nueva-Directora-de-Comunicacion-Social.jpeg",949,1012,false]},"_links":{"self":[{"href":"https:\/\/diariolanoticia.com.mx\/index.php?rest_route=\/wp\/v2\/posts\/126082","targetHints":{"allow":["GET"]}}],"collection":[{"href":"https:\/\/diariolanoticia.com.mx\/index.php?rest_route=\/wp\/v2\/posts"}],"about":[{"href":"https:\/\/diariolanoticia.com.mx\/index.php?rest_route=\/wp\/v2\/types\/post"}],"author":[{"embeddable":true,"href":"https:\/\/diariolanoticia.com.mx\/index.php?rest_route=\/wp\/v2\/users\/1"}],"replies":[{"embeddable":true,"href":"https:\/\/diariolanoticia.com.mx\/index.php?rest_route=%2Fwp%2Fv2%2Fcomments&post=126082"}],"version-history":[{"count":1,"href":"https:\/\/diariolanoticia.com.mx\/index.php?rest_route=\/wp\/v2\/posts\/126082\/revisions"}],"predecessor-version":[{"id":126084,"href":"https:\/\/diariolanoticia.com.mx\/index.php?rest_route=\/wp\/v2\/posts\/126082\/revisions\/126084"}],"wp:featuredmedia":[{"embeddable":true,"href":"https:\/\/diariolanoticia.com.mx\/index.php?rest_route=\/wp\/v2\/media\/126083"}],"wp:attachment":[{"href":"https:\/\/diariolanoticia.com.mx\/index.php?rest_route=%2Fwp%2Fv2%2Fmedia&parent=126082"}],"wp:term":[{"taxonomy":"category","embeddable":true,"href":"https:\/\/diariolanoticia.com.mx\/index.php?rest_route=%2Fwp%2Fv2%2Fcategories&post=126082"},{"taxonomy":"post_tag","embeddable":true,"href":"https:\/\/diariolanoticia.com.mx\/index.php?rest_route=%2Fwp%2Fv2%2Ftags&post=126082"}],"curies":[{"name":"wp","href":"https:\/\/api.w.org\/{rel}","templated":true}]}}